{"id":652600,"date":"2026-08-28T18:40:56","date_gmt":"2026-08-28T18:40:56","guid":{"rendered":"https:\/\/www.europesays.com\/pl\/652600\/"},"modified":"2026-08-28T18:40:56","modified_gmt":"2026-08-28T18:40:56","slug":"bydgoszcz-weekend-na-koniec-wakacji-koncerty-spacery-i-atrakcje-dla-rodzin","status":"publish","type":"post","link":"https:\/\/www.europesays.com\/pl\/652600\/","title":{"rendered":"Bydgoszcz: Weekend na koniec wakacji. Koncerty, spacery i atrakcje dla rodzin"},"content":{"rendered":"<p>                    Miasto ko\u0144czy lato z rozmachem<\/p>\n<p>Bydgoszcz wchodzi w ostatni wakacyjny weekend z bogatym programem wydarze\u0144, kt\u00f3ry \u0142\u0105czy kultur\u0119, rekreacj\u0119 i rodzinne sp\u0119dzanie czasu. Od pi\u0105tku do niedzieli mieszka\u0144cy oraz go\u015bcie mog\u0105 wybiera\u0107 spo\u015br\u00f3d koncert\u00f3w, spacer\u00f3w tematycznych, warsztat\u00f3w, imprez sportowych i plenerowych atrakcji rozsianych po r\u00f3\u017cnych cz\u0119\u015bciach miasta.<\/p>\n<p>Jednym z najmocniejszych punkt\u00f3w programu jest X Magiczny Festiwal \u015awiata Ba\u015bni i Bajek Pozytywka, kt\u00f3ry zamienia Bydgoszcz w przestrze\u0144 pe\u0142n\u0105 teatru, muzyki i wydarze\u0144 skierowanych do rodzin z dzie\u0107mi. To propozycja dla tych, kt\u00f3rzy chc\u0105 po\u017cegna\u0107 lato w lekkiej, widowiskowej i pe\u0142nej wyobra\u017ani atmosferze.<\/p>\n<p>Na uwag\u0119 zas\u0142uguj\u0105 tak\u017ce inicjatywy przygotowane przez instytucje kultury. W pi\u0105tek odb\u0119d\u0105 si\u0119 kreatywne warsztaty w Centrum Edukacji Muzealnej, a tak\u017ce wernisa\u017c multimedialnej wystawy po\u015bwi\u0119conej r\u0119kopisom Andrzeja Klawittera. Z kolei M\u0142yny Rothera zapraszaj\u0105 na fina\u0142 letniego cyklu tanecznego z muzyk\u0105 filmow\u0105 w rytmie latino, co mo\u017ce okaza\u0107 si\u0119 symbolicznym i radosnym zako\u0144czeniem wakacyjnych wieczor\u00f3w.<\/p>\n<p>Spacery, koncerty i kino pod go\u0142ym niebem<\/p>\n<p>Weekendowy program wyra\u017anie pokazuje, \u017ce Bydgoszcz stawia r\u00f3wnie\u017c na odkrywanie miasta. W\u015br\u00f3d propozycji znalaz\u0142y si\u0119 spacery z przewodnikami po Starym Mie\u015bcie, \u015ar\u00f3dmie\u015bciu, Dzielnicy Muzycznej i mie\u015bcie-ogrodzie. To okazja, by spojrze\u0107 na dobrze znane miejsca z nowej perspektywy, pozna\u0107 lokalne legendy, anegdoty i mniej oczywiste fragmenty miejskiej historii.<\/p>\n<p>Sobota i niedziela przynios\u0105 tak\u017ce szereg wydarze\u0144 muzycznych. Na placu przed Fontann\u0105 Potop zaplanowano fina\u0142 lata z klasyk\u0105 po\u015bwi\u0119cony Janowi Kiepurze, a nad Kana\u0142em Bydgoskim odb\u0119dzie si\u0119 wydarzenie upami\u0119tniaj\u0105ce jubileusz Leonarda Pietraszaka. Wieczorem publiczno\u015b\u0107 b\u0119dzie mog\u0142a wybiera\u0107 mi\u0119dzy koncertami plenerowymi, takimi jak Rzeka Muzyki na Wyspie M\u0142y\u0144skiej czy Letnie Koncerty przy Synagodze w Starym Fordonie.<\/p>\n<p>Nie zabraknie te\u017c propozycji dla mi\u0142o\u015bnik\u00f3w kina. W pi\u0105tek widzowie obejrz\u0105 plenerowy pokaz filmu \u201eGodzilla i Kong: Nowe imperium\u201d, a przez sobot\u0119 i niedziel\u0119 potrwa Festiwal Filmowy Prze\u017arocza, kt\u00f3ry od lat prezentuje nowe zjawiska w kinie i uzupe\u0142nia seanse o spotkania, wyk\u0142ady oraz rozmowy wok\u00f3\u0142 filmu.<\/p>\n<p>Rodzinne atrakcje i aktywny wypoczynek<\/p>\n<p>Program ostatniego weekendu wakacji wyra\u017anie uwzgl\u0119dnia potrzeby rodzin oraz os\u00f3b szukaj\u0105cych aktywnego wypoczynku. W pi\u0105tek na Wyspie M\u0142y\u0144skiej odb\u0119dzie si\u0119 Bydgoska Wyspa Siatk\u00f3wki, podczas kt\u00f3rej sportowe emocje po\u0142\u0105cz\u0105 si\u0119 z konkursami i atrakcjami dla najm\u0142odszych. W sobot\u0119 na kompleksie Zawiszy zaplanowano zawody Kids Run 2026 wraz z rodzinnym piknikiem sportowym, a na Wy\u017cynach kolejn\u0105 ods\u0142on\u0119 pi\u0142karskiego \u015bwi\u0119ta dzielnicy.<\/p>\n<p>W harmonogramie s\u0105 r\u00f3wnie\u017c warsztaty tw\u00f3rcze, ekologiczne i edukacyjne. Muzealne zaj\u0119cia po\u015bwi\u0119cone po\u017cegnaniu lata, kreatywny autoportret, fina\u0142 Letniej Akademii Recyklingu czy gra miejska Bydgoscy Odkrywcy pokazuj\u0105, \u017ce ko\u0144c\u00f3wka sierpnia mo\u017ce by\u0107 jednocze\u015bnie inspiruj\u0105ca i aktywna. Dla os\u00f3b ceni\u0105cych mniej formalne spotkania przygotowano tak\u017ce Frymark Bydgoski z produktami regionalnymi i r\u0119kodzie\u0142em oraz spacer po mie\u015bcie \u015bladami bydgoskich s\u0142odko\u015bci.<\/p>\n<p>Niedziela przyniesie r\u00f3wnie\u017c wydarzenia o bardziej lifestylowym charakterze, jak Dog and Cat Summer Fest, skierowany do mi\u0142o\u015bnik\u00f3w zwierz\u0105t i wszystkich zainteresowanych ich dobrostanem. Dzi\u0119ki tak r\u00f3\u017cnorodnej ofercie ostatni wakacyjny weekend ma szans\u0119 sta\u0107 si\u0119 czasem wsp\u00f3lnego odpoczynku, ale te\u017c odkrywania miasta na nowo.<\/p>\n<p>Po\u017cegnanie wakacji w wielu ods\u0142onach<\/p>\n<p>Tegoroczne zako\u0144czenie wakacji w Bydgoszczy pokazuje, jak szeroka i zr\u00f3\u017cnicowana jest miejska oferta wydarze\u0144. Obok du\u017cych festiwali i koncert\u00f3w znalaz\u0142o si\u0119 miejsce dla kameralnych warsztat\u00f3w, lokalnych spacer\u00f3w, sportu, dzia\u0142a\u0144 ekologicznych i wydarze\u0144 s\u0105siedzkich. Taki uk\u0142ad sprawia, \u017ce ka\u017cdy mo\u017ce u\u0142o\u017cy\u0107 w\u0142asny plan na trzy ostatnie letnie dni.<\/p>\n<p>Bydgoszcz \u017cegna lato aktywnie, kulturalnie i rodzinnie. Dla jednych b\u0119dzie to czas koncert\u00f3w i kina plenerowego, dla innych okazja do spaceru po historycznych ulicach, udzia\u0142u w warsztatach lub wsp\u00f3lnej zabawy z dzie\u0107mi. Jedno jest pewne: ko\u0144c\u00f3wka wakacji w mie\u015bcie zapowiada si\u0119 bez nudy.<\/p>\n","protected":false},"excerpt":{"rendered":"Miasto ko\u0144czy lato z rozmachem Bydgoszcz wchodzi w ostatni wakacyjny weekend z bogatym programem wydarze\u0144, kt\u00f3ry \u0142\u0105czy kultur\u0119,&hellip;\n","protected":false},"author":2,"featured_media":652601,"comment_status":"","ping_status":"","sticky":false,"template":"","format":"standard","meta":{"footnotes":"","_share_on_mastodon":"0"},"categories":[51613],"tags":[7132,42,38,40,39,41,30187,6258,1092],"class_list":["post-652600","post","type-post","status-publish","format-standard","has-post-thumbnail","category-bydgoszcz","tag-bydgoszcz","tag-pl","tag-poland","tag-polish","tag-polska","tag-polski","tag-sierpien","tag-weekend","tag-wydarzenia"],"share_on_mastodon":{"url":"https:\/\/pubeurope.com\/@pl\/117174605231830757","error":""},"_links":{"self":[{"href":"https:\/\/www.europesays.com\/pl\/wp-json\/wp\/v2\/posts\/652600","targetHints":{"allow":["GET"]}}],"collection":[{"href":"https:\/\/www.europesays.com\/pl\/wp-json\/wp\/v2\/posts"}],"about":[{"href":"https:\/\/www.europesays.com\/pl\/wp-json\/wp\/v2\/types\/post"}],"author":[{"embeddable":true,"href":"https:\/\/www.europesays.com\/pl\/wp-json\/wp\/v2\/users\/2"}],"replies":[{"embeddable":true,"href":"https:\/\/www.europesays.com\/pl\/wp-json\/wp\/v2\/comments?post=652600"}],"version-history":[{"count":0,"href":"https:\/\/www.europesays.com\/pl\/wp-json\/wp\/v2\/posts\/652600\/revisions"}],"wp:featuredmedia":[{"embeddable":true,"href":"https:\/\/www.europesays.com\/pl\/wp-json\/wp\/v2\/media\/652601"}],"wp:attachment":[{"href":"https:\/\/www.europesays.com\/pl\/wp-json\/wp\/v2\/media?parent=652600"}],"wp:term":[{"taxonomy":"category","embeddable":true,"href":"https:\/\/www.europesays.com\/pl\/wp-json\/wp\/v2\/categories?post=652600"},{"taxonomy":"post_tag","embeddable":true,"href":"https:\/\/www.europesays.com\/pl\/wp-json\/wp\/v2\/tags?post=652600"}],"curies":[{"name":"wp","href":"https:\/\/api.w.org\/{rel}","templated":true}]}}