{"id":652662,"date":"2026-08-28T19:15:12","date_gmt":"2026-08-28T19:15:12","guid":{"rendered":"https:\/\/www.europesays.com\/pl\/652662\/"},"modified":"2026-08-28T19:15:12","modified_gmt":"2026-08-28T19:15:12","slug":"sprawa-zabojstwa-yankesa-w-krakowie-cztery-kolejne-osoby-zatrzymane","status":"publish","type":"post","link":"https:\/\/www.europesays.com\/pl\/652662\/","title":{"rendered":"Sprawa zab\u00f3jstwa &#8222;Yankesa&#8221; w Krakowie. Cztery kolejne osoby zatrzymane"},"content":{"rendered":"<p>&#8222;Kolejne cztery zatrzymane osoby w sprawie pobicia ze skutkiem \u015bmiertelnym m\u0119\u017cczyzny na osiedlu Willowym w Krakowie. Wczoraj ma\u0142opolska policja zatrzyma\u0142a jednego m\u0119\u017cczyzn\u0119, kt\u00f3ry us\u0142ysza\u0142 ju\u017c zarzuty, a dzi\u015b kolejne trzy osoby zatrzymano na terenie S\u0142owacji&#8221; \u2014 napisa\u0142 w pi\u0105tek w mediach spo\u0142eczno\u015bciowych Marcin Kierwi\u0144ski.<\/p>\n<p>Ma\u0142opolska policja ustali\u0142a, \u017ce zatrzymani na S\u0142owacji maj\u0105 17, 19 i 20 lat. S\u0105d uwzgl\u0119dni\u0142 wnioski prokuratury o tymczasowy areszt na 14 dni oraz europejskie nakazy aresztowania (ENA) wobec ca\u0142ej tr\u00f3jki. M\u0119\u017cczy\u017ani przebywaj\u0105 w areszcie na S\u0142owacji, wkr\u00f3tce ma ruszy\u0107 ich procedura ekstradycyjna \u2014 wskazuje TVN24.<\/p>\n<p>Funkcjonariusze zatrzymali tak\u017ce w czwartek wieczorem w mieszkaniu w Nowej Hucie 19-latka. Prokurator Tomasz Waszczuk z Prokuratury Okr\u0119gowej w Krakowie powiedzia\u0142 w rozmowie z TVN24, \u017ce 19-latek us\u0142ysza\u0142 zarzuty z artyku\u0142u 158 Kodeksu karnego w zwi\u0105zku z artyku\u0142em 159 Kodeksu karnego, czyli pobicia z u\u017cyciem niebezpiecznego narz\u0119dzia. \u2014 Zosta\u0142 skierowany do s\u0105du wniosek o tymczasowy areszt \u2014 doda\u0142.<\/p>\n<p>Z kolei zatrzymany w tej sprawie ju\u017c 24 maja 16-latek zosta\u0142 doprowadzony do s\u0105du rodzinnego, kt\u00f3ry wszcz\u0105\u0142 w jego sprawie post\u0119powanie. Nastolatek zosta\u0142 skierowany do m\u0142odzie\u017cowego o\u015brodka wychowawczego.<\/p>\n<p>Zab\u00f3jstwo &#8222;Yankesa&#8221; w KrakowieDo tragicznego zdarzenia dosz\u0142o w nocy z 20 na 21 sierpnia na Osiedlu Willowym w Krakowie. 36-letni Jakub, znany jako &#8222;Yankes&#8221;, zosta\u0142 brutalnie pobity i odnaleziony przez przypadkowego przechodnia. <a href=\"https:\/\/wiadomosci.onet.pl\/krakow\/smiertelne-pobicie-w-krakowie-policja-publikuje-zdjecia-i-prosi-o-pomoc\/26fd6l7\" id=\"2c161519-b2df-41bf-9415-7e14951aab15\" rel=\"nofollow noopener\" target=\"_blank\">Mimo szybkiej interwencji s\u0142u\u017cb m\u0119\u017cczyzna zmar\u0142 podczas transportu do szpitala<\/a>.<\/p>\n<p>Pobicie kibica Hutnika Krak\u00f3w, kt\u00f3re zako\u0144czy\u0142o si\u0119 jego \u015bmierci\u0105, przypisywane jest cz\u0142onkom wrogiej mu &#8222;M\u0142odej ferajny&#8221;, jednej z grup chuliga\u0144skich tworzonej przez fanatyk\u00f3w Wis\u0142y Krak\u00f3w.<\/p>\n<p>Kulisy ataku na &#8222;Yankesa&#8221;. Nowe informacje w sprawie &#8222;M\u0142odej ferajny&#8221;<img class=\"ods-a-photo ods-a-photo--background\" src=\"https:\/\/www.europesays.com\/pl\/wp-content\/uploads\/2026\/08\/Az9k9lBaHR0cHM6Ly9vY2RuLmV1L3B1bHNjbXMvTURBXy8yYjQyNDkyODQ5MWQwYmM5MTdjOWNhYTMwMzU2Y2Y3My5wbmeRlQLNA.jpeg\" height=\"253\" width=\"450\" alt=\"Z lewej: kadr z nagrania monitoringu pokazuj\u0105cego pobicie 36-latka w Krakowie. Dalej: kibice Wis\u0142y Krak\u00f3w\" loading=\"lazy\" fetchpriority=\"low\" decoding=\"async\"\/><\/p>\n","protected":false},"excerpt":{"rendered":"&#8222;Kolejne cztery zatrzymane osoby w sprawie pobicia ze skutkiem \u015bmiertelnym m\u0119\u017cczyzny na osiedlu Willowym w Krakowie. Wczoraj ma\u0142opolska&hellip;\n","protected":false},"author":2,"featured_media":652663,"comment_status":"","ping_status":"","sticky":false,"template":"","format":"standard","meta":{"footnotes":"","_share_on_mastodon":"0"},"categories":[51606],"tags":[61195,1304,1680,48,46,42,38,40,39,41,47,596],"class_list":["post-652662","post","type-post","status-publish","format-standard","has-post-thumbnail","category-krakow","tag-bottomfeed_styl","tag-krakow","tag-marcin_kierwinski","tag-nat_styl","tag-omp","tag-pl","tag-poland","tag-polish","tag-polska","tag-polski","tag-screening_general","tag-slowacja"],"share_on_mastodon":{"url":"https:\/\/pubeurope.com\/@pl\/117174740071907053","error":""},"_links":{"self":[{"href":"https:\/\/www.europesays.com\/pl\/wp-json\/wp\/v2\/posts\/652662","targetHints":{"allow":["GET"]}}],"collection":[{"href":"https:\/\/www.europesays.com\/pl\/wp-json\/wp\/v2\/posts"}],"about":[{"href":"https:\/\/www.europesays.com\/pl\/wp-json\/wp\/v2\/types\/post"}],"author":[{"embeddable":true,"href":"https:\/\/www.europesays.com\/pl\/wp-json\/wp\/v2\/users\/2"}],"replies":[{"embeddable":true,"href":"https:\/\/www.europesays.com\/pl\/wp-json\/wp\/v2\/comments?post=652662"}],"version-history":[{"count":0,"href":"https:\/\/www.europesays.com\/pl\/wp-json\/wp\/v2\/posts\/652662\/revisions"}],"wp:featuredmedia":[{"embeddable":true,"href":"https:\/\/www.europesays.com\/pl\/wp-json\/wp\/v2\/media\/652663"}],"wp:attachment":[{"href":"https:\/\/www.europesays.com\/pl\/wp-json\/wp\/v2\/media?parent=652662"}],"wp:term":[{"taxonomy":"category","embeddable":true,"href":"https:\/\/www.europesays.com\/pl\/wp-json\/wp\/v2\/categories?post=652662"},{"taxonomy":"post_tag","embeddable":true,"href":"https:\/\/www.europesays.com\/pl\/wp-json\/wp\/v2\/tags?post=652662"}],"curies":[{"name":"wp","href":"https:\/\/api.w.org\/{rel}","templated":true}]}}