{"id":652680,"date":"2026-08-28T19:24:10","date_gmt":"2026-08-28T19:24:10","guid":{"rendered":"https:\/\/www.europesays.com\/pl\/652680\/"},"modified":"2026-08-28T19:24:10","modified_gmt":"2026-08-28T19:24:10","slug":"gangi-narkotykowe-sieja-postrach-w-brukseli-prokurator-bije-na-alarm-kazdy-moze-zostac-postrzelony","status":"publish","type":"post","link":"https:\/\/www.europesays.com\/pl\/652680\/","title":{"rendered":"Gangi narkotykowe siej\u0105 postrach w Brukseli. Prokurator bije na alarm. &#8222;Ka\u017cdy mo\u017ce zosta\u0107 postrzelony&#8221;"},"content":{"rendered":"<p>W zesz\u0142ym roku prokurator Julien Moinil domaga\u0142 si\u0119 wi\u0119kszych \u015brodk\u00f3w na walk\u0119 z przemoc\u0105 zwi\u0105zan\u0105 z narkotykami, kt\u00f3ra n\u0119ka stolic\u0119 Belgii. \u2014 Jednak \u017c\u0105dania te absolutnie nie zosta\u0142y potraktowane powa\u017cnie \u2014 powiedzia\u0142 Moinil w pi\u0105tek, wypowiadaj\u0105c si\u0119 w nast\u0119pstwie nowej serii strzelanin. \u2014 Nie widz\u0119 \u017cadnej reakcji \u2014 \u017cadnej konkretnej pomocy \u2014 kontynuowa\u0142.<\/p>\n<p>W stolicy Belgii mia\u0142a ostatnio miejsce fala przemocy w r\u00f3\u017cnych dzielnicach, w tym atak na posterunek policji w Anderlecht oraz liczne strzelaniny w Molenbeek i Saint-Gilles.<\/p>\n<p>\u2014 Jak wida\u0107, ta piekielna seria, trwaj\u0105ca ju\u017c od kilku lat, nadal si\u0119 utrzymuje \u2014 powiedzia\u0142 Moinil, dodaj\u0105c, \u017ce w 2026 r. w Brukseli odnotowano ju\u017c 69 incydent\u00f3w z u\u017cyciem broni palnej, w por\u00f3wnaniu ze 102, kt\u00f3re mia\u0142y miejsce w 2025 r.<\/p>\n<p>Incydenty zg\u0142oszone w Saint-Gilles by\u0142y zwi\u0105zane z walk\u0105 mi\u0119dzy dwoma gangami zajmuj\u0105cymi si\u0119 handlem narkotykami. Mimo to w ogniu krzy\u017cowym znale\u017ali si\u0119 niewinni obywatele \u2014 zauwa\u017cy\u0142 prokurator. Podczas jednego z atak\u00f3w klienci pizzerii musieli szuka\u0107 schronienia przed lataj\u0105cymi kulami.<\/p>\n<p>Premier Belgii Bart De Wever zwo\u0142a\u0142 w pi\u0105tek po po\u0142udniu spotkanie ze s\u0142u\u017cbami bezpiecze\u0144stwa kraju, aby om\u00f3wi\u0107 strzelaniny zwi\u0105zane z narkotykami, donosi &#8222;Le Soir&#8221;.<\/p>\n<p>&#8222;Ka\u017cdy mo\u017ce zosta\u0107 postrzelony&#8221;<\/p>\n<p>\u2014 Dzisiaj, jako prokurator, martwi\u0119 si\u0119 o obywateli, poniewa\u017c to, na co zwraca\u0142em uwag\u0119 \u2014 \u017ce ka\u017cdy mo\u017ce zosta\u0107 postrzelony \u2014 okaza\u0142o si\u0119 prawd\u0105 \u2014 ostrzeg\u0142 prokurator.<\/p>\n<p>Od 2025 r. policja aresztowa\u0142a 93 doros\u0142ych i 14 nieletnich podejrzanych; zamkn\u0119\u0142a 350 sklep\u00f3w; oraz skonfiskowa\u0142a 3 500 luksusowych samochod\u00f3w \u2014 kt\u00f3rymi, jak twierdzi Moinil, handlarze lubi\u0105 je\u017adzi\u0107 po Brukseli \u2014 a kilka tysi\u0119cy os\u00f3b zosta\u0142o ukaranych. Do czwartku prokuratura skonfiskowa\u0142a r\u00f3wnie\u017c 203 mln euro (880 mln z\u0142) od przest\u0119pc\u00f3w w stolicy.<\/p>\n<p>Dalszy ci\u0105g artyku\u0142u pod materia\u0142em wideo<\/p>\n<p>\u2014 Pracujemy niestrudzenie, dysponuj\u0105c ograniczonymi zasobami, poniewa\u017c pomimo tego kryzysu nie otrzyma\u0142em \u017cadnych dodatkowych \u015brodk\u00f3w \u2014 kontynuowa\u0142 Moinil. Zaznaczy\u0142, \u017ce 10 mln euro (43 mln z\u0142) dodatkowych funduszy, o kt\u00f3re wnioskowa\u0142 w celu zintensyfikowania walki z przemoc\u0105 narkotykow\u0105, nie by\u0142o kwot\u0105 &#8222;wyg\u00f3rowan\u0105&#8221; w por\u00f3wnaniu z ju\u017c skonfiskowanymi 203 mln euro (880 mln z\u0142).<\/p>\n<p>Mafia w sercu Europy. Belgia zamienia si\u0119 w narkopa\u0144stwo. &#8222;Od morderstw, tortur i porwa\u0144 po gro\u017aby i ataki&#8221;<img class=\"ods-a-photo ods-a-photo--background\" src=\"https:\/\/www.europesays.com\/pl\/wp-content\/uploads\/2026\/08\/s7vk9lBaHR0cHM6Ly9vY2RuLmV1L3B1bHNjbXMvTURBXy8xMGM4NDhkNTBlYmE5YWNmOTIxMDE3YWQ0NmJiNDVmMS5qcGeRlQLNA.jpeg\" height=\"300\" width=\"450\" alt=\"Kokaina przechwycona na lotnisku w Brukseli, Belgia, 16 grudnia 2025 r.\" loading=\"lazy\" fetchpriority=\"low\" decoding=\"async\"\/><\/p>\n<p>Moinil wezwa\u0142 r\u00f3wnie\u017c do wprowadzenia surowszych \u015brodk\u00f3w wobec os\u00f3b bez dokument\u00f3w i nieletnich zaanga\u017cowanych w przest\u0119pstwa, twierdz\u0105c, \u017ce osoby te stanowi\u0105 &#8222;tani\u0105 i \u0142atwo dost\u0119pn\u0105 si\u0142\u0119 robocz\u0105&#8221; dla gang\u00f3w narkotykowych, oraz ostrzegaj\u0105c przed powa\u017cnymi lukami w egzekwowaniu prawa.<\/p>\n<p>Wezwa\u0142 r\u00f3wnie\u017c do zapewnienia lepszych \u015brodk\u00f3w na pomoc osobom uzale\u017cnionym od narkotyk\u00f3w; zwi\u0119kszenia zasob\u00f3w federalnej policji s\u0105dowej, kt\u00f3ra \u2014 jak powiedzia\u0142 \u2014 boryka si\u0119 z niedoborem 80 \u015bledczych; oraz zacie\u015bnienia wsp\u00f3\u0142pracy mi\u0119dzynarodowej w celu \u015bcigania przyw\u00f3dc\u00f3w najwi\u0119kszych gang\u00f3w, kt\u00f3rzy \u2014 jak stwierdzi\u0142 \u2014 przebywaj\u0105 albo w wi\u0119zieniu, albo za granic\u0105.<\/p>\n<p>\u2014 Mog\u0119 tylko mie\u0107 nadziej\u0119, \u017ce walka [z przest\u0119pczo\u015bci\u0105 narkotykow\u0105] oraz wysi\u0142ki w\u0142adz politycznych maj\u0105ce na celu jej wzmocnienie b\u0119d\u0105 przebiega\u0107 w szybszym tempie ni\u017c renowacja Pa\u0142acu Sprawiedliwo\u015bci \u2014 powiedzia\u0142 Moinil.<\/p>\n","protected":false},"excerpt":{"rendered":"W zesz\u0142ym roku prokurator Julien Moinil domaga\u0142 si\u0119 wi\u0119kszych \u015brodk\u00f3w na walk\u0119 z przemoc\u0105 zwi\u0105zan\u0105 z narkotykami, kt\u00f3ra&hellip;\n","protected":false},"author":2,"featured_media":652681,"comment_status":"","ping_status":"","sticky":false,"template":"","format":"standard","meta":{"footnotes":"","_share_on_mastodon":"0"},"categories":[14],"tags":[942,61195,32,33,2761,27,34,35,28,31,4410,48,25,46,40,1314,41,1666,47,1277,80,29,30,26,82,83,84],"class_list":["post-652680","post","type-post","status-publish","format-standard","has-post-thumbnail","category-swiat","tag-belgia","tag-bottomfeed_styl","tag-breaking-news","tag-breakingnews","tag-bruksela","tag-headlines","tag-latest-news","tag-latestnews","tag-naglowki","tag-najwazniejsze-artykuly","tag-narkotyki","tag-nat_styl","tag-news","tag-omp","tag-polish","tag-politico","tag-polski","tag-przestepstwo","tag-screening_general","tag-strzelanina","tag-swiat","tag-top-stories","tag-topstories","tag-wiadomosci","tag-world","tag-world-news","tag-worldnews"],"share_on_mastodon":{"url":"https:\/\/pubeurope.com\/@pl\/117174774380086648","error":""},"_links":{"self":[{"href":"https:\/\/www.europesays.com\/pl\/wp-json\/wp\/v2\/posts\/652680","targetHints":{"allow":["GET"]}}],"collection":[{"href":"https:\/\/www.europesays.com\/pl\/wp-json\/wp\/v2\/posts"}],"about":[{"href":"https:\/\/www.europesays.com\/pl\/wp-json\/wp\/v2\/types\/post"}],"author":[{"embeddable":true,"href":"https:\/\/www.europesays.com\/pl\/wp-json\/wp\/v2\/users\/2"}],"replies":[{"embeddable":true,"href":"https:\/\/www.europesays.com\/pl\/wp-json\/wp\/v2\/comments?post=652680"}],"version-history":[{"count":0,"href":"https:\/\/www.europesays.com\/pl\/wp-json\/wp\/v2\/posts\/652680\/revisions"}],"wp:featuredmedia":[{"embeddable":true,"href":"https:\/\/www.europesays.com\/pl\/wp-json\/wp\/v2\/media\/652681"}],"wp:attachment":[{"href":"https:\/\/www.europesays.com\/pl\/wp-json\/wp\/v2\/media?parent=652680"}],"wp:term":[{"taxonomy":"category","embeddable":true,"href":"https:\/\/www.europesays.com\/pl\/wp-json\/wp\/v2\/categories?post=652680"},{"taxonomy":"post_tag","embeddable":true,"href":"https:\/\/www.europesays.com\/pl\/wp-json\/wp\/v2\/tags?post=652680"}],"curies":[{"name":"wp","href":"https:\/\/api.w.org\/{rel}","templated":true}]}}