{"id":652738,"date":"2026-08-28T19:59:13","date_gmt":"2026-08-28T19:59:13","guid":{"rendered":"https:\/\/www.europesays.com\/pl\/652738\/"},"modified":"2026-08-28T19:59:13","modified_gmt":"2026-08-28T19:59:13","slug":"kolejne-zwolnienie-trenera-w-pko-bp-ekstraklasa-pilkanozna-pl","status":"publish","type":"post","link":"https:\/\/www.europesays.com\/pl\/652738\/","title":{"rendered":"Kolejne zwolnienie trenera w PKO BP Ekstraklasa? \u2013 Pi\u0142kaNo\u017cna.pl"},"content":{"rendered":"<p>\n            FOT. PRESSFOCUS\n        <\/p>\n<p class=\"text-4 text-center text-global-text-primary\">Pocz\u0105tek sezonu w wykonaniu Wis\u0142y P\u0142ock jest bardzo daleki od oczekiwa\u0144. Nafciarze graj\u0105 bardzo \u017ale i przegrali trzecie spotkanie z rz\u0119du. Sto\u0142ek na kt\u00f3rym zasiada Adam Majewski z pewno\u015bci\u0105 robi si\u0119 coraz gor\u0119tszy.\n        <\/p>\n<p class=\"wp-block-paragraph\">W pi\u0105tek Nafciarze przegrali na w\u0142asnym stadionie z Koron\u0105 Kielce 0:2. By\u0142a to ju\u017c trzecia ligowa pora\u017cka z rz\u0119du zespo\u0142u prowadzonego przez Adama Majewskiego. Ponadto Wis\u0142a zagra\u0142a bardzo s\u0142aby mecz, bez jakiejkolwiek pi\u0142karskiej jako\u015bci. <\/p>\n<p class=\"wp-block-paragraph\">Podobnie by\u0142o w poprzednich meczach. Seria zacz\u0119\u0142a si\u0119 od przegranej 1:2 z Wis\u0142\u0105 Krak\u00f3w. P\u00f3\u017aniej p\u0142occzanie zostali rozbici przez GKS Katowice a\u017c 0:5, a teraz nie zdobyli nawet bramki przeciwko Koronie. Po pi\u0119ciu rozegranych spotkaniach maj\u0105 wi\u0119c tylko cztery punkty.<\/p>\n<p class=\"wp-block-paragraph\">Pozycja Adama Majewskiego bardzo os\u0142ab\u0142a i margines b\u0142\u0119du skurczy\u0142 si\u0119 do minimum. Na razie nie pojawi\u0142y si\u0119 \u017cadne informacje, \u017ce w\u0142adze Wis\u0142y rozwa\u017caj\u0105 zwolnienie Majewskiego, ale istnieje bardzo du\u017ce prawdopodobie\u0144stwo, \u017ce kolejne mecze b\u0119d\u0105 dla 52-latka gr\u0105 o posad\u0119.<\/p>\n<p class=\"wp-block-paragraph\">Przy kolejnych pora\u017ckach trudno b\u0119dzie unikn\u0105\u0107 pyta\u0144 o zmian\u0119 na \u0142awce trenerskiej. Warto przypomnie\u0107, \u017ce 7 wrze\u015bnia Wis\u0142a zagra na wyje\u017adzie z Pogoni\u0105 Szczecin, nast\u0119pnie podejmie Cracovi\u0119, a p\u00f3\u017aniej zmierzy si\u0119 na wyje\u017adzie z Zag\u0142\u0119biem Lubin.<\/p>\n","protected":false},"excerpt":{"rendered":"FOT. PRESSFOCUS Pocz\u0105tek sezonu w wykonaniu Wis\u0142y P\u0142ock jest bardzo daleki od oczekiwa\u0144. Nafciarze graj\u0105 bardzo \u017ale i&hellip;\n","protected":false},"author":2,"featured_media":652739,"comment_status":"","ping_status":"","sticky":false,"template":"","format":"standard","meta":{"footnotes":"","_share_on_mastodon":"0"},"categories":[52122],"tags":[274,6010,752,42,38,40,39,41,2614],"class_list":["post-652738","post","type-post","status-publish","format-standard","has-post-thumbnail","category-pko-bank-polski","tag-ekstraklasa","tag-pko-bank-polski","tag-pko-bp","tag-pl","tag-poland","tag-polish","tag-polska","tag-polski","tag-wisla-plock"],"share_on_mastodon":{"url":"https:\/\/pubeurope.com\/@pl\/117174911939237573","error":""},"_links":{"self":[{"href":"https:\/\/www.europesays.com\/pl\/wp-json\/wp\/v2\/posts\/652738","targetHints":{"allow":["GET"]}}],"collection":[{"href":"https:\/\/www.europesays.com\/pl\/wp-json\/wp\/v2\/posts"}],"about":[{"href":"https:\/\/www.europesays.com\/pl\/wp-json\/wp\/v2\/types\/post"}],"author":[{"embeddable":true,"href":"https:\/\/www.europesays.com\/pl\/wp-json\/wp\/v2\/users\/2"}],"replies":[{"embeddable":true,"href":"https:\/\/www.europesays.com\/pl\/wp-json\/wp\/v2\/comments?post=652738"}],"version-history":[{"count":0,"href":"https:\/\/www.europesays.com\/pl\/wp-json\/wp\/v2\/posts\/652738\/revisions"}],"wp:featuredmedia":[{"embeddable":true,"href":"https:\/\/www.europesays.com\/pl\/wp-json\/wp\/v2\/media\/652739"}],"wp:attachment":[{"href":"https:\/\/www.europesays.com\/pl\/wp-json\/wp\/v2\/media?parent=652738"}],"wp:term":[{"taxonomy":"category","embeddable":true,"href":"https:\/\/www.europesays.com\/pl\/wp-json\/wp\/v2\/categories?post=652738"},{"taxonomy":"post_tag","embeddable":true,"href":"https:\/\/www.europesays.com\/pl\/wp-json\/wp\/v2\/tags?post=652738"}],"curies":[{"name":"wp","href":"https:\/\/api.w.org\/{rel}","templated":true}]}}