{"id":652820,"date":"2026-08-28T20:46:14","date_gmt":"2026-08-28T20:46:14","guid":{"rendered":"https:\/\/www.europesays.com\/pl\/652820\/"},"modified":"2026-08-28T20:46:14","modified_gmt":"2026-08-28T20:46:14","slug":"pilny-komunikat-biedronki-od-jutra-zmiany-w-otwarciu-w-calej-polsce-rmf-fm","status":"publish","type":"post","link":"https:\/\/www.europesays.com\/pl\/652820\/","title":{"rendered":"Pilny komunikat Biedronki. Od jutra zmiany w otwarciu w ca\u0142ej Polsce :: RMF FM"},"content":{"rendered":"<p>Biedronka wyda\u0142a komunikat, w kt\u00f3rym informuje o wprowadzeniu nowych godzin otwarcia jej sklep\u00f3w w dniach 29 i 30 sierpnia. Zmiany obejm\u0105 ponad 3 tys. plac\u00f3wek w ca\u0142ej Polsce. Sie\u0107 wyja\u015bnia, co jest powodem podj\u0119cia takiej decyzji.<\/p>\n<p><img decoding=\"async\" alt=\"\" src=\"https:\/\/www.europesays.com\/pl\/wp-content\/uploads\/2026\/08\/zmiany-w-godzinach-otwarcia-biedronki-1200x800-39e3cd99.jpg\" class=\"w-100\"\/><\/p>\n<p>Zmiany w godzinach otwarcia Biedronki, \u017ar\u00f3d\u0142o: Shutterstock<\/p>\n<p><a href=\"https:\/\/www.rmf.fm\/magazyn\/tag,Biedronka.html\" target=\"_blank\" rel=\"noopener noreferrer nofollow\" style=\"color:var(--rmf-navy-color);text-decoration:underline\">Biedronka<\/a> \u2013 zmiany 29 i 30 sierpnia<\/p>\n<p>Biedronka jest jedn\u0105 z najpr\u0119\u017cniej dzia\u0142aj\u0105cych sieci handlowych w Polsce. W ca\u0142ym kraju ma ju\u017c ponad 3,8 tys. sklep\u00f3w, w kt\u00f3rych ka\u017cdego dnia zakupy robi\u0105 t\u0142umy klient\u00f3w. Teraz sie\u0107 poinformowa\u0142a, \u017ce w wi\u0119kszo\u015bci swoich plac\u00f3wek zamierza wprowadzi\u0107 w ten weekend zmiany dotycz\u0105ce godzin ich otwarcia. B\u0119d\u0105 dzia\u0142a\u0107 d\u0142u\u017cej ni\u017c zwykle.<\/p>\n<p>Jak przekazano w komunikacie z 28 sierpnia, decyzja zosta\u0142a podj\u0119ta w zwi\u0105zku ze zbli\u017caj\u0105cym si\u0119 powrotem do szk\u00f3\u0142. \u201eW odpowiedzi na wzmo\u017cony ruch zakupowy zwi\u0105zany z przygotowaniami do nowego roku szkolnego Biedronka wyd\u0142u\u017ca godziny otwarcia sklep\u00f3w w ostatni wakacyjny weekend\u201d \u2013 wyja\u015bniono.<\/p>\n<p>Zobacz tak\u017ce<\/p>\n<p><a href=\"https:\/\/www.rmf.fm\/styl-zycia\/zdrowie\/news,n1014927,pilny-komunikat-biedronki-klienci-proszeni-o-zwrocenie-zakupu.html\" target=\"_blank\" rel=\"noopener noreferrer nofollow\" style=\"color:var(--rmf-navy-color);text-decoration:underline\"><img decoding=\"async\" src=\"https:\/\/www.europesays.com\/pl\/wp-content\/uploads\/2026\/08\/wycofanie-produktu-z-biedronki-1200x800-c040d2c2.jpg\" width=\"290\" alt=\"\"\/><\/a><a href=\"https:\/\/www.rmf.fm\/styl-zycia\/zdrowie\/news,n1014927,pilny-komunikat-biedronki-klienci-proszeni-o-zwrocenie-zakupu.html\" target=\"_blank\" rel=\"noopener noreferrer nofollow\" style=\"color:var(--rmf-navy-color);text-decoration:underline\">Pilny komunikat Biedronki. Klienci proszeni o zwr\u00f3cenie zakupu<\/a><\/p>\n<p>24 sierpnia Biedronka zwr\u00f3ci\u0142a si\u0119 do klient\u00f3w z wa\u017cn\u0105 informacj\u0105 dotycz\u0105c\u0105 wycofania dw\u00f3ch partii jednego z oferowanych artyku\u0142\u00f3w. Nie nadaj\u0105 si\u0119 do spo\u017cycia i nie powinny by\u0107 podawane dzieciom. \u201eProdukt obj\u0119ty wycofaniem mo\u017cna zwr\u00f3ci\u0107 w punkcie\u2026<\/p>\n<p>Biedronka \u2013 nowe godziny otwarcia<\/p>\n<p>Nowe godziny otwarcia b\u0119d\u0105 obowi\u0105zywa\u0142y przez ca\u0142y ostatni weekend sierpnia \u2013 w sobot\u0119 oraz w niedziel\u0119, kt\u00f3ra b\u0119dzie handlowa. 29 sierpnia ponad 3 tys. sklep\u00f3w b\u0119dzie dzia\u0142a\u0107 przynajmniej do godz. 23.30 lub d\u0142u\u017cej, natomiast 30 sierpnia klienci b\u0119d\u0105 mogli zrobi\u0107 zakupy do godz. 22.30. Godziny otwarcia poszczeg\u00f3lnych plac\u00f3wek mo\u017cna sprawdzi\u0107 na stronie internetowej sieci, w jej aplikacji lub w komunikacie na drzwiach konkretnego punktu.<\/p>\n<p>Biedronka planuje te\u017c kontynuowa\u0107 du\u017ce promocje na rozmaite artyku\u0142y szkolne. W sklepach sieci <a href=\"https:\/\/www.rmf.fm\/styl-zycia\/news,n1015404,od-dzisiaj-w-biedronce-57-gratis-klienci-biora-po-kilkanascie-sztuk.html\" target=\"_blank\" rel=\"noopener noreferrer nofollow\" style=\"color:var(--rmf-navy-color);text-decoration:underline\">obowi\u0105zuje obecnie m.in. \u201e5+7 gratis\u201d<\/a> na artyku\u0142y pi\u015bmiennicze, plastyczne, papiernicze, akcesoria szkolne, pi\u00f3rniki, plecaki i worki. Gratis\u00f3w nie brak te\u017c w konkurencyjnym Dino, kt\u00f3re na ten weekend zapowiada okazje od \u201e1+1 gratis\u201d po \u201e5+5 gratis\u201d:<\/p>\n<p>Zobacz tak\u017ce<\/p>\n<p><a href=\"https:\/\/www.rmf.fm\/styl-zycia\/news,n1015579,od-jutra-w-dino-33-gratis-22-gratis-i-11-gratis-to-jedynie-poczatek.html\" target=\"_blank\" rel=\"noopener noreferrer nofollow\" style=\"color:var(--rmf-navy-color);text-decoration:underline\"><img decoding=\"async\" src=\"https:\/\/www.europesays.com\/pl\/wp-content\/uploads\/2026\/08\/1787949974_97_nowe-promocje-w-dino-do-30-sierpnia-1200x800-9d557ea1.jpg\" width=\"290\" alt=\"\"\/><\/a><a href=\"https:\/\/www.rmf.fm\/styl-zycia\/news,n1015579,od-jutra-w-dino-33-gratis-22-gratis-i-11-gratis-to-jedynie-poczatek.html\" target=\"_blank\" rel=\"noopener noreferrer nofollow\" style=\"color:var(--rmf-navy-color);text-decoration:underline\">Od jutra w Dino. \u201e3+3 gratis\u201d, \u201e2+2 gratis\u201d i \u201e1+1 gratis\u201d to jedynie pocz\u0105tek<\/a><\/p>\n<p>Dino zapowiada na nadchodz\u0105cy weekend wielkie promocje. Do sklep\u00f3w sieci w\u0142a\u015bnie zawita\u0142y okazje takie jak \u201e3+3 gratis\u201d czy \u201e2+2 gratis\u201d, w marketach zaroi\u0142o si\u0119 ponadto od du\u017cych przecen. Szczeg\u00f3lne wra\u017cenie robi m.in. ta z 3,49 z\u0142 do 0,98 z\u0142 na\u2026<\/p>\n","protected":false},"excerpt":{"rendered":"Biedronka wyda\u0142a komunikat, w kt\u00f3rym informuje o wprowadzeniu nowych godzin otwarcia jej sklep\u00f3w w dniach 29 i 30&hellip;\n","protected":false},"author":2,"featured_media":652821,"comment_status":"","ping_status":"","sticky":false,"template":"","format":"standard","meta":{"footnotes":"","_share_on_mastodon":"0"},"categories":[16],"tags":[1528,17277,113,112,42,38,40,39,41],"class_list":["post-652820","post","type-post","status-publish","format-standard","has-post-thumbnail","category-biznes","tag-biedronka","tag-biedronka-komunikat","tag-biznes","tag-business","tag-pl","tag-poland","tag-polish","tag-polska","tag-polski"],"share_on_mastodon":{"url":"https:\/\/pubeurope.com\/@pl\/117175097650982762","error":""},"_links":{"self":[{"href":"https:\/\/www.europesays.com\/pl\/wp-json\/wp\/v2\/posts\/652820","targetHints":{"allow":["GET"]}}],"collection":[{"href":"https:\/\/www.europesays.com\/pl\/wp-json\/wp\/v2\/posts"}],"about":[{"href":"https:\/\/www.europesays.com\/pl\/wp-json\/wp\/v2\/types\/post"}],"author":[{"embeddable":true,"href":"https:\/\/www.europesays.com\/pl\/wp-json\/wp\/v2\/users\/2"}],"replies":[{"embeddable":true,"href":"https:\/\/www.europesays.com\/pl\/wp-json\/wp\/v2\/comments?post=652820"}],"version-history":[{"count":0,"href":"https:\/\/www.europesays.com\/pl\/wp-json\/wp\/v2\/posts\/652820\/revisions"}],"wp:featuredmedia":[{"embeddable":true,"href":"https:\/\/www.europesays.com\/pl\/wp-json\/wp\/v2\/media\/652821"}],"wp:attachment":[{"href":"https:\/\/www.europesays.com\/pl\/wp-json\/wp\/v2\/media?parent=652820"}],"wp:term":[{"taxonomy":"category","embeddable":true,"href":"https:\/\/www.europesays.com\/pl\/wp-json\/wp\/v2\/categories?post=652820"},{"taxonomy":"post_tag","embeddable":true,"href":"https:\/\/www.europesays.com\/pl\/wp-json\/wp\/v2\/tags?post=652820"}],"curies":[{"name":"wp","href":"https:\/\/api.w.org\/{rel}","templated":true}]}}