{"id":652858,"date":"2026-08-28T21:10:11","date_gmt":"2026-08-28T21:10:11","guid":{"rendered":"https:\/\/www.europesays.com\/pl\/652858\/"},"modified":"2026-08-28T21:10:11","modified_gmt":"2026-08-28T21:10:11","slug":"gol-w-94-minucie-wszystko-zmienil-co-za-mecz-legii-warszawa","status":"publish","type":"post","link":"https:\/\/www.europesays.com\/pl\/652858\/","title":{"rendered":"Gol w 94. minucie wszystko zmieni\u0142. Co za mecz Legii Warszawa"},"content":{"rendered":"<p>Zanim kibice przy \u0141azienkowskiej 3 skupili si\u0119 na obserwowaniu sportowej rywalizacji, w emocjonalny spos\u00f3b po\u017cegnali legend\u0119 sto\u0142ecznego klubu. Do losowania stron z s\u0119dziami w roli kapitana podszed\u0142 Artur J\u0119drzejczyk.<\/p>\n<p>Obro\u0144ca po raz ostatni zagra\u0142 w Legii, znalaz\u0142 si\u0119 w pierwszym sk\u0142adzie, a po przepi\u0119knej oprawie i g\u0142o\u015bnych \u015bpiewach <a href=\"https:\/\/przegladsportowy.onet.pl\/pilka-nozna\/tak-legia-pozegnala-jedrzejczyka-zmiana-juz-w-2-minucie\/dk131sp\" id=\"7b0be522-331e-46a2-8068-728329bb9374\" rel=\"nofollow noopener\" target=\"_blank\">wzruszony zszed\u0142 z boiska<\/a> po kilkudziesi\u0119ciu sekundach.Dalszy ci\u0105g artyku\u0142u pod materia\u0142em wideo<\/p>\n<p>Po ikonicznym momencie dedykowanym najbardziej utytu\u0142owanemu zawodnikowi Legii na murawie pojawi\u0142 si\u0119 Bartosz Kapustka z reszt\u0105 dru\u017cyny. Gospodarze z pozycji lidera Ekstraklasy z 11 punktami na koncie podejmowali beniaminka.<\/p>\n<p>Najgro\u017aniejsza bro\u0144 \u015al\u0105ska zadzia\u0142a\u0142a tak\u017ce na Legi\u0119. Odpowied\u017a przysz\u0142a w 94. minucie\u015al\u0105sk Wroc\u0142aw szybko wr\u00f3ci\u0142 do Ekstraklasy i walczy o to, by nie dr\u017ce\u0107 ponownie o utrzymanie. W zwi\u0105zku z tym w planie ma jeden spektakularny transfer. <a href=\"https:\/\/przegladsportowy.onet.pl\/pilka-nozna\/ekstraklasa\/media-47-krotny-reprezentant-polski-wraca-do-ekstraklasy\/n1j15pj\" id=\"fcfd6f32-19a2-4b09-bab7-2b11b5a15dd0\" rel=\"nofollow noopener\" target=\"_blank\">Lada dzie\u0144 na Dolnym \u015al\u0105sku ma pojawi\u0107 si\u0119 Karol Linetty<\/a>, a na starcie w stolicy trener Ante Simundza mia\u0142 innego asa w zanadrzu.<\/p>\n<p>By\u0142 nim Piotr Samiec-Talar. Zacz\u0105\u0142 od niecelnego podania do Malaly&#8217;ego Dembele w dogodnej sytuacji, ale z ka\u017cd\u0105 minut\u0105 za jego spraw\u0105 dzia\u0142o si\u0119 coraz wi\u0119cej pod bramk\u0105 gospodarzy.<\/p>\n<p>W 32. minucie doskonale zagra\u0142 do Enissa Shabaniego, czym wywo\u0142a\u0142 zamieszanie. Rafa\u0142 Augustyniak nie wytrzyma\u0142 i sfaulowa\u0142 atakuj\u0105cego. W efekcie s\u0119dzia wskaza\u0142 na wapno. VAR sugerowa\u0142 mu sprawdzenie sytuacji, ale decyzja zosta\u0142a podtrzymana po tym, jak Marcin Szczerbowicz podszed\u0142 do monitora i ponownie obejrza\u0142 przewinienie.<\/p>\n<p>Samiec-Talar podszed\u0142 do pi\u0142ki i pewnie uderzy\u0142 w prawo, a Otto Hindrich rzuci\u0142 si\u0119 w drug\u0105 stron\u0119. W ten spos\u00f3b 24-latek zapewni\u0142 sobie udzia\u0142 przy a\u017c 6 z 8 bramek \u015al\u0105ska w tym sezonie.<\/p>\n<p>Marek Papszun musia\u0142 interweniowa\u0107 i po przerwie zmieni\u0142 blado wygl\u0105daj\u0105cego Michala Sevcika i wprowadzi\u0142 do gry Wojciecha Urba\u0144skiego. Legia atakowa\u0142a, ale bez polotu. Kapustka chcia\u0142 obs\u0142u\u017cy\u0107 \u0141ukasza Zjawi\u0144skiego, ale snajper nie odda\u0142 strza\u0142u po tym, jak skutecznie asekurowa\u0142 go Marc Llinares.<\/p>\n<p>Bohaterem Legii zosta\u0142 za to bramkarz. Hindrich doskonale zatrzyma\u0142 Przemys\u0142awa Banaszaka w akcji sam na sam, po tym jak wypatrzy\u0142 go Samiec-Talar. Rumun ponownie interweniowa\u0142 w stylu Artura Boruca po uderzeniu Luki Marjanaca, kt\u00f3ry mia\u0142 przed sob\u0105 ju\u017c tylko golkipera. Kibice byli zachwyceni postaw\u0105 golkipera, ale do szcz\u0119\u015bcia brakowa\u0142o bramki wyr\u00f3wnuj\u0105cej.<\/p>\n<p>To uda\u0142o si\u0119 dopiero w 94. minucie. Na boisko w drugiej po\u0142owie po raz pierwszy w tym sezonie Ekstraklasy wszed\u0142 Mateusz Szczepaniak i od razu mia\u0142 udzia\u0142 przy niezwykle wa\u017cnej bramce. 19-latek rozprowadzi\u0142 akcj\u0119 na skrzyd\u0142o do Paw\u0142a Wszo\u0142ka, a ten doskonale wrzuci\u0142 pi\u0142k\u0119 na g\u0142ow\u0119 Rafa\u0142a Adamskiego. Polski snajper ponownie nie zawi\u00f3d\u0142 i pokona\u0142 Karola Niemczyckiego. W ten spos\u00f3b Wojskowi uratowali cenny remis.<\/p>\n<p>Legia po raz pierwszy od 11 kwietnia straci\u0142a punkty przy \u0141azienkowskiej 3, gdy zremisowa\u0142a z G\u00f3rnikiem Zabrze. Niepokonana u siebie pozostaje od lutego. Ostatni raz przegra\u0142a 1:2 z Koron\u0105 Kielce.<\/p>\n","protected":false},"excerpt":{"rendered":"Zanim kibice przy \u0141azienkowskiej 3 skupili si\u0119 na obserwowaniu sportowej rywalizacji, w emocjonalny spos\u00f3b po\u017cegnali legend\u0119 sto\u0142ecznego klubu.&hellip;\n","protected":false},"author":2,"featured_media":652859,"comment_status":"","ping_status":"","sticky":false,"template":"","format":"standard","meta":{"footnotes":"","_share_on_mastodon":"0"},"categories":[51605],"tags":[61195,274,2563,48,46,948,42,38,40,39,41,47,3143,435,130],"class_list":["post-652858","post","type-post","status-publish","format-standard","has-post-thumbnail","category-warszawa","tag-bottomfeed_styl","tag-ekstraklasa","tag-legia_warszawa","tag-nat_styl","tag-omp","tag-pilka_nozna","tag-pl","tag-poland","tag-polish","tag-polska","tag-polski","tag-screening_general","tag-slask_wroclaw","tag-warszawa","tag-wiadomosci_sportowe"],"share_on_mastodon":{"url":"https:\/\/pubeurope.com\/@pl\/117175191436189576","error":""},"_links":{"self":[{"href":"https:\/\/www.europesays.com\/pl\/wp-json\/wp\/v2\/posts\/652858","targetHints":{"allow":["GET"]}}],"collection":[{"href":"https:\/\/www.europesays.com\/pl\/wp-json\/wp\/v2\/posts"}],"about":[{"href":"https:\/\/www.europesays.com\/pl\/wp-json\/wp\/v2\/types\/post"}],"author":[{"embeddable":true,"href":"https:\/\/www.europesays.com\/pl\/wp-json\/wp\/v2\/users\/2"}],"replies":[{"embeddable":true,"href":"https:\/\/www.europesays.com\/pl\/wp-json\/wp\/v2\/comments?post=652858"}],"version-history":[{"count":0,"href":"https:\/\/www.europesays.com\/pl\/wp-json\/wp\/v2\/posts\/652858\/revisions"}],"wp:featuredmedia":[{"embeddable":true,"href":"https:\/\/www.europesays.com\/pl\/wp-json\/wp\/v2\/media\/652859"}],"wp:attachment":[{"href":"https:\/\/www.europesays.com\/pl\/wp-json\/wp\/v2\/media?parent=652858"}],"wp:term":[{"taxonomy":"category","embeddable":true,"href":"https:\/\/www.europesays.com\/pl\/wp-json\/wp\/v2\/categories?post=652858"},{"taxonomy":"post_tag","embeddable":true,"href":"https:\/\/www.europesays.com\/pl\/wp-json\/wp\/v2\/tags?post=652858"}],"curies":[{"name":"wp","href":"https:\/\/api.w.org\/{rel}","templated":true}]}}