{"id":652894,"date":"2026-08-28T21:33:08","date_gmt":"2026-08-28T21:33:08","guid":{"rendered":"https:\/\/www.europesays.com\/pl\/652894\/"},"modified":"2026-08-28T21:33:08","modified_gmt":"2026-08-28T21:33:08","slug":"slask-wroclaw-stracil-zwyciestwo-w-warszawie-w-doliczonym-czasie","status":"publish","type":"post","link":"https:\/\/www.europesays.com\/pl\/652894\/","title":{"rendered":"\u015al\u0105sk Wroc\u0142aw straci\u0142 zwyci\u0119stwo w Warszawie w doliczonym czasie"},"content":{"rendered":"<p>Pi\u0142karze \u015al\u0105ska Wroc\u0142aw byli bardzo blisko zwyci\u0119stwa w Warszawie.<\/p>\n<p>fot. mat. prasowe slaskwroclaw.pl \/ Adriana Ficek<\/p>\n<p>W meczu 6. kolejki pi\u0142karskiej Ekstraklasy \u015al\u0105sk Wroc\u0142aw zremisowa\u0142 na wyje\u017adzie z Legi\u0105 Warszawa 1:1. To trzeci remis \u015al\u0105ska w tym sezonie.<\/p>\n<p style=\"text-align: justify;\">Jeszcze zanim rozbrzmia\u0142 pierwszy gwizdek meczu Legii z \u015al\u0105skiem, by\u0142o wiadomo, \u017ce b\u0119dzie to wyj\u0105tkowe spotkanie. Po raz pierwszy w tym sezonie w sk\u0142adzie zespo\u0142u trenera Marka Papszuna znalaz\u0142 si\u0119 Artur J\u0119drzejczyk. Po raz pierwszy i ostatni, bo pojedynek z Wroc\u0142awianami by\u0142 po\u017cegnaniem pi\u0142karza z Legi\u0105.<\/p>\n<p style=\"text-align: justify;\">Dla J\u0119drzejczyka by\u0142 to 420. mecz w barwach sto\u0142ecznego klubu. Z g\u00f3ry by\u0142o ustalone, \u017ce gospodarze rozpoczn\u0105 spotkania. Dok\u0142adnie dokona\u0142 tego popularny \u201eJ\u0119dza\u201d, kt\u00f3ry zaraz po pierwszy gwizdku kopn\u0105\u0142 pi\u0142k\u0119 w aut i zosta\u0142 zmieniony przez Bartosza Kapustk\u0119. Schodz\u0105cego pi\u0142karza po\u017cegnali zawodnicy obu zespo\u0142\u00f3w, a tak\u017ce kibice specjalnie przygotowan\u0105 na t\u0119 uroczysto\u015b\u0107 opraw\u0105. P\u00f3\u017aniej zacz\u0119\u0142o si\u0119 ju\u017c prawdziwe granie.<\/p>\n<p style=\"text-align: justify;\">Przez pierwsze p\u00f3\u0142 godziny pi\u0142karze nie rozpieszczali kibic\u00f3w. Optyczn\u0105 przewag\u0119 mieli gospodarze, ale niewiele z tego wynika\u0142o. Podopieczni trenera Papszuna byli cz\u0119\u015bciej przy pi\u0142ce, cz\u0119\u015bciej go\u015bcili na po\u0142owie rywali, ale grali wolno i nie potrafili wypracowa\u0107 sobie sytuacji bramkowej.<\/p>\n<p style=\"text-align: justify;\">\u015al\u0105sk by\u0142 cofni\u0119ty, ale nie da\u0142 si\u0119 zepchn\u0105\u0107 do g\u0142\u0119bokiej defensywy. Wroc\u0142awianie szukali szans w kontratakach, ale potrafili te\u017c d\u0142u\u017cej utrzyma\u0107 si\u0119 przy pi\u0142ce na po\u0142owie Legii.<\/p>\n<p style=\"text-align: justify;\">Po jednym z takich wypad\u00f3w i \u0142adnej wymianie poda\u0144 w polu karnym Rafa\u0142 Augustyniak zaatakowa\u0142 w\u015blizgiem Enissa Shabaniego. S\u0119dzia si\u0119 nie waha\u0142 i wskaza\u0142 na jedenasty metr. Jeszcze p\u00f3\u017aniej ca\u0142a sytuacja by\u0142a weryfikowana, ale arbiter decyzji nie zmieni\u0142. Do pi\u0142ki podszed\u0142 Piotr Samiec-Talar i \u015al\u0105sk wyszed\u0142 na prowadzenie.<\/p>\n<p style=\"text-align: justify;\">Kilka chwil p\u00f3\u017aniej kibice Legii mogli by\u0107 w jeszcze wi\u0119kszym szoku, bo po golu to nie ich zesp\u00f3\u0142 zaatakowa\u0142, ale ponownie \u015al\u0105sk. Po rzucie ro\u017cnym i du\u017cym zamieszaniu w polu karnym w ostatniej chwili Kamil Pi\u0105tkowski zablokowa\u0142 uderzenie Luki Marjanaca.<\/p>\n<p style=\"text-align: justify;\">Legia musia\u0142a goni\u0107 wynik, ale w ostatnim kwadransie, poza niecelnym strza\u0142em Pi\u0105tkowskiego po do\u015brodkowaniu Bartosza Kapustki z rzutu wolnego, nic nie zaprezentowa\u0142a w ofensywie.<\/p>\n<p style=\"text-align: justify;\">Pierwszy kwadrans po przerwie nie r\u00f3\u017cni\u0142 si\u0119 niczym od pierwszej po\u0142owy. Legia mia\u0142a optyczn\u0105 przewag\u0119, ale nic z tego nie wynika\u0142o, a \u015al\u0105sk m\u0105drze si\u0119 broni\u0142 i od czasu do czasu sam wyprowadza\u0142 ataki.<br \/>Sygna\u0142 do przyspieszenia akcji Legii da\u0142 Kapustka \u0142adnym prostopad\u0142ym podaniem w pole karne do \u0141ukasza Zjawi\u0144skiego. Napastnik gospodarzy nie zdo\u0142a\u0142 odda\u0107 dobrego uderzenia, ale od tego momentu przewaga gospodarzy wzros\u0142a.<\/p>\n<p style=\"text-align: justify;\">Legia przyspieszy\u0142a, atakowa\u0142a, ale to \u015al\u0105sk m\u00f3g\u0142, a nawet powinien strzeli\u0107 gola. Najpierw idealnej sytuacji nie wykorzysta\u0142 Przemys\u0142aw Banaszak, a kilka chwil p\u00f3\u017aniej Marjanac. W obu przypadkach \u015bwietn\u0105 interwencj\u0105 popisa\u0142 si\u0119 Otto Hindrich i to dzi\u0119ki niemu gospodarze pozostawali w grze.<\/p>\n<p style=\"text-align: justify;\">W ostatnich minutach trener Papszun rzuci\u0142 do ataku wszystko co mia\u0142, a taktyka jego zespo\u0142u sprowadza\u0142a si\u0119 do posy\u0142ania do\u015brodkowa\u0144 w pole karne na ros\u0142ych napastnik\u00f3w. I w doliczonym czasie przynios\u0142o to upragniony efekt. Po centrze z prawej strony Rafa\u0142 Adamski \u0142adnie nabieg\u0142 na pi\u0142k\u0119, uderzy\u0142 g\u0142ow\u0105 i bramkarz \u015al\u0105ska by\u0142 bez szans.<\/p>\n<p style=\"text-align: justify;\">Wynik ju\u017c nie uleg\u0142 zmianie i tym samym Legia straci\u0142a pierwsze punkty u siebie w tym sezonie, a \u015al\u0105sk zdoby\u0142 pierwszy punkt na wyje\u017adzie.<\/p>\n<p>Legia Warszawa &#8211; \u015al\u0105sk Wroc\u0142aw 1:1 (0:1).<\/p>\n<p>Bramki: 0:1 Piotr Samiec-Talar (35-karny), 1:1 Rafa\u0142 Adamski (90+4-g\u0142ow\u0105).<\/p>\n<p>\u017b\u00f3\u0142ta kartka \u2013 Legia: Pawe\u0142 Wszo\u0142ek; \u015al\u0105sk: Eniss Shabani, Micha\u0142 Rosiak.<\/p>\n<p>S\u0119dzia: Marcin Szczerbowicz (Olsztyn).<\/p>\n<p>Widz\u00f3w: 27 072.<\/p>\n<p>Legia Warszawa: Otto Hindrich &#8211; Kamil Pi\u0105tkowski, Rafa\u0142 Augustyniak, Robert Deziel (85. Mileta Rajovi\u0107) &#8211; Pawe\u0142 Wszo\u0142ek, Henrique Arreiol (77. Mateusz Szczepaniak), Artur J\u0119drzejczyk (2. Bartosz Kapustka), Michal Sevcik (46. Wojciech Urba\u0144ski), Ruben Vinagre &#8211; \u0141ukasz Zjawi\u0144ski, Jan Kuchta (77. Rafa\u0142 Adamski).<\/p>\n<p>\u015al\u0105sk Wroc\u0142aw: Karol Niemczycki \u2013 Jehor Macenko (82. Dominik Szala), Lamine Ba, Mariusz Malec &#8211; Micha\u0142 Rosiak, Eniss Shabani (64. Jorge Yriarte), Piotr Samiec-Talar, Grzegorz Tomasiewicz, Marc Llinares &#8211; Luka Marjanac, Malaly Dembele (69. Przemys\u0142aw Banaszak).<\/p>\n","protected":false},"excerpt":{"rendered":"Pi\u0142karze \u015al\u0105ska Wroc\u0142aw byli bardzo blisko zwyci\u0119stwa w Warszawie. fot. mat. prasowe slaskwroclaw.pl \/ Adriana Ficek W meczu&hellip;\n","protected":false},"author":2,"featured_media":652895,"comment_status":"","ping_status":"","sticky":false,"template":"","format":"standard","meta":{"footnotes":"","_share_on_mastodon":"0"},"categories":[51607],"tags":[127520,127519,42,38,40,39,41,1887,116962,31600,66360,1853,20691],"class_list":["post-652894","post","type-post","status-publish","format-standard","has-post-thumbnail","category-wroclaw","tag-czasie","tag-doliczonym","tag-pl","tag-poland","tag-polish","tag-polska","tag-polski","tag-slask","tag-stracil","tag-w","tag-warszawie","tag-wroclaw","tag-zwyciestwo"],"share_on_mastodon":{"url":"","error":""},"_links":{"self":[{"href":"https:\/\/www.europesays.com\/pl\/wp-json\/wp\/v2\/posts\/652894","targetHints":{"allow":["GET"]}}],"collection":[{"href":"https:\/\/www.europesays.com\/pl\/wp-json\/wp\/v2\/posts"}],"about":[{"href":"https:\/\/www.europesays.com\/pl\/wp-json\/wp\/v2\/types\/post"}],"author":[{"embeddable":true,"href":"https:\/\/www.europesays.com\/pl\/wp-json\/wp\/v2\/users\/2"}],"replies":[{"embeddable":true,"href":"https:\/\/www.europesays.com\/pl\/wp-json\/wp\/v2\/comments?post=652894"}],"version-history":[{"count":0,"href":"https:\/\/www.europesays.com\/pl\/wp-json\/wp\/v2\/posts\/652894\/revisions"}],"wp:featuredmedia":[{"embeddable":true,"href":"https:\/\/www.europesays.com\/pl\/wp-json\/wp\/v2\/media\/652895"}],"wp:attachment":[{"href":"https:\/\/www.europesays.com\/pl\/wp-json\/wp\/v2\/media?parent=652894"}],"wp:term":[{"taxonomy":"category","embeddable":true,"href":"https:\/\/www.europesays.com\/pl\/wp-json\/wp\/v2\/categories?post=652894"},{"taxonomy":"post_tag","embeddable":true,"href":"https:\/\/www.europesays.com\/pl\/wp-json\/wp\/v2\/tags?post=652894"}],"curies":[{"name":"wp","href":"https:\/\/api.w.org\/{rel}","templated":true}]}}