{"id":652918,"date":"2026-08-28T22:54:37","date_gmt":"2026-08-28T22:54:37","guid":{"rendered":"https:\/\/www.europesays.com\/pl\/652918\/"},"modified":"2026-08-28T22:54:37","modified_gmt":"2026-08-28T22:54:37","slug":"duze-rozczarowanie-w-slasku-wroclaw-bylismy-lepsi-niz-legia","status":"publish","type":"post","link":"https:\/\/www.europesays.com\/pl\/652918\/","title":{"rendered":"Du\u017ce rozczarowanie w \u015al\u0105sku Wroc\u0142aw. &#8222;Byli\u015bmy lepsi ni\u017c Legia&#8221;"},"content":{"rendered":"\n<p class=\"contentpart contentpart--default contentpart--text\" data-position=\"0\">W\u015bciek\u0142y by\u0142 Ante Simundza po meczu \u015al\u0105ska Wroc\u0142aw w Warszawie. I trudno si\u0119 dziwi\u0107 &#8211; jego zesp\u00f3\u0142 powinien wygra\u0107 z Legi\u0105, ale przy wyniku 1:0 nie wykorzysta\u0142 dw\u00f3ch stuprocentowych sytuacji. To zem\u015bci\u0142o si\u0119 w doliczonym czasie i ostatecznie spotkanie zako\u0144czy\u0142o si\u0119 remisem.<\/p>\n<p class=\"contentpart contentpart--default contentpart--text\" data-position=\"1\">&#8211; Co powiedzie\u0107 po takim meczu? My\u015bl\u0119, \u017ce byli\u015bmy lepszym zespo\u0142em, mieli\u015bmy lepsze okazje. Musimy taki mecz wygra\u0107, ale to jest pi\u0142ka no\u017cna. Jestem jednak dumny ze swojej dru\u017cyny &#8211; m\u00f3wi\u0142 trener Simundza na konferencji prasowej.<\/p>\n<p>  <img decoding=\"async\" src=\"https:\/\/v.wpimg.pl\/X3dwLnN2d1IFFTpdYUl6R0ZNbgcnEHQREVV2TGEGbUtRT2MdOlZ2RBQUKABgQjQcDRotCStBd1IAAWMeIlM7VgwYIAorQAdEFFk_GCkQJQ\" alt=\"\" width=\"45\" height=\"58\" loading=\"lazy\"\/>  <\/p>\n<p class=\"contentpart contentpart--default contentpart--text\" data-position=\"2\">Rozczarowanie we wroc\u0142awskim zespole by\u0142o du\u017ce. &#8211; Trac\u0105c gola w ostatniej minucie musisz by\u0107 rozczarowany. Z drugiej strony jestem dumny z dru\u017cyny &#8211; przyzna\u0142 trener \u015al\u0105ska.<\/p>\n<p class=\"contentpart contentpart--default contentpart--text\" data-position=\"3\">ZOBACZ WIDEO: Grabara b\u0119dzie gwiazd\u0105 Juve. &#8222;Nie mam w\u0105tpliwo\u015bci&#8221;<\/p>\n<p class=\"contentpart contentpart--default contentpart--text\" data-position=\"5\">Trener Simundza nie chcia\u0142 wyr\u00f3\u017cnia\u0107 indywidualnie \u017cadnego z zawodnik\u00f3w.<\/p>\n<p class=\"contentpart contentpart--default contentpart--text\" data-position=\"6\">&#8211; Wszyscy pokazali si\u0119 z dobrej strony. Wygl\u0105dali\u015bmy dzi\u015b jak powa\u017cny zesp\u00f3\u0142, kt\u00f3ry mo\u017ce walczy\u0107 w Ekstraklasie. Co wa\u017cne: nie jeste\u015bmy tym faktem usatysfakcjonowani, musimy dalej ci\u0119\u017cko pracowa\u0107 &#8211; przyzna\u0142 szkoleniowiec wroc\u0142awskiego zespo\u0142u.<\/p>\n<p>  <img decoding=\"async\" src=\"https:\/\/v.wpimg.pl\/X3dwLnN2d1IFFTpdYUl6R0ZNbgcnEHQREVV2TGEGbUtRT2MdOlZ2RBQUKABgQjQcDRotCStBd1IAAWMeIlM7VgwYIAorQAdEFFk_GCkQJQ\" alt=\"\" width=\"45\" height=\"58\" loading=\"lazy\"\/>  <\/p>\n<p class=\"contentpart contentpart--default contentpart--text\" data-position=\"7\">Mimo i\u017c w \u015al\u0105sku jest rozczarowanie, to jednak remis na boisku lidera jest dla beniaminka bardzo cenny w kontek\u015bcie dalszej walki w Ekstraklasie.<\/p>\n<p class=\"contentpart contentpart--default contentpart--text\" data-position=\"8\">&#8211; To by\u0142 jeden z naszych najlepszych wyst\u0119p\u00f3w w tym sezonie. W ka\u017cdym meczu musimy by\u0107 na takim poziomie motywacji, pasji i walki, je\u015bli chcemy odnie\u015b\u0107 sukces w Ekstraklasie. To dla mnie bardzo wa\u017cne, \u017ce jeste\u015bmy \u017ali i smutni, \u017ce dzi\u015b nie wygrali\u015bmy &#8211; m\u00f3wi\u0142 trener Simundza.<\/p>\n","protected":false},"excerpt":{"rendered":"W\u015bciek\u0142y by\u0142 Ante Simundza po meczu \u015al\u0105ska Wroc\u0142aw w Warszawie. I trudno si\u0119 dziwi\u0107 &#8211; jego zesp\u00f3\u0142 powinien&hellip;\n","protected":false},"author":2,"featured_media":652919,"comment_status":"","ping_status":"","sticky":false,"template":"","format":"standard","meta":{"footnotes":"","_share_on_mastodon":"0"},"categories":[51607],"tags":[22070,269,1724,42,38,40,39,41,697,1853],"class_list":["post-652918","post","type-post","status-publish","format-standard","has-post-thumbnail","category-wroclaw","tag-ante-simundza","tag-pilka-nozna","tag-pko-ekstraklasa","tag-pl","tag-poland","tag-polish","tag-polska","tag-polski","tag-slask-wroclaw","tag-wroclaw"],"share_on_mastodon":{"url":"https:\/\/pubeurope.com\/@pl\/117175614475411239","error":""},"_links":{"self":[{"href":"https:\/\/www.europesays.com\/pl\/wp-json\/wp\/v2\/posts\/652918","targetHints":{"allow":["GET"]}}],"collection":[{"href":"https:\/\/www.europesays.com\/pl\/wp-json\/wp\/v2\/posts"}],"about":[{"href":"https:\/\/www.europesays.com\/pl\/wp-json\/wp\/v2\/types\/post"}],"author":[{"embeddable":true,"href":"https:\/\/www.europesays.com\/pl\/wp-json\/wp\/v2\/users\/2"}],"replies":[{"embeddable":true,"href":"https:\/\/www.europesays.com\/pl\/wp-json\/wp\/v2\/comments?post=652918"}],"version-history":[{"count":0,"href":"https:\/\/www.europesays.com\/pl\/wp-json\/wp\/v2\/posts\/652918\/revisions"}],"wp:featuredmedia":[{"embeddable":true,"href":"https:\/\/www.europesays.com\/pl\/wp-json\/wp\/v2\/media\/652919"}],"wp:attachment":[{"href":"https:\/\/www.europesays.com\/pl\/wp-json\/wp\/v2\/media?parent=652918"}],"wp:term":[{"taxonomy":"category","embeddable":true,"href":"https:\/\/www.europesays.com\/pl\/wp-json\/wp\/v2\/categories?post=652918"},{"taxonomy":"post_tag","embeddable":true,"href":"https:\/\/www.europesays.com\/pl\/wp-json\/wp\/v2\/tags?post=652918"}],"curies":[{"name":"wp","href":"https:\/\/api.w.org\/{rel}","templated":true}]}}