{"id":652985,"date":"2026-08-29T05:18:49","date_gmt":"2026-08-29T05:18:49","guid":{"rendered":"https:\/\/www.europesays.com\/pl\/652985\/"},"modified":"2026-08-29T05:18:49","modified_gmt":"2026-08-29T05:18:49","slug":"miasto-ukryte-w-skalach-i-polaczone-siecia-korytarzy-przyszedl-jego-kres","status":"publish","type":"post","link":"https:\/\/www.europesays.com\/pl\/652985\/","title":{"rendered":"Miasto ukryte w ska\u0142ach i po\u0142\u0105czone sieci\u0105 korytarzy. Przyszed\u0142 jego kres"},"content":{"rendered":"<p><a class=\"atomsArticleGalleryImage__mainImgLink\" href=\"https:\/\/bydgoszcz.naszemiasto.pl\/miasto-ukryte-w-skalach-i-polaczone-siecia-korytarzy\/gh\/c1-9862123\" title=\"Gruzi&#x144;ska Wardzia by&#x142;a niesamowitym niewidocznym od zewn&#x105;trz samowystarczalnym skalnym miastem, w kt&#xF3;rym &#x17C;y&#x142;o w &#x15B;redniowieczu nawet 60 tysi&#x119;cy os&#xF3;b. Pocz&#x105;tek jego ko&#x144;ca to trz&#x119;sienie ziemi w 1283 r.\" data-ec=\"atomsArticleGalleryImage\" data-event-position-el=\"mainImage\" aria-label=\"Zobacz galeri&#x119;\" rel=\"nofollow noopener\" target=\"_blank\"><img decoding=\"async\" loading=\"eager\" fetchpriority=\"high\" class=\"atomsArticleGalleryImage__mainImg\" src=\"https:\/\/www.europesays.com\/pl\/wp-content\/uploads\/2026\/08\/67b56472bd150_o_medium.jpg\" alt=\"Gruzi&#x144;ska Wardzia by&#x142;a niesamowitym niewidocznym od zewn&#x105;trz samowystarczalnym skalnym miastem, w kt&#xF3;rym &#x17C;y&#x142;o w &#x15B;redniowieczu nawet 60 tysi&#x119;cy os&#xF3;b. Pocz&#x105;tek jego ko&#x144;ca to trz&#x119;sienie ziemi w 1283 r.\" width=\"1500\" height=\"1001\"\/><\/a><\/p>\n<p>\n        Gruzi\u0144ska Wardzia by\u0142a niesamowitym niewidocznym od zewn\u0105trz samowystarczalnym skalnym miastem, w kt\u00f3rym \u017cy\u0142o w \u015bredniowieczu nawet 60 tysi\u0119cy os\u00f3b. Pocz\u0105tek jego ko\u0144ca to trz\u0119sienie ziemi w 1283 r.<\/p>\n<p>          fot. Andrzej Gurba\n        <\/p>\n<p>Budow\u0119 tego niesamowitego miasta rozpocz\u0119to w XII wieku. Wydr\u0105\u017cono je skale. Mieszka\u0142o w nim nawet 60 tysi\u0119cy ludzi. Chodzi o Wardzi\u0119 w Gruzji. Miasto by\u0142o samowystarczalne i niewidoczne od zewn\u0105trz. Wszystko zmieni\u0142o si\u0119 w 1283 r., gdy trz\u0119sienie ziemi  ods\u0142oni\u0142o miasto wydr\u0105\u017cone w zboczu g\u00f3ry Eruszeli. To, co pozosta\u0142o po skalnym mie\u015bcie, mo\u017cna zwiedza\u0107. To ca\u0142kiem spory kompleks.&#13;<\/p>\n","protected":false},"excerpt":{"rendered":"Gruzi\u0144ska Wardzia by\u0142a niesamowitym niewidocznym od zewn\u0105trz samowystarczalnym skalnym miastem, w kt\u00f3rym \u017cy\u0142o w \u015bredniowieczu nawet 60 tysi\u0119cy&hellip;\n","protected":false},"author":2,"featured_media":652986,"comment_status":"","ping_status":"","sticky":false,"template":"","format":"standard","meta":{"footnotes":"","_share_on_mastodon":"0"},"categories":[51613],"tags":[7132,9667,127529,127531,25,42,38,40,39,41,127527,127530,127528],"class_list":["post-652985","post","type-post","status-publish","format-standard","has-post-thumbnail","category-bydgoszcz","tag-bydgoszcz","tag-gruzja","tag-gruzja-atrakcje","tag-miasto-wydrazone-w-skalach","tag-news","tag-pl","tag-poland","tag-polish","tag-polska","tag-polski","tag-skalne-miasto","tag-ukryte-miasto","tag-wardzia"],"share_on_mastodon":{"url":"https:\/\/pubeurope.com\/@pl\/117177115240441441","error":""},"_links":{"self":[{"href":"https:\/\/www.europesays.com\/pl\/wp-json\/wp\/v2\/posts\/652985","targetHints":{"allow":["GET"]}}],"collection":[{"href":"https:\/\/www.europesays.com\/pl\/wp-json\/wp\/v2\/posts"}],"about":[{"href":"https:\/\/www.europesays.com\/pl\/wp-json\/wp\/v2\/types\/post"}],"author":[{"embeddable":true,"href":"https:\/\/www.europesays.com\/pl\/wp-json\/wp\/v2\/users\/2"}],"replies":[{"embeddable":true,"href":"https:\/\/www.europesays.com\/pl\/wp-json\/wp\/v2\/comments?post=652985"}],"version-history":[{"count":0,"href":"https:\/\/www.europesays.com\/pl\/wp-json\/wp\/v2\/posts\/652985\/revisions"}],"wp:featuredmedia":[{"embeddable":true,"href":"https:\/\/www.europesays.com\/pl\/wp-json\/wp\/v2\/media\/652986"}],"wp:attachment":[{"href":"https:\/\/www.europesays.com\/pl\/wp-json\/wp\/v2\/media?parent=652985"}],"wp:term":[{"taxonomy":"category","embeddable":true,"href":"https:\/\/www.europesays.com\/pl\/wp-json\/wp\/v2\/categories?post=652985"},{"taxonomy":"post_tag","embeddable":true,"href":"https:\/\/www.europesays.com\/pl\/wp-json\/wp\/v2\/tags?post=652985"}],"curies":[{"name":"wp","href":"https:\/\/api.w.org\/{rel}","templated":true}]}}