{"id":652995,"date":"2026-08-29T05:24:17","date_gmt":"2026-08-29T05:24:17","guid":{"rendered":"https:\/\/www.europesays.com\/pl\/652995\/"},"modified":"2026-08-29T05:24:17","modified_gmt":"2026-08-29T05:24:17","slug":"lodz-jakie-srodki-na-trase-konstytucyjna-ministerstwo-infrastruktury-wskazuje-mozliwosci","status":"publish","type":"post","link":"https:\/\/www.europesays.com\/pl\/652995\/","title":{"rendered":"\u0141\u00f3d\u017a. Jakie \u015brodki na Tras\u0119 Konstytucyjn\u0105? Ministerstwo Infrastruktury wskazuje mo\u017cliwo\u015bci"},"content":{"rendered":"<p>Miasta \u0141odzi nie sta\u0107 na budow\u0119 Trasy Konstytucyjna a \u0142\u00f3dzki Uniwersytet Medyczny nie b\u0119dzie partycypowa\u0142 w kosztach jej budowy. Z pomoc\u0105 mog\u0142oby przyj\u015b\u0107 Ministerstwo Infrastruktury. Okazuje si\u0119 jednak, \u017ce magistrat musi tutaj wykaza\u0107 inicjatyw\u0119. <\/p>\n<p>Przynajmniej od roku maj\u0105 trwa\u0107 tr\u00f3jstronne rozmowy pomi\u0119dzy Urz\u0119dem Miasta \u0141odzi, \u0142\u00f3dzkim Uniwersytetem Medycznym i Ministerstwem Infrastruktury. Chodzi o budow\u0119 Trasy Konstytucyjnej \u2013 wschodniej obwodnicy miasta. Ta ulica b\u0119dzie mia\u0142a znaczenie w kontek\u015bcie dojazdu do rozwijaj\u0105cego si\u0119 Centrum Kliniczno-Dydaktycznego UMED przy ul. Pomorskiej.\u00a0Pomimo tego do prze\u0142omu droga wydaje si\u0119 daleka. <br \/>Ministerstwo Infrastruktury bez bezpo\u015bredniego przekazania \u015brodk\u00f3w<\/p>\n<p>Wracamy do tematu <a href=\"https:\/\/www.rynekinfrastruktury.pl\/wiadomosci\/miasto\/lodz-co-dalej-z-trasa-konstytucyjna-bez-przelomu-105907.html\" target=\"_blank\" rel=\"nofollow noopener\">budowy Trasy Konstytucyjnej w \u0141odzi<\/a>. Z 12-kilometrowej arterii z p\u00f3\u0142nocnego na po\u0142udniowy wsch\u00f3d miasta. Na pocz\u0105tek wybudowany mia\u0142by by\u0107 2,5-kilometrowy odcinek od ul. Telefonicznej do al. Pi\u0142sudskiego wraz z po\u0142\u0105czeniem z al. Grohman\u00f3w. Mamy teraz stanowisko resortu infrastruktury.<\/p>\n<p>Ten potwierdza, \u017ce przedstawiciele ministerstwa rozmawiali z \u0142\u00f3dzkimi urz\u0119dnikami na temat inwestycji infrastrukturalnych finansowanych lub wsp\u00f3\u0142finansowanych z bud\u017cetu pa\u0144stwa. Po\u015br\u00f3d nich prezentowane by\u0142y za\u0142o\u017cenia zwi\u0105zane z realizacj\u0105 Trasy Konstytucyjna.<\/p>\n<p>\u2013 Trzeba jednak pami\u0119ta\u0107, \u017ce \u0141\u00f3d\u017a jest miastem na prawach powiatu, dlatego zgodnie z ustaw\u0105 o drogach publicznych zarz\u0105dc\u0105 wszystkich dr\u00f3g publicznych na jej terenie, z wyj\u0105tkiem autostrad i dr\u00f3g ekspresowych, jest prezydent miasta \u2013 przypomina Rafa\u0142 Ja\u015bkowski, dyrektor Biura Komunikacji Ministerstwa Infrastruktury.<\/p>\n<p>Przedstawiciel MI wskazuje jednak mo\u017cliwo\u015bci, z jakich mo\u017ce skorzysta\u0107 Urz\u0105d Miasta \u0141odzi przy staraniu si\u0119 o \u015brodki na omawian\u0105 inwestycj\u0119. Pierwsz\u0105 z nich ma by\u0107 Rz\u0105dowy Fundusz Rozwoju Dr\u00f3g, kt\u00f3ry dysponuje \u015brodkami na realizacj\u0119 inwestycji polegaj\u0105cych na budowie, rozbudowie i modernizacji dr\u00f3g lokalnych. Jak czytamy w odpowiedzi, z niego mo\u017cliwe jest tak\u017ce wsparcie zada\u0144 miejskich \u201epolegaj\u0105cych na budowie, przebudowie lub remoncie dr\u00f3g wojew\u00f3dzkich, dr\u00f3g powiatowych lub dr\u00f3g gminnych, zarz\u0105dzanych przez prezydenta miasta na prawach powiatu b\u0119d\u0105cego siedzib\u0105 wojewody lub sejmiku wojew\u00f3dztwa\u201d.<\/p>\n<p><img decoding=\"async\" src=\"https:\/\/www.europesays.com\/pl\/wp-content\/uploads\/2026\/08\/1787981057_157_2026072818385620260729TrasaKonstytucyjnaLodzGrafikafotUML.jpg\"\/><\/p>\n<p>Materia\u0142y Urz\u0119du Miasta \u0141odzi | Przebieg Trasy Konstytucyjna na odcinku przeznaczonym do realizacji<\/p>\n<p>Kolejn\u0105 mo\u017cliwo\u015bci\u0105 ma by\u0107 rezerwa na uzupe\u0142nienie dochod\u00f3w jednostek samorz\u0105du terytorialnego, tworzona w ramach ustawy o dochodach jednostek samorz\u0105du terytorialnego.<\/p>\n<p>\u2013 Kryteria naboru i podzia\u0142 \u015brodk\u00f3w ustalane s\u0105 wsp\u00f3lnie przez stron\u0119 samorz\u0105dow\u0105 oraz rz\u0105dow\u0105, nab\u00f3r wniosk\u00f3w przeprowadza minister infrastruktury, a \u015brodkami dysponuje minister finans\u00f3w. W tym roku pula \u015brodk\u00f3w na dofinansowanie zada\u0144 samorz\u0105d\u00f3w to ok. 800 mln z\u0142otych \u2013 wyja\u015bnia dyrektor Ja\u015bkowski.<\/p>\n<p>Od 6 lipca tego roku samorz\u0105dy mog\u0105 te\u017c ubiega\u0107 si\u0119 o \u015brodki w ramach Funduszu Bezpiecze\u0144stwa i Obronno\u015bci (FBiO). \u2013 \u015arodki mog\u0105 by\u0107 przeznaczone m.in. na budow\u0119 oraz modernizacj\u0119 dr\u00f3g, most\u00f3w i tuneli pozostaj\u0105cych w gestii jednostek samorz\u0105du terytorialnego w celu doprowadzenia do standard\u00f3w mobilno\u015bci wojskowej \u2013 t\u0142umaczy Rafa\u0142 Ja\u015bkowski, dyrektor Biura Komunikacji Ministerstwa Infrastruktury.<\/p>\n<p>W tym przypadku s\u0105 to jednak po\u017cyczki, ale nadal jest to tryb konkursowy. \u0141\u00f3dzki magistrat musia\u0142by z\u0142o\u017cy\u0107 wniosek o dofinansowanie inwestycji w naborze prowadzonym przez Bank Gospodarstwa Krajowego we wsp\u00f3\u0142pracy z Ministerstwem Obrony Narodowej.<\/p>\n<p>Budowa Trasy Konstytucyjnej bez tr\u00f3jstronnego porozumienia<\/p>\n<p>\u0141\u00f3dzki Uniwersytet Medyczny przyzna\u0142 na pocz\u0105tku sierpnia tego roku, \u017ce cho\u0107 rozmowy trwaj\u0105 ju\u017c ponad rok, to <a href=\"https:\/\/www.rynekinfrastruktury.pl\/wiadomosci\/miasto\/lodz-uniwersytet-medyczny-o-trasie-konstytucyjna-106096.html\" target=\"_blank\" rel=\"nofollow noopener\">strony nadal nie podpisa\u0142y formalnego porozumienia<\/a> w sprawie Trasy Konstytucyjnej. Uniwersytet nie b\u0119dzie te\u017c partycypowa\u0142 w kosztach jej budowy, bo nie mo\u017ce. Jedynie dowi\u0105\u017ce ulice na swoim terenie do ulic miejskich.<\/p>\n<p>\u2013 Cho\u0107 obecnie nie ma formalnych porozumie\u0144 dotycz\u0105cych realizacji inwestycji, dotychczasowe rozmowy i wsp\u00f3\u0142praca wskazuj\u0105 na zgodno\u015b\u0107 stanowisk co do jej znaczenia oraz wol\u0119 dalszego wsp\u00f3\u0142dzia\u0142ania przy rozwijaniu projektu \u2013 przekaza\u0142a Joanna Or\u0142owska, dyrektorka Biura Rektora i rzeczniczka prasowa Uniwersytetu Medycznego.<\/p>\n","protected":false},"excerpt":{"rendered":"Miasta \u0141odzi nie sta\u0107 na budow\u0119 Trasy Konstytucyjna a \u0142\u00f3dzki Uniwersytet Medyczny nie b\u0119dzie partycypowa\u0142 w kosztach jej&hellip;\n","protected":false},"author":2,"featured_media":652996,"comment_status":"","ping_status":"","sticky":false,"template":"","format":"standard","meta":{"footnotes":"","_share_on_mastodon":"0"},"categories":[51608],"tags":[7648,7650,2624,54135,7651,2995,3652,7649,7653,2801,42,38,40,39,41,6228,7647,7646,7652,116027],"class_list":["post-652995","post","type-post","status-publish","format-standard","has-post-thumbnail","category-lodz","tag-autostrada","tag-cieplownictwo","tag-energetyka","tag-inwestycje-miejskie","tag-linie-kolejowe","tag-lotnisko","tag-lodz","tag-obwodnica","tag-operatorzy","tag-pkp-plk","tag-pl","tag-poland","tag-polish","tag-polska","tag-polski","tag-porty","tag-porty-lotnicze","tag-stocznie","tag-telekomunikacja","tag-trasa-konstytucyjna"],"share_on_mastodon":{"url":"https:\/\/pubeurope.com\/@pl\/117177134844374912","error":""},"_links":{"self":[{"href":"https:\/\/www.europesays.com\/pl\/wp-json\/wp\/v2\/posts\/652995","targetHints":{"allow":["GET"]}}],"collection":[{"href":"https:\/\/www.europesays.com\/pl\/wp-json\/wp\/v2\/posts"}],"about":[{"href":"https:\/\/www.europesays.com\/pl\/wp-json\/wp\/v2\/types\/post"}],"author":[{"embeddable":true,"href":"https:\/\/www.europesays.com\/pl\/wp-json\/wp\/v2\/users\/2"}],"replies":[{"embeddable":true,"href":"https:\/\/www.europesays.com\/pl\/wp-json\/wp\/v2\/comments?post=652995"}],"version-history":[{"count":0,"href":"https:\/\/www.europesays.com\/pl\/wp-json\/wp\/v2\/posts\/652995\/revisions"}],"wp:featuredmedia":[{"embeddable":true,"href":"https:\/\/www.europesays.com\/pl\/wp-json\/wp\/v2\/media\/652996"}],"wp:attachment":[{"href":"https:\/\/www.europesays.com\/pl\/wp-json\/wp\/v2\/media?parent=652995"}],"wp:term":[{"taxonomy":"category","embeddable":true,"href":"https:\/\/www.europesays.com\/pl\/wp-json\/wp\/v2\/categories?post=652995"},{"taxonomy":"post_tag","embeddable":true,"href":"https:\/\/www.europesays.com\/pl\/wp-json\/wp\/v2\/tags?post=652995"}],"curies":[{"name":"wp","href":"https:\/\/api.w.org\/{rel}","templated":true}]}}