{"id":652997,"date":"2026-08-29T05:25:09","date_gmt":"2026-08-29T05:25:09","guid":{"rendered":"https:\/\/www.europesays.com\/pl\/652997\/"},"modified":"2026-08-29T05:25:09","modified_gmt":"2026-08-29T05:25:09","slug":"co-z-zakazem-wjazdu-na-wroclawski-plac-solny-jest-decyzja-magistratu","status":"publish","type":"post","link":"https:\/\/www.europesays.com\/pl\/652997\/","title":{"rendered":"Co z zakazem wjazdu na wroc\u0142awski Plac Solny? Jest decyzja magistratu"},"content":{"rendered":"<p>Plac Solny we Wroc\u0142awiu &#8211; zdj\u0119cie ilustracyjne.<\/p>\n<p>Fot: Piotr Ka\u017amierczak\/ Radio Wroc\u0142aw<\/p>\n<p>Wroc\u0142aw przed\u0142u\u017ca pilota\u017cowe ograniczenie ruchu na Placu Solnym i ul. Kie\u0142ba\u015bniczej. Od wrze\u015bnia zmiana w weekendy.<\/p>\n<p style=\"text-align: justify;\">Od 4 wrze\u015bnia zakaz wjazdu od poniedzia\u0142ku do czwartku b\u0119dzie obowi\u0105zywa\u0142 od godz. 22.00 do 5.00, natomiast w pi\u0105tki, soboty i niedziele od godz. 18.00 do 5.00. Miasto zdecydowa\u0142o si\u0119 na kontynuacj\u0119 rozwi\u0105zania po pozytywnych opiniach mieszka\u0144c\u00f3w i s\u0142u\u017cb, kt\u00f3re wskazuj\u0105 na mniejszy ha\u0142as i spokojniejszy ruch w centrum. Od 1 maja do 25 sierpnia 2026 roku policja odnotowa\u0142a w tym rejonie 74 interwencje, podczas gdy rok wcze\u015bniej w tym samym okresie by\u0142o ich 133.<\/p>\n<p>Kto mo\u017ce wjecha\u0107 na Plac Solny?<\/p>\n<p style=\"text-align: justify;\">W godzinach obowi\u0105zywania ogranicze\u0144 na plac nadal b\u0119d\u0105 mogli wje\u017cd\u017ca\u0107 m.in. mieszka\u0144cy, przedsi\u0119biorcy, restauratorzy, hotelarze oraz go\u015bcie hoteli. Wyj\u0105tek przewidziano r\u00f3wnie\u017c dla klient\u00f3w ca\u0142odobowych kwiaciarni, kt\u00f3rzy po poinformowaniu Stra\u017cy Miejskiej b\u0119d\u0105 mogli wjecha\u0107 na Plac Solny i skorzysta\u0107 z wyznaczonych miejsc postojowych. Zmiana godzin w weekendy jest odpowiedzi\u0105 na uwagi floryst\u00f3w, kt\u00f3rzy zabiegali o d\u0142u\u017cszy dost\u0119p do placu dla og\u00f3lnego ruchu.<\/p>\n<p style=\"text-align: justify;\">Poza godzinami ogranicze\u0144 samochody b\u0119d\u0105 mog\u0142y porusza\u0107 si\u0119 na dotychczasowych zasadach. Nowe rozwi\u0105zanie ma by\u0107 testowane do rozpocz\u0119cia Jarmarku Bo\u017conarodzeniowego, kiedy Plac Solny ponownie zostanie zamkni\u0119ty dla ruchu.<\/p>\n","protected":false},"excerpt":{"rendered":"Plac Solny we Wroc\u0142awiu &#8211; zdj\u0119cie ilustracyjne. Fot: Piotr Ka\u017amierczak\/ Radio Wroc\u0142aw Wroc\u0142aw przed\u0142u\u017ca pilota\u017cowe ograniczenie ruchu na&hellip;\n","protected":false},"author":2,"featured_media":652998,"comment_status":"","ping_status":"","sticky":false,"template":"","format":"standard","meta":{"footnotes":"","_share_on_mastodon":"0"},"categories":[51607],"tags":[66629,2792,31607,127536,34720,42,44222,38,40,39,41,62045,127535,1853,97920,44413,127534],"class_list":["post-652997","post","type-post","status-publish","format-standard","has-post-thumbnail","category-wroclaw","tag-co","tag-decyzja","tag-jest","tag-magistratu","tag-na","tag-pl","tag-plac","tag-poland","tag-polish","tag-polska","tag-polski","tag-solny","tag-wjazdu","tag-wroclaw","tag-wroclawski","tag-z","tag-zakazem"],"share_on_mastodon":{"url":"https:\/\/pubeurope.com\/@pl\/117177137899763153","error":""},"_links":{"self":[{"href":"https:\/\/www.europesays.com\/pl\/wp-json\/wp\/v2\/posts\/652997","targetHints":{"allow":["GET"]}}],"collection":[{"href":"https:\/\/www.europesays.com\/pl\/wp-json\/wp\/v2\/posts"}],"about":[{"href":"https:\/\/www.europesays.com\/pl\/wp-json\/wp\/v2\/types\/post"}],"author":[{"embeddable":true,"href":"https:\/\/www.europesays.com\/pl\/wp-json\/wp\/v2\/users\/2"}],"replies":[{"embeddable":true,"href":"https:\/\/www.europesays.com\/pl\/wp-json\/wp\/v2\/comments?post=652997"}],"version-history":[{"count":0,"href":"https:\/\/www.europesays.com\/pl\/wp-json\/wp\/v2\/posts\/652997\/revisions"}],"wp:featuredmedia":[{"embeddable":true,"href":"https:\/\/www.europesays.com\/pl\/wp-json\/wp\/v2\/media\/652998"}],"wp:attachment":[{"href":"https:\/\/www.europesays.com\/pl\/wp-json\/wp\/v2\/media?parent=652997"}],"wp:term":[{"taxonomy":"category","embeddable":true,"href":"https:\/\/www.europesays.com\/pl\/wp-json\/wp\/v2\/categories?post=652997"},{"taxonomy":"post_tag","embeddable":true,"href":"https:\/\/www.europesays.com\/pl\/wp-json\/wp\/v2\/tags?post=652997"}],"curies":[{"name":"wp","href":"https:\/\/api.w.org\/{rel}","templated":true}]}}