{"id":653001,"date":"2026-08-29T05:27:19","date_gmt":"2026-08-29T05:27:19","guid":{"rendered":"https:\/\/www.europesays.com\/pl\/653001\/"},"modified":"2026-08-29T05:27:19","modified_gmt":"2026-08-29T05:27:19","slug":"amerykanin-przyjechal-do-polski-i-mowi-wprost-nie-moge-uwierzyc","status":"publish","type":"post","link":"https:\/\/www.europesays.com\/pl\/653001\/","title":{"rendered":"Amerykanin przyjecha\u0142 do Polski i m\u00f3wi wprost. &#8222;Nie mog\u0119 uwierzy\u0107&#8221;"},"content":{"rendered":"<p>Polska po raz kolejny zachwyci\u0142a zagranicznego podr\u00f3\u017cnika. Tym razem pod ogromnym wra\u017ceniem naszego kraju jest Christian Grossi, popularny ameryka\u0144ski tw\u00f3rca internetowy, kt\u00f3rego profil na TikToku obserwuje ponad 2,4 mln u\u017cytkownik\u00f3w. Podczas wizyty na Podhalu odwiedzi\u0142 Morskie Oko i nie kry\u0142 swojego zaskoczenia.<\/p>\n<p>\u2014 Polsko, czy to naprawd\u0119 wasze? \u2014 zapyta\u0142 w opublikowanym nagraniu.<\/p>\n<p>Dalszy ci\u0105g artyku\u0142u pod materia\u0142em wideo<\/p>\n<p>Jak przyzna\u0142, widoki, kt\u00f3re zobaczy\u0142 w Tatrach, bardziej skojarzy\u0142y mu si\u0119 ze Szwajcari\u0105 ni\u017c z Polsk\u0105. \u2014 To mo\u017ce by\u0107 jedno z najpi\u0119kniejszych miejsc, jakie widzia\u0142em w ca\u0142ym swoim \u017cyciu. Nie mog\u0119 uwierzy\u0107, \u017ce to jest Polska \u2014 powiedzia\u0142.<\/p>\n<p>Szczeg\u00f3ln\u0105 uwag\u0119 zwr\u00f3ci\u0142y kolory krajobrazu. Zachwyca\u0142 si\u0119 intensywn\u0105 zieleni\u0105 otaczaj\u0105cych g\u00f3r oraz turkusow\u0105 tafl\u0105 jeziora.<\/p>\n<p class=\"ods-o-quote__paragraph\">Sp\u00f3jrzcie na kolory. Jasna ziele\u0144, turkusowa woda, a kiedy podejdzie si\u0119 bli\u017cej \u2014 niemal przezroczysta i ca\u0142kowicie czysta.<\/p>\n<p>\u2014 relacjonowa\u0142.<\/p>\n<p>M\u0119\u017cczyzna podkre\u015bli\u0142, \u017ce Europa nie jest mu obca. Jak sam przyzna\u0142, odwiedza\u0142 j\u0105 wielokrotnie i zwiedzi\u0142 niemal wszystkie kraje kontynentu. Mimo to widoki nad Morskim Okiem okaza\u0142y si\u0119 dla niego du\u017cym zaskoczeniem.<\/p>\n<p>\u2014 W Europie by\u0142em 20 albo 30 razy. Zwiedzi\u0142em prawie ka\u017cdy kraj na tym kontynencie i nigdy nie wyobra\u017ca\u0142em sobie, \u017ce takie miejsce znajduje si\u0119 w\u0142a\u015bnie w Polsce \u2014 stwierdzi\u0142.<\/p>\n<p>Grossi zwr\u00f3ci\u0142 uwag\u0119 nie tylko na walory przyrodnicze Tatr, ale r\u00f3wnie\u017c na \u0142atwo\u015b\u0107 dotarcia do Morskiego Oka. Wed\u0142ug niego to jeden z atut\u00f3w tego miejsca.<\/p>\n<p>\u2014 Sp\u00f3jrzcie na to! To wygl\u0105da jak Morze \u015ar\u00f3dziemne. Ale nim nie jest. To Polska \u2014 podkre\u015bli\u0142, pokazuj\u0105c malownicze krajobrazy wok\u00f3\u0142 jeziora.<\/p>\n<p><img class=\"ods-a-photo ods-a-photo--background\" src=\"https:\/\/www.europesays.com\/pl\/wp-content\/uploads\/2026\/08\/1787981239_453_gEOk9lBaHR0cHM6Ly9vY2RuLmV1L3B1bHNjbXMvTURBXy8zZTg5YTkxZGQ0ZTdhZDBiMzg5YzBkMTEzNDhiZTMzOS5qcGeRlQLNA.jpeg\" height=\"237\" width=\"450\" alt=\"R\u00f3\u017ca\" loading=\"lazy\" fetchpriority=\"low\" decoding=\"async\"\/><\/p>\n<p>Amerykanin wspomnia\u0142 r\u00f3wnie\u017c o bilecie wst\u0119pu do Tatrza\u0144skiego Parku Narodowego. Jego zdaniem op\u0142ata jest niewielka.<\/p>\n<p>\u2014 Przed wej\u015bciem trzeba kupi\u0107 bilet. Kosztuje oko\u0142o dw\u00f3ch dolar\u00f3w i, jak s\u0105dz\u0119, pieni\u0105dze przeznaczane s\u0105 na utrzymanie parku narodowego, sprz\u0105tanie i tym podobne rzeczy. Ale wow \u2014 powiedzia\u0142.<\/p>\n","protected":false},"excerpt":{"rendered":"Polska po raz kolejny zachwyci\u0142a zagranicznego podr\u00f3\u017cnika. Tym razem pod ogromnym wra\u017ceniem naszego kraju jest Christian Grossi, popularny&hellip;\n","protected":false},"author":2,"featured_media":653002,"comment_status":"","ping_status":"","sticky":false,"template":"","format":"standard","meta":{"footnotes":"","_share_on_mastodon":"0"},"categories":[12],"tags":[210,61195,18243,48,8357,48364,46,42,38,40,39,41,47,3492],"class_list":["post-653001","post","type-post","status-publish","format-standard","has-post-thumbnail","category-polska","tag-aktualnosci","tag-bottomfeed_styl","tag-morskie_oko","tag-nat_styl","tag-obcokrajowcy","tag-obcokrajowcy_w_polsce","tag-omp","tag-pl","tag-poland","tag-polish","tag-polska","tag-polski","tag-screening_general","tag-tatry"],"share_on_mastodon":{"url":"https:\/\/pubeurope.com\/@pl\/117177145700361437","error":""},"_links":{"self":[{"href":"https:\/\/www.europesays.com\/pl\/wp-json\/wp\/v2\/posts\/653001","targetHints":{"allow":["GET"]}}],"collection":[{"href":"https:\/\/www.europesays.com\/pl\/wp-json\/wp\/v2\/posts"}],"about":[{"href":"https:\/\/www.europesays.com\/pl\/wp-json\/wp\/v2\/types\/post"}],"author":[{"embeddable":true,"href":"https:\/\/www.europesays.com\/pl\/wp-json\/wp\/v2\/users\/2"}],"replies":[{"embeddable":true,"href":"https:\/\/www.europesays.com\/pl\/wp-json\/wp\/v2\/comments?post=653001"}],"version-history":[{"count":0,"href":"https:\/\/www.europesays.com\/pl\/wp-json\/wp\/v2\/posts\/653001\/revisions"}],"wp:featuredmedia":[{"embeddable":true,"href":"https:\/\/www.europesays.com\/pl\/wp-json\/wp\/v2\/media\/653002"}],"wp:attachment":[{"href":"https:\/\/www.europesays.com\/pl\/wp-json\/wp\/v2\/media?parent=653001"}],"wp:term":[{"taxonomy":"category","embeddable":true,"href":"https:\/\/www.europesays.com\/pl\/wp-json\/wp\/v2\/categories?post=653001"},{"taxonomy":"post_tag","embeddable":true,"href":"https:\/\/www.europesays.com\/pl\/wp-json\/wp\/v2\/tags?post=653001"}],"curies":[{"name":"wp","href":"https:\/\/api.w.org\/{rel}","templated":true}]}}