{"id":653017,"date":"2026-08-29T05:35:25","date_gmt":"2026-08-29T05:35:25","guid":{"rendered":"https:\/\/www.europesays.com\/pl\/653017\/"},"modified":"2026-08-29T05:35:25","modified_gmt":"2026-08-29T05:35:25","slug":"dlaczego-szef-cia-polecial-do-moskwy-gen-pytel-ostrzega-przed-planem-rosji","status":"publish","type":"post","link":"https:\/\/www.europesays.com\/pl\/653017\/","title":{"rendered":"Dlaczego szef CIA polecia\u0142 do Moskwy? Gen. Pytel ostrzega przed planem Rosji"},"content":{"rendered":"<p>Edyta \u017bem\u0142a: Nag\u0142a wizyta szefa CIA Johna Ratcliffe&#8217;a w Moskwie wywo\u0142a\u0142a wiele spekulacji. Jak pan j\u0105 interpretuje?<\/p>\n<p>Gen. Piotr Pytel: Zwr\u00f3ci\u0142a moj\u0105 uwag\u0119 w\u0142a\u015bnie dlatego, \u017ce by\u0142a niestandardowa. Takie wizyty odbywaj\u0105 si\u0119 zwykle wtedy, gdy trzeba przekaza\u0107 piln\u0105 informacj\u0119 albo rozwi\u0105za\u0107 nag\u0142\u0105 sytuacj\u0119 kryzysow\u0105.<\/p>\n<p>Od d\u0142u\u017cszego czasu zwracam uwag\u0119 na mo\u017cliwo\u015b\u0107 czasowego zaj\u0119cia przez Rosj\u0119 fragmentu terytorium jednego z pa\u0144stw ba\u0142tyckich. Nie m\u00f3wi\u0119 o pe\u0142noskalowej wojnie, ale o ograniczonej operacji wojskowej, kt\u00f3rej celem by\u0142oby pokazanie i udowodnienie rosyjskiemu spo\u0142ecze\u0144stwu, \u017ce konflikt z Ukrain\u0105 jest w rzeczywisto\u015bci konfliktem z NATO.<\/p>\n<p>Sygna\u0142em ostrzegawczym by\u0142y dla mnie <a href=\"https:\/\/wiadomosci.onet.pl\/swiat\/siergiej-lawrow-o-brytyjskich-dronach-mamy-prawo-uwazac-to-za-udzial-w-wojnie\/cbl11qm\" id=\"d4e526a4-caad-4881-b329-1567c809f404\" rel=\"nofollow noopener\" target=\"_blank\">s\u0142owa ministra spraw zagranicznych Rosji Siergieja \u0141awrowa<\/a>, kt\u00f3ry stwierdzi\u0142, \u017ce Wielka Brytania przyst\u0105pi\u0142a do wojny. Takie deklaracje wpisuj\u0105 si\u0119 w przygotowywanie opinii publicznej do mo\u017cliwych dzia\u0142a\u0144 militarnych wobec pa\u0144stw Sojuszu w bliskim horyzoncie czasowym.<\/p>\n<p>A mo\u017ce ta wizyta nie by\u0142a zwi\u0105zana z Europ\u0105, tylko z sytuacj\u0105 na Bliskim Wschodzie? Stany Zjednoczone maj\u0105 tam dzi\u015b wiele problem\u00f3w i by\u0107 mo\u017ce potrzebuj\u0105 Rosji do wywarcia presji na Iran.<\/p>\n<p>Tego nie mo\u017cna wykluczy\u0107, ale bra\u0142bym tu pod uwag\u0119 oportunistyczn\u0105 zmian\u0119 postawy Rosji wobec Iranu. Przez lata Iran by\u0142 dla Moskwy niezwykle wa\u017cnym partnerem. Dzi\u015b w Teheranie s\u0142ycha\u0107 g\u0142osy rozczarowania, \u017ce Rosja nie udzieli\u0142a oczekiwanego wsparcia podczas ostatniego kryzysu.<\/p>\n<p>Dlatego nie jestem przekonany, \u017ce Kreml ma obecnie mo\u017cliwo\u015b\u0107 skutecznego wp\u0142ywania na decyzje Iranu w sprawach takich jak konflikt w rejonie cie\u015bniny Ormuz. Znacznie bardziej prawdopodobne wydaje mi si\u0119, \u017ce chodzi\u0142o o kwestie zwi\u0105zane z bezpiecze\u0144stwem europejskim, kt\u00f3re mog\u0142yby postawi\u0107 Trumpa w k\u0142opotliwej sytuacji.<\/p>\n<p>Z czego wynika\u0142aby taka gotowo\u015b\u0107 Rosji do podj\u0119cia ryzyka konfrontacji z NATO?<\/p>\n<p>Moim zdaniem przede wszystkim z sytuacji wewn\u0119trznej. Rosja musi stale podtrzymywa\u0107 narracj\u0119 o zewn\u0119trznym zagro\u017ceniu. Wbrew popularnym opiniom o rosyjskim imperializmie, to nie ekspansja terytorialna jest celem samym w sobie. Najwa\u017cniejsze jest utrzymanie w\u0142adzy.<\/p>\n<p>W Rosji od ponad stu lat ogromny wp\u0142yw na kierownictwo pa\u0144stwa, jego optyk\u0119 i procesy decyzyjne maj\u0105 s\u0142u\u017cby specjalne. System polityczny jest zbudowany wok\u00f3\u0142 kontroli spo\u0142ecze\u0144stwa, kszta\u0142towania nastroj\u00f3w i zarz\u0105dzania strachem. Wojna jest jednym z narz\u0119dzi takiej polityki.<\/p>\n<p>Dalszy ci\u0105g artyku\u0142u pod materia\u0142em wideo<\/p>\n<p>Czyli uwa\u017ca pan, \u017ce fundamenty obecnej w\u0142adzy w Rosji zaczynaj\u0105 si\u0119 chwia\u0107?<\/p>\n<p>Zdecydowanie. W\u0142a\u015bnie st\u0105d mo\u017ce wynika\u0107 potrzeba coraz bardziej agresywnych dzia\u0142a\u0144. Je\u017celi Kreml przekonuje obywateli, \u017ce Rosja walczy z NATO, to sama propaganda mo\u017ce ju\u017c nie wystarczy\u0107. Demonstracyjne wej\u015bcie na terytorium jednego z pa\u0144stw Sojuszu by\u0142oby przedstawione jako dow\u00f3d, \u017ce Rosja rzeczywi\u015bcie mierzy si\u0119 z Zachodem.<\/p>\n<p>M\u00f3wi pan o Putinie czy o ca\u0142ym rosyjskim establishmencie?<\/p>\n<p>O ca\u0142ym systemie w\u0142adzy skupionym wok\u00f3\u0142 Kremla. Warto pami\u0119ta\u0107, \u017ce rosyjskie s\u0142u\u017cby nie zajmuj\u0105 si\u0119 wy\u0142\u0105cznie zwalczaniem opozycji. Regularnie dochodzi do zatrzyma\u0144 wysokich urz\u0119dnik\u00f3w, genera\u0142\u00f3w czy przedstawicieli biznesu. To pe\u0142ni funkcj\u0119 dyscyplinuj\u0105c\u0105 i jednocze\u015bnie pokazuje spo\u0142ecze\u0144stwu, \u017ce pa\u0144stwo rzekomo walczy z ka\u017cdym przejawem korupcji, nawet na szczytach w\u0142adzy.<\/p>\n<p>To element komunikatu: w\u0142adza jest silna, sprawiedliwa i kontroluje sytuacj\u0119.<\/p>\n<p>Ostatnim razem, gdy szef CIA odwiedza\u0142 Moskw\u0119, kr\u00f3tko p\u00f3\u017aniej wybuch\u0142a wojna w Ukrainie. Czy tym razem mo\u017ce by\u0107 podobnie?<\/p>\n<p>Tego oczywi\u015bcie nie wiemy. Zak\u0142adam jednak, \u017ce Amerykanie przekazali Rosjanom informacje, kt\u00f3re posiadaj\u0105. Je\u017celi rzeczywi\u015bcie zaobserwowali przygotowania do okre\u015blonej operacji wojskowej, mogli przedstawi\u0107 dowody pochodz\u0105ce z rozpoznania satelitarnego, ale przede wszystkim z zaawansowanego technicznie rozpoznania lotniczego i ostrzec przed konsekwencjami. Zdj\u0119cia rzucone na st\u00f3\u0142, kt\u00f3re k\u0142uj\u0105 w oczy.<\/p>\n<p>Dla Putina oznacza\u0142oby to konieczno\u015b\u0107 kalkulacji politycznej. Ewentualny atak na pa\u0144stwo NATO m\u00f3g\u0142by doprowadzi\u0107 do utraty dotychczasowego, systematycznego wsparcia administracji Donalda Trumpa czy przynajmniej znacz\u0105co ograniczy\u0107 mo\u017cliwo\u015bci wsp\u00f3\u0142pracy.<\/p>\n<p>Nowe doniesienia o celu wizyty szefa CIA w Rosji. &#8222;S\u0142u\u017cy\u0142a ostrze\u017ceniu przed atakiem na NATO&#8221;<img class=\"ods-a-photo ods-a-photo--background\" src=\"https:\/\/www.europesays.com\/pl\/wp-content\/uploads\/2026\/08\/1787981725_776_IkNk9lBaHR0cHM6Ly9vY2RuLmV1L3B1bHNjbXMvTURBXy9hMjdkODBhNjY1MTVjYWIzNThmOGE5ZWU1Y2MwZTNhNC5qcGeRlQLNA.jpeg\" height=\"297\" width=\"450\" alt=\"John Ratcliffe; Kreml w tle\" loading=\"lazy\" fetchpriority=\"low\" decoding=\"async\"\/><\/p>\n<p>Jakie dzia\u0142ania Rosji mog\u0142yby wskazywa\u0107 na przygotowania do takiej operacji?<\/p>\n<p>Charakterystyczne s\u0105 przede wszystkim dzia\u0142ania logistyczne. Przemieszczanie zapas\u00f3w paliwa, rozwijanie stanowisk dowodzenia i \u0142\u0105czno\u015bci, podnoszenie gotowo\u015bci jednostek, organizowanie zabezpieczenia materia\u0142owego, bojowe rozwijanie mobilnych stanowisk rozpoznania radioelektronicznego i masy innych symptomatycznych przygotowa\u0144 do operacji zbrojnej na docelowym terenie.<\/p>\n<p>Takich przygotowa\u0144 nie da si\u0119 ukry\u0107, je\u015bli planuje si\u0119 wi\u0119ksz\u0105 operacj\u0119 l\u0105dow\u0105. Je\u017celi Amerykanie rzeczywi\u015bcie zaobserwowali podobne sygna\u0142y, mog\u0142o to by\u0107 bezpo\u015bredni\u0105 przyczyn\u0105 wizyty Ratcliffe&#8217;a w Moskwie.<\/p>\n<p>W jakiej perspektywie czasowej widzia\u0142by pan mo\u017cliwo\u015b\u0107 takiego scenariusza?<\/p>\n<p>Je\u015bli moja interpretacja jest trafna, to z pewno\u015bci\u0105 nie m\u00f3wimy o latach czy nawet o wielu miesi\u0105cach. Wypowied\u017a \u0141awrowa traktuj\u0119 jako element bezpo\u015bredniego przygotowania czy preparacji informacyjnej rosyjskiego spo\u0142ecze\u0144stwa. Tego rodzaju narracja zwykle poprzedza konkretne dzia\u0142ania.<\/p>\n<p>Dlatego raczej m\u00f3wi\u0142bym o najbli\u017cszych tygodniach lub miesi\u0105cach. Zw\u0142aszcza \u017ce warunki pogodowe ograniczaj\u0105 mo\u017cliwo\u015bci prowadzenia niekt\u00f3rych operacji wojskowych p\u00f3\u017an\u0105 jesieni\u0105 i zim\u0105.<\/p>\n","protected":false},"excerpt":{"rendered":"Edyta \u017bem\u0142a: Nag\u0142a wizyta szefa CIA Johna Ratcliffe&#8217;a w Moskwie wywo\u0142a\u0142a wiele spekulacji. Jak pan j\u0105 interpretuje? Gen.&hellip;\n","protected":false},"author":2,"featured_media":653018,"comment_status":"","ping_status":"","sticky":false,"template":"","format":"standard","meta":{"footnotes":"","_share_on_mastodon":"0"},"categories":[14],"tags":[56,61195,32,33,14131,44,27,76,20036,34,35,28,31,48,160,25,46,121121,40,41,87,47,80,29,30,341,71,26,408,82,83,84],"class_list":["post-653017","post","type-post","status-publish","format-standard","has-post-thumbnail","category-swiat","tag-article_premium","tag-bottomfeed_styl","tag-breaking-news","tag-breakingnews","tag-cia","tag-donald_trump","tag-headlines","tag-inwazja_rosji_na_ukraine","tag-john_ratcliffe","tag-latest-news","tag-latestnews","tag-naglowki","tag-najwazniejsze-artykuly","tag-nat_styl","tag-nato","tag-news","tag-omp","tag-piotr_pytel","tag-polish","tag-polski","tag-rosja","tag-screening_general","tag-swiat","tag-top-stories","tag-topstories","tag-tylko_w_onecie","tag-usa","tag-wiadomosci","tag-wladimir_putin","tag-world","tag-world-news","tag-worldnews"],"share_on_mastodon":{"url":"https:\/\/pubeurope.com\/@pl\/117177178242399823","error":""},"_links":{"self":[{"href":"https:\/\/www.europesays.com\/pl\/wp-json\/wp\/v2\/posts\/653017","targetHints":{"allow":["GET"]}}],"collection":[{"href":"https:\/\/www.europesays.com\/pl\/wp-json\/wp\/v2\/posts"}],"about":[{"href":"https:\/\/www.europesays.com\/pl\/wp-json\/wp\/v2\/types\/post"}],"author":[{"embeddable":true,"href":"https:\/\/www.europesays.com\/pl\/wp-json\/wp\/v2\/users\/2"}],"replies":[{"embeddable":true,"href":"https:\/\/www.europesays.com\/pl\/wp-json\/wp\/v2\/comments?post=653017"}],"version-history":[{"count":0,"href":"https:\/\/www.europesays.com\/pl\/wp-json\/wp\/v2\/posts\/653017\/revisions"}],"wp:featuredmedia":[{"embeddable":true,"href":"https:\/\/www.europesays.com\/pl\/wp-json\/wp\/v2\/media\/653018"}],"wp:attachment":[{"href":"https:\/\/www.europesays.com\/pl\/wp-json\/wp\/v2\/media?parent=653017"}],"wp:term":[{"taxonomy":"category","embeddable":true,"href":"https:\/\/www.europesays.com\/pl\/wp-json\/wp\/v2\/categories?post=653017"},{"taxonomy":"post_tag","embeddable":true,"href":"https:\/\/www.europesays.com\/pl\/wp-json\/wp\/v2\/tags?post=653017"}],"curies":[{"name":"wp","href":"https:\/\/api.w.org\/{rel}","templated":true}]}}