{"id":653107,"date":"2026-08-29T06:34:13","date_gmt":"2026-08-29T06:34:13","guid":{"rendered":"https:\/\/www.europesays.com\/pl\/653107\/"},"modified":"2026-08-29T06:34:13","modified_gmt":"2026-08-29T06:34:13","slug":"znamy-godzine-pierwszego-meczu-igi-swiatek-w-us-open","status":"publish","type":"post","link":"https:\/\/www.europesays.com\/pl\/653107\/","title":{"rendered":"Znamy godzin\u0119 pierwszego meczu Igi \u015awi\u0105tek w US Open"},"content":{"rendered":"<p>Reprezentantka Polski niezmiennie rozgrywa swoje spotkania na najwi\u0119kszych kortach nowojorskiego turnieju. Taki zaszczyt przys\u0142uguje by\u0142ej liderce, ale przede wszystkim by\u0142ej mistrzyni US Open. Tym razem Ig\u0119 \u015awi\u0105tek obejrzymy na korcie im. Louisa Armstronga, drugim co do wielko\u015bci w ca\u0142ym turnieju.<\/p>\n<p>Dalszy ci\u0105g artyku\u0142u pod materia\u0142em wideo<\/p>\n<p>Starcie Polki z Xiyu Wang zaplanowano na 19.00 czasu lokalnego, co oznacza, \u017ce polscy fani musz\u0105 uzbroi\u0107 si\u0119 cierpliwo\u015b\u0107. Nasza reprezentantka wyjdzie na kort nie przed 1.00 w nocy z poniedzia\u0142ku na wtorek. Wcze\u015bniej na tym samym korcie zagra Amanda Anisimova, finalistka ubieg\u0142orocznej edycji.<\/p>\n<p>Znamy godzin\u0119 meczu Igi \u015awi\u0105tek w US Open<\/p>\n<p>Tego samego dnia du\u017co b\u0119dzie dzia\u0142o si\u0119 na korcie centralnym. Na stadion im. Arthura Ashe&#8217;a wyjd\u0105 Aryna Sabalenka, kt\u00f3ra zagra z Camil\u0105 Osorio o 17.30 czasu polskiego w poniedzia\u0142ek, a tak\u017ce Carlos Alcaraz (mecz z Romanem Safiullinem), Ben Shelton (starcie z Tallonem Griekspoorem) i Naomi Osaka (zagra z Anastazj\u0105 Zacharow\u0105).<\/p>\n<p>Polskie emocje na kortach Flushing Meadows zaczn\u0105 si\u0119 dla nas ju\u017c w niedziel\u0119. O 17.00 na kort numer 12 wyjdzie Kamil Majchrzak, kt\u00f3ry zmierzy si\u0119 z Serbem Hamadem Medjedoviciem. Z kolei na korcie centralnym pojawi\u0105 si\u0119 Jessica Pegula oraz Novak Djokovi\u0107.<\/p>\n","protected":false},"excerpt":{"rendered":"Reprezentantka Polski niezmiennie rozgrywa swoje spotkania na najwi\u0119kszych kortach nowojorskiego turnieju. Taki zaszczyt przys\u0142uguje by\u0142ej liderce, ale przede&hellip;\n","protected":false},"author":2,"featured_media":653108,"comment_status":"","ping_status":"","sticky":false,"template":"","format":"standard","meta":{"footnotes":"","_share_on_mastodon":"0"},"categories":[24],"tags":[61195,252,8272,48,46,42,38,40,39,41,47,127,126,156,22568,157],"class_list":["post-653107","post","type-post","status-publish","format-standard","has-post-thumbnail","category-sport","tag-bottomfeed_styl","tag-iga_swiatek","tag-kamil_majchrzak","tag-nat_styl","tag-omp","tag-pl","tag-poland","tag-polish","tag-polska","tag-polski","tag-screening_general","tag-sport","tag-sports","tag-tenis","tag-us_open","tag-wta"],"share_on_mastodon":{"url":"https:\/\/pubeurope.com\/@pl\/117177408723581491","error":""},"_links":{"self":[{"href":"https:\/\/www.europesays.com\/pl\/wp-json\/wp\/v2\/posts\/653107","targetHints":{"allow":["GET"]}}],"collection":[{"href":"https:\/\/www.europesays.com\/pl\/wp-json\/wp\/v2\/posts"}],"about":[{"href":"https:\/\/www.europesays.com\/pl\/wp-json\/wp\/v2\/types\/post"}],"author":[{"embeddable":true,"href":"https:\/\/www.europesays.com\/pl\/wp-json\/wp\/v2\/users\/2"}],"replies":[{"embeddable":true,"href":"https:\/\/www.europesays.com\/pl\/wp-json\/wp\/v2\/comments?post=653107"}],"version-history":[{"count":0,"href":"https:\/\/www.europesays.com\/pl\/wp-json\/wp\/v2\/posts\/653107\/revisions"}],"wp:featuredmedia":[{"embeddable":true,"href":"https:\/\/www.europesays.com\/pl\/wp-json\/wp\/v2\/media\/653108"}],"wp:attachment":[{"href":"https:\/\/www.europesays.com\/pl\/wp-json\/wp\/v2\/media?parent=653107"}],"wp:term":[{"taxonomy":"category","embeddable":true,"href":"https:\/\/www.europesays.com\/pl\/wp-json\/wp\/v2\/categories?post=653107"},{"taxonomy":"post_tag","embeddable":true,"href":"https:\/\/www.europesays.com\/pl\/wp-json\/wp\/v2\/tags?post=653107"}],"curies":[{"name":"wp","href":"https:\/\/api.w.org\/{rel}","templated":true}]}}