{"id":653115,"date":"2026-08-29T06:38:19","date_gmt":"2026-08-29T06:38:19","guid":{"rendered":"https:\/\/www.europesays.com\/pl\/653115\/"},"modified":"2026-08-29T06:38:19","modified_gmt":"2026-08-29T06:38:19","slug":"andrij-sadowy-od-lat-rzadzi-lwowem-jego-zona-jest-najbogatsza-kobieta-zachodniej-ukrainy","status":"publish","type":"post","link":"https:\/\/www.europesays.com\/pl\/653115\/","title":{"rendered":"Andrij Sadowy od lat rz\u0105dzi Lwowem. Jego \u017cona jest najbogatsz\u0105 kobiet\u0105 zachodniej Ukrainy"},"content":{"rendered":"<p>Andrij Sadowy rz\u0105dzi Lwowem od 2006 r., d\u0142u\u017cej ni\u017c jakikolwiek prezydent Ukrain\u0105. Przetrwa\u0142 Wiktora Juszczenk\u0119, Wiktora Janukowycza, Petra Poroszenk\u0119 i pierwsz\u0105 kadencj\u0119 Wo\u0142odymyra Ze\u0142enskiego. Przetrwa\u0142 nawet w\u0142asn\u0105 parti\u0119 Samopomoc, kt\u00f3ra w 2014 r. jako trzecia si\u0142a wesz\u0142a do Rady Najwy\u017cszej Ukrainy, a po pi\u0119ciu latach zosta\u0142a zredukowana do roli politycznego planktonu.<\/p>\n<p>Sadowy przetrwa\u0142 te\u017c zarzuty Specjalnej Prokuratury Antykorupcyjnej (SAP), podejrzewaj\u0105cej go o \u0142apownictwo i przyczynienie si\u0119 do kryzysu \u015bmieciowego, z powodu kt\u00f3rego Lw\u00f3w sta\u0142 si\u0119 symbolem niekompetencji i celem atak\u00f3w ukrai\u0144skich dziennikarzy.<\/p>\n<p>Dalszy ci\u0105g artyku\u0142u pod materia\u0142em wideo<\/p>\n<p>Cho\u0107 trzeba r\u00f3wnie\u017c przyzna\u0107, \u017ce za jego czas\u00f3w Lw\u00f3w by\u0142 jednym z lepiej zarz\u0105dzanych miast Ukrainy. Mer, \u015bwietnie w\u0142adaj\u0105cy j\u0119zykiem angielskim, otwarty na zachodnie inwestycje, promuj\u0105cy stolic\u0119 Galicji jako centrum technologiczne i kulturalne, wydaje si\u0119 nowoczesnym samorz\u0105dowcem. Jednak w zakresie polityki historycznej jego dzia\u0142ania drastycznie odbiegaj\u0105 od zachodnich standard\u00f3w rozliczania trudnej przesz\u0142o\u015bci i ujawniaj\u0105 twardy pragmatyzm nastawiony na lokalnego, nacjonalistycznego wyborc\u0119.<\/p>\n<p>Andrij Sadowy przez lata wspiera\u0142 inicjatywy upami\u0119tniaj\u0105ce Organizacj\u0119 Ukrai\u0144skich Nacjonalist\u00f3w i Ukrai\u0144sk\u0105 Powsta\u0144cz\u0105 Armi\u0119. Lwowski samorz\u0105d nie tylko akceptowa\u0142, ale i wsp\u00f3\u0142finansowa\u0142 projekty edukacyjne, zatwierdza\u0142 nazewnictwo ulic oraz wspomaga\u0142 inicjatywy stawiania pomnik\u00f3w cz\u0142onkom tych formacji. Pami\u0119\u0107 o ludziach odpowiedzialnych za czystki etniczne na Wo\u0142yniu sta\u0142a si\u0119 jednym z filar\u00f3w polityki historycznej, a banderowska symbolika i oficjalne obchody rocznicowe na trwa\u0142e wpisa\u0142y si\u0119 w miejski kalendarz.<\/p>\n<p>Prof. Norman Davies o kulcie UPA: ta afera b\u0119dzie kosztowa\u0107 Polsk\u0119 w przysz\u0142o\u015bci<img class=\"ods-a-photo ods-a-photo--background\" src=\"https:\/\/www.europesays.com\/pl\/wp-content\/uploads\/2026\/08\/MGNk9lBaHR0cHM6Ly9vY2RuLmV1L3B1bHNjbXMvTURBXy9hZjMwOWFkZDNhYzlkNDVkZWZhZTEzZmYyN2IyNzViOS5qcGeRlQLNA.jpeg\" height=\"300\" width=\"450\" alt=\"Norman Davies (2025 r.)\" loading=\"lazy\" fetchpriority=\"low\" decoding=\"async\"\/>Mer i pami\u0119\u0107 historyczna<\/p>\n<p>Przyk\u0142adem ilustruj\u0105cym postaw\u0119 Sadowego by\u0142a reakcja na zniszczenie przez rosyjski dron w nocy z 31 grudnia 2023 r. na 1 stycznia Muzeum Romana Szuchewycza w lwowskiej dzielnicy Bi\u0142ohorszcze. Mie\u015bci\u0142o si\u0119 w domu, w kt\u00f3rym ukrywa\u0142 si\u0119 dow\u00f3dca UPA i w kt\u00f3rym zgin\u0105\u0142 w marcu 1950 r. w walce z funkcjonariuszami MGB (Ministerstwa Bezpiecze\u0144stwa Pa\u0144stwowego). To dzi\u015b jedno z sanktuari\u00f3w ukrai\u0144skiego nacjonalizmu.<\/p>\n<p>Pierwsza reakcja mera Lwowa by\u0142a zaskakuj\u0105ca \u2014 ewentualnym darczy\u0144com publicznie odradzi\u0142 finansowanie odbudowy, sugeruj\u0105c, by pieni\u0105dze przeznaczyli na Si\u0142y Zbrojne Ukrainy, a odbudow\u0119 muzeum zapowiedzia\u0142 &#8222;po zwyci\u0119stwie&#8221;.<\/p>\n<p>Odpowied\u017a \u015brodowisk narodowych by\u0142a natychmiastowa. Fundacja Petra Poroszenki ju\u017c 2 stycznia zaoferowa\u0142a 4 mln hrywien i gwarancj\u0119 bankow\u0105 na odbudow\u0119.<\/p>\n<p>17 stycznia za\u015b w Lwowskim Muzeum Historycznym odby\u0142o si\u0119 zebranie z udzia\u0142em c\u00f3rki Szuchewycza Marii Trylowskiej, Bohdana Borowycza, szefuj\u0105cego Wszechukrai\u0144skiemu Bractwu OUN-UPA im. genera\u0142a-chor\u0105\u017cego Romana Szuchewycza-Tarasa Czuprynki, i dysydenta Myros\u0142awa Marynowycza. Zachowanie mera zosta\u0142o podczas spotkania skrytykowane.<\/p>\n<p><img class=\"ods-a-photo ods-a-photo--background\" src=\"https:\/\/www.europesays.com\/pl\/wp-content\/uploads\/2026\/08\/Is8k9lBaHR0cHM6Ly9vY2RuLmV1L3B1bHNjbXMvTURBXy81ZjhlMDg0NWFkY2EwZmNlNmRkZDYyNzg5YWQ2N2FiYy5qcGeRkwXNB.jpeg\" height=\"626\" width=\"940\" alt=\"Premier Mateusz Morawiecki i mer Lwowa Andrij Sadowy\" loading=\"lazy\" fetchpriority=\"auto\" decoding=\"auto\" url=\"https:\/\/ocdn.eu\/pulscms\/MDA_\/5f8e0845adca0fce6ddd62789ad67abc.jpg\" description=\"Premier Mateusz Morawiecki i mer Lwowa Andrij Sadowy\" author=\"https:\/\/twitter.com\/AndriySadovyi\" source=\"\" link=\"\"\/><\/p>\n<p><a class=\"twitter-timeline\" data-width=\"1200\" data-height=\"1000\" data-dnt=\"true\" href=\"https:\/\/x.com\/AndriySadovyi?ref_src=twsrc%5Etfw\" rel=\"nofollow\">Posts by AndriySadovyi<\/a><script async src=\"https:\/\/platform.x.com\/widgets.js\" charset=\"utf-8\"><\/script><\/p>\n<p>Premier Mateusz Morawiecki i mer Lwowa Andrij Sadowy<\/p>\n<p>6 lutego Lwowska Rada Obwodowa przyj\u0119\u0142a uchwa\u0142\u0119 o odbudowie muzeum w pierwotnym kszta\u0142cie, a 28 lutego fundacja Poroszenki wyst\u0105pi\u0142a z listem otwartym, w kt\u00f3rym nazwa\u0142a Sadowego &#8222;cz\u0142owiekiem, kt\u00f3ry \u015bwiadomie lub nie\u015bwiadomie hamuje proces odbudowy muzeum&#8221;. Kiedy ten zorientowa\u0142 si\u0119, \u017ce podj\u0105\u0142 z\u0142\u0105 decyzj\u0119 \u2014 przeszed\u0142 na drug\u0105 stron\u0119 barykady. Zrobi\u0142 to w tak spektakularny spos\u00f3b, \u017ce dzi\u015b jest twarz\u0105 projektu odbudowy Muzeum Romana Szuchewycza. Dow\u00f3dc\u0119 UPA, bezpo\u015brednio odpowiedzialnego za ludob\u00f3jstwo na Wo\u0142yniu i w Ma\u0142opolsce Wschodniej, nazwa\u0142 bohaterem narodowym i symbolem walki o niepodleg\u0142o\u015b\u0107.<\/p>\n<p>Z jego inicjatywy rada miejska stworzy\u0142a w celu odbudowy muzeum specjaln\u0105 grup\u0119 robocz\u0105, a ratusz przej\u0105\u0142 rol\u0119 zamawiaj\u0105cego. Inwestycja oficjalnie ruszy\u0142a w marcu 2026 r. Sadowy osobi\u015bcie informuje o post\u0119pach prac. Zapowiedzia\u0142 powi\u0119kszenie powierzchni muzeum o po\u0142ow\u0119, wykup s\u0105siedniej chaty na &#8222;przestrze\u0144 publiczn\u0105, gdzie p\u0142astuni (skauci ukrai\u0144scy \u2014 przyp. red.) i m\u0142odzie\u017c b\u0119d\u0105 studiowa\u0107 histori\u0119&#8221;, odtworzenie stawu, budow\u0119 parkingu itp.<\/p>\n<p>Sadowy jednak nie zosta\u0142 ideologicznym motorem kultu Szuchewycza, lecz jego niezawodnym wykonawc\u0105. Gdy kalkulacja polityczna wskaza\u0142a, \u017ce koszt oporu jest wy\u017cszy ni\u017c koszt uczestnictwa \u2014 stan\u0105\u0142 na czele pochodu.<\/p>\n<p>&#8222;Mo\u017ce to dusze pomordowanych?&#8221; Pani Szura dba o pami\u0119\u0107 ofiar rzezi wo\u0142y\u0144skiej<img class=\"ods-a-photo ods-a-photo--background\" src=\"https:\/\/www.europesays.com\/pl\/wp-content\/uploads\/2026\/08\/1787985495_678_e44k9lBaHR0cHM6Ly9vY2RuLmV1L3B1bHNjbXMvTURBXy81MzkzNWQ0NGI5ZjMyOWJlNDU1NWQ2ZmY1MjM2MzBiZi5qcGeRlQLNA.jpeg\" height=\"255\" width=\"450\" alt=\"Pani Szura i Magdalena Rigamonti \" loading=\"lazy\" fetchpriority=\"low\" decoding=\"async\"\/><\/p>\n<p>W kwestii rzezi wo\u0142y\u0144skiej mer Lwowa od lat prezentuje stanowisko wpisuj\u0105ce si\u0119 w oficjaln\u0105 ukrai\u0144sk\u0105 narracj\u0119 symetrii win. Unikaj\u0105c jednoznacznego pot\u0119pienia zbrodni pope\u0142nionych na polskiej ludno\u015bci cywilnej, Sadowy wielokrotnie apelowa\u0142 o &#8222;wzajemne wybaczenie&#8221;, stawiaj\u0105c na r\u00f3wni polskie akcje odwetowe i zaplanowan\u0105, masow\u0105 czystk\u0119 etniczn\u0105 przeprowadzon\u0105 na Kresach Po\u0142udniowo-Wschodnich przez oddzia\u0142y UPA.<\/p>\n<p>W sprawie odblokowania prac ekshumacyjnych i poszukiwawczych na terenie obwodu lwowskiego w\u0142adze miejskie pod jego wodz\u0105 wykazywa\u0142y bierno\u015b\u0107, uzale\u017cniaj\u0105c post\u0119py od polityki w\u0142adz centralnych w Kijowie i odbudowy ukrai\u0144skich miejsc pami\u0119ci w Polsce.<\/p>\n<p>Nie uda\u0142o mi si\u0119 odnale\u017a\u0107 \u017cadnej inicjatywy Sadowego wspieraj\u0105cej miejski program upami\u0119tnienia polskich ofiar. Jest za to ostentacyjna dba\u0142o\u015b\u0107 o &#8222;mi\u0119kk\u0105&#8221; warstw\u0119 polskiego dziedzictwa we Lwowie: renowacje, cmentarze, festiwale, wsp\u00f3lne deklaracje samorz\u0105dowe. Pe\u0142ne zaanga\u017cowanie w restauracj\u0119 polskich zabytk\u00f3w, a zarazem ca\u0142kowita oboj\u0119tno\u015b\u0107 wobec pami\u0119ci ofiar Wo\u0142ynia. I to moim zdaniem jest najlepszy opis doktryny historycznej Sadowego. Dziedzictwo stanowi zas\u00f3b turystyczny i dyplomatyczny. Ofiary s\u0105 ryzykiem politycznym.<\/p>\n<p>Dla naszych polityk\u00f3w to z\u0142e informacje. Z merem administratorem, dla kt\u00f3rego gloryfikacja UPA jest kolejn\u0105 pozycj\u0105 w bud\u017cecie i elementem budowy wizerunku, nie ma o czym rozmawia\u0107.<\/p>\n<p>Witold Szab\u0142owski o rzezi wo\u0142y\u0144skiej. &#8222;Ukrai\u0144cy przerazili si\u0119 tym, co okaza\u0142o si\u0119 w czasie ekshumacji&#8221;<img class=\"ods-a-photo ods-a-photo--background\" src=\"https:\/\/www.europesays.com\/pl\/wp-content\/uploads\/2026\/08\/KVXk9lBaHR0cHM6Ly9vY2RuLmV1L3B1bHNjbXMvTURBXy8yYzc1MjU5Zjk2YThjNzJlNzM2ZWEwOWVmZTc0ZmI3NS5qcGeRlQLNA.jpeg\" height=\"300\" width=\"450\" alt=\"Witold Szab\u00b3owski\" loading=\"lazy\" fetchpriority=\"low\" decoding=\"async\"\/>M\u0105\u017c swojej \u017cony<\/p>\n<p>Wed\u0142ug deklaracji maj\u0105tkowej za 2025 r. Andrij Sadowy z tytu\u0142u wynagrodzenia uzyska\u0142 doch\u00f3d w kwocie 1 mln 266 tys. 807 hrywien, co da\u0142o mu czwarte miejsce w Ukrainie. Wi\u0119cej od niego zarabiali: mer Charkowa Ihor Terechow \u2014 2 mln 260 tys. 248 hrywien, mer Odessy Hennadij Truchanow (za okres od stycznia do pa\u017adziernika) \u2014 1 mln 744 tys. 835 hrywien oraz mer Kijowa Witalij Kliczko \u2014 1 mln 444 tys. 944 hrywny. Mer Lwowa nie posiada \u017cadnych nieruchomo\u015bci ani samochod\u00f3w.<\/p>\n<p>Za to jego \u017cona Kateryna Kit-Sadowa, z wykszta\u0142cenia historyczka sztuki, zg\u0142osi\u0142a ponad 13 mln hrywien dochodu z aktywno\u015bci biznesowej i medialnej. Jej najwa\u017cniejszymi aktywami s\u0105 udzia\u0142y w lwowskim holdingu medialnym TRK Lux, do kt\u00f3rego nale\u017c\u0105 m.in. Radio Lux FM, Radio Maximum, Telekanal 24, serwis Zaxid.net, Football 24 oraz agencja reklamowa Lux.<\/p>\n<p>W deklaracji za rok 2024 r. Kit-Sadowa wpisa\u0142a ponad 10,7 mln hrywien dywidend oraz 2,3 mln hrywien wynagrodzenia. Nale\u017cy do tego doliczy\u0107 dom we Lwowie o powierzchni 600 m kw., dwie dzia\u0142ki b\u0119d\u0105ce jej w\u0142asno\u015bci\u0105 oraz trzeci\u0105 dzia\u0142k\u0119 w mie\u015bcie, u\u017cytkowan\u0105 na podstawie najmu. Kit-Sadowa jest te\u017c wskazana jako beneficjent rzeczywisty 15 sp\u00f3\u0142ek. Ma dwa samochody: Skod\u0119 Kodiaq, rocznik 2017, oraz Mercedesa V 300 d z 2021 r., kupionego za ok. 2,3 mln hrywien.<\/p>\n<p>Andrij Sadowy i Kateryna Kit wzi\u0119li \u015blub w 2001 r. Maj\u0105 pi\u0119ciu syn\u00f3w. Najstarszy, Iwan-Pawe\u0142, uko\u0144czy\u0142 Nottingham Business School przy Nottingham Trent University w Wielkiej Brytanii. Dwaj m\u0142odsi bracia, Tadej-\u0141uka i Mychaj\u0142o, zdaniem ukrai\u0144skich medi\u00f3w tak\u017ce kontynuuj\u0105 nauk\u0119 w Wielkiej Brytanii. Warto wspomnie\u0107, \u017ce roczne czesne i podstawowe koszty utrzymania studenta w Wielkiej Brytanii to zwykle ok. 36-55 tys. funt\u00f3w. Oznacza to, \u017ce rodzina Sadowych musi si\u0119 liczy\u0107 z rocznym wydatkiem ok. 110 tys. funt\u00f3w na edukacj\u0119 syn\u00f3w. Przy za\u0142o\u017ceniu, \u017ce Iwan-Pawe\u0142 ju\u017c pracuje. Najm\u0142odsi synowie, Josyp i Anatolij, ucz\u0105 si\u0119 w ukrai\u0144skich szko\u0142ach, wi\u0119c pewnie koszt ich utrzymania jest ni\u017cszy.<\/p>\n<p>Reakcja Ukrai\u0144c\u00f3w na informacje o najstarszych synach Sadowego \u2014 zw\u0142aszcza w mediach spo\u0142eczno\u015bciowych \u2014 by\u0142a krytyczna i emocjonalna. Ich pobyt w Wielkiej Brytanii podczas wojny wielu odbiera jako symbol nier\u00f3wno\u015bci \u2014 dzieci wp\u0142ywowych os\u00f3b mog\u0105 zdobywa\u0107 zagraniczne wykszta\u0142cenie, podczas gdy inne s\u0105 mobilizowane i gin\u0105 na froncie.<\/p>\n<p>Prawdziwy pow\u00f3d wizyty dyrektora CIA w Moskwie. &#8222;Rosjanie testuj\u0105 nie Warszaw\u0119, ale Waszyngton&#8221; [KOMENTARZ]<img class=\"ods-a-photo ods-a-photo--background\" src=\"https:\/\/www.europesays.com\/pl\/wp-content\/uploads\/2026\/08\/BAqk9lBaHR0cHM6Ly9vY2RuLmV1L3B1bHNjbXMvTURBXy9iZjEyNDlmZTg1ZWE1YjFmNjU3OTUwNDNlOWExMjEzMS5qcGeRlQLNA.jpeg\" height=\"300\" width=\"450\" alt=\"W\u0142adimir Putin\" loading=\"lazy\" fetchpriority=\"low\" decoding=\"async\"\/><\/p>\n<p>Krytyka mera Lwowa nasili\u0142a si\u0119 w tym roku po apelu dotycz\u0105cym obowi\u0105zkowego przeszkolenia wojskowego m\u0119\u017cczyzn. Wypominano mu wtedy syn\u00f3w, kt\u00f3rzy tworz\u0105 zal\u0105\u017cek tzw. Batalionu Londyn. Sadowy musia\u0142 przyzna\u0107, \u017ce temat wywo\u0142uje silne reakcje. Trudno si\u0119 dziwi\u0107. Zw\u0142aszcza media spo\u0142eczno\u015bciowe pe\u0142ne s\u0105 zdj\u0119\u0107 i film\u00f3w ilustruj\u0105cych podr\u00f3\u017ce do egzotycznych kraj\u00f3w syn\u00f3w i c\u00f3rek wp\u0142ywowych ukrai\u0144skich polityk\u00f3w. Pikanterii sprawie dodaje fakt, \u017ce na og\u00f3\u0142 pos\u0142uguj\u0105 si\u0119 oni j\u0119zykiem Puszkina, a nie Tarasa Szewczenki.<\/p>\n<p>Afery<\/p>\n<p>Obraz mera Andrija Sadowego by\u0142by niepe\u0142ny, gdyby nie wspomnie\u0107 o licznych skandalach i podejrzeniach o machinacje finansowe.<\/p>\n<p>W 2015 r. Lwowska Rada Miejska sprzeda\u0142a 23,49 ha gruntu w mikrorejonie Rz\u0119sna-2 sp\u00f3\u0142ce b\u0119d\u0105cej cz\u0119\u015bci\u0105 holenderskiego giganta park\u00f3w przemys\u0142owych CTP. Inwestor obiecywa\u0142 m.in. ok. 3 tys. miejsc pracy i budow\u0119 pierwszego w Ukrainie wysokiej klasy parku przemys\u0142owego. 21 listopada 2019 r. SAP postawi\u0142a Sadowemu oraz p.o. dyrektorowi departamentu urbanistyki Serhijowi Korowajnykowi zarzuty nadu\u017cycia w\u0142adzy.<\/p>\n<p>Komunikat SAP m\u00f3wi\u0142 o szkodzie wycenionej na 93,5 mln hrywien. Obu panom zarzucano, \u017ce grunty le\u017ca\u0142y na terenie wsi Rz\u0119sna Ruska, wi\u0119c rada miasta nie mia\u0142a prawa nimi rozporz\u0105dza\u0107. Poza tym sprzedano je ra\u017c\u0105co tanio \u2014 za 52,5 mln hrywien przy normatywnej wycenie wynosz\u0105cej ok. 140 mln hrywien. W grudniu 2020 r. SAP poinformowa\u0142a jednak, \u017ce sprawa nie zostanie skierowana do s\u0105du z powodu braku dowod\u00f3w winy. Projekt w praktyce zosta\u0142 zablokowany, a holenderski inwestor pierwszego w Ukrainie parku przemys\u0142owego utkn\u0105\u0142 w konflikcie kompetencyjnym. Park przemys\u0142owy M-10 w Rz\u0119snej Ruskiej buduje dzi\u015b inny podmiot \u2014 Dragon Capital.<\/p>\n<p><img class=\"ods-a-photo ods-a-photo--background\" src=\"https:\/\/www.europesays.com\/pl\/wp-content\/uploads\/2026\/08\/Wvek9lLaHR0cDovL29jZG4uZXUvaW1hZ2VzL3B1bHNjbXMvTmpjN01EQV8vOTg3MTRlODhhY2RlMTY2ZTM0NDI4MDU3NmU2YjU1N.jpeg\" height=\"350\" width=\"512\" alt=\"Mer Lwowa Andrij Sadowy\" loading=\"lazy\" fetchpriority=\"auto\" decoding=\"auto\" url=\"http:\/\/ocdn.eu\/images\/pulscms\/Njc7MDA_\/98714e88acde166e344280576e6b555c.jpg\" description=\"Mer Lwowa Andrij Sadowy\" author=\"Onet\" source=\"\" link=\"\"\/><\/p>\n<p>Onet<\/p>\n<p>Mer Lwowa Andrij Sadowy<\/p>\n<p>O wiele g\u0142o\u015bniejsz\u0105 spraw\u0105 by\u0142 skandal zwi\u0105zany z wysypiskiem \u015bmieci w Hrybowyczach (Grzybowicach) Wielkich pod Lwowem. Czynne od dekad, formalnie wyeksploatowane i wielokrotnie wskazywane w kontrolach jako zagro\u017cenie ekologiczne wysypisko przez ca\u0142y okres rz\u0105d\u00f3w Sadowego by\u0142o jedynym miejscem sk\u0142adowania odpad\u00f3w z miasta licz\u0105cego ponad 700 tys. mieszka\u0144c\u00f3w. 30 maja 2016 r. dosz\u0142o na nim do po\u017caru i osuni\u0119cia si\u0119 masy odpad\u00f3w. W akcji ratunkowej zgin\u0119li ludzie, w tym stra\u017cacy.<\/p>\n<p>Zamkni\u0119cie wysypiska wywo\u0142a\u0142o trwaj\u0105cy ponad rok kryzys, podczas kt\u00f3rego Lw\u00f3w wywozi\u0142 odpady do kilkunastu obwod\u00f3w Ukrainy, a inne samorz\u0105dy \u2014 cz\u0119sto z powod\u00f3w politycznych \u2014 blokowa\u0142y ich przyjmowanie. Ulice miasta z zalegaj\u0105cymi ha\u0142dami \u015bmieci sta\u0142y si\u0119 sensacyjnym materia\u0142em dla medi\u00f3w w ca\u0142ej Europie. Wobec urz\u0119dnik\u00f3w miejskich toczy\u0142y si\u0119 post\u0119powania karne. Sam Sadowy konsekwentnie przedstawia\u0142 spraw\u0119 jako element nacisku administracji prezydenta Poroszenki, z kt\u00f3rym by\u0142 skonfliktowany.<\/p>\n<p>Przy czym Lw\u00f3w od dawna korzysta\u0142 z kredyt\u00f3w i grant\u00f3w EBOiR maj\u0105cych wspiera\u0107 powstanie projektu nowoczesnego zak\u0142adu przetwarzania odpad\u00f3w. Tyle \u017ce prace ci\u0105gn\u0119\u0142y si\u0119 latami, dlatego katastrofa nie by\u0142a wypadkiem, lecz konsekwencj\u0105 odk\u0142adania decyzji, kt\u00f3re trzeba by\u0142o podj\u0105\u0107 dekad\u0119 wcze\u015bniej.<\/p>\n<p><img class=\"ods-a-photo ods-a-photo--background\" src=\"https:\/\/www.europesays.com\/pl\/wp-content\/uploads\/2026\/08\/QMAk9lBaHR0cHM6Ly9vY2RuLmV1L3B1bHNjbXMvTURBXy84MjVjYjFmMzU4ODA2NGU4ODM5MmVmODQxNTI5OTQ2Ni5qcGeRkwXNB.jpeg\" height=\"927\" width=\"700\" alt=\"&quot;Tygodnik Przegl\u0105d&quot; nr 35\" loading=\"lazy\" fetchpriority=\"auto\" decoding=\"auto\" url=\"https:\/\/ocdn.eu\/pulscms\/MDA_\/825cb1f3588064e88392ef8415299466.jpg\" description=\"&quot;Tygodnik Przegl\u0105d&quot; nr 35\" author=\"Tygodnik Przegl\u0105d\" source=\"\" link=\"\"\/><\/p>\n<p>Tygodnik Przegl\u0105d<\/p>\n<p>&#8222;Tygodnik Przegl\u0105d&#8221; nr 35<\/p>\n<p>Paradoksem jest, \u017ce skandaliczna pora\u017cka Sadowego nie okaza\u0142a si\u0119 gwo\u017adziem do jego politycznej trumny. Sta\u0142o si\u0119 wr\u0119cz przeciwnie \u2014 si\u0119gni\u0119cie po narracj\u0119 o &#8222;\u015bmieciowej blokadzie Lwowa przez Kij\u00f3w&#8221; pozwoli\u0142o mu przeku\u0107 w\u0142asne zaniedbania w opowie\u015b\u0107 o prze\u015bladowanym mie\u015bcie.<\/p>\n<p>W 2021 r. krakowska sp\u00f3\u0142ka Control Process wygra\u0142a mi\u0119dzynarodowy przetarg na budow\u0119 instalacji przetwarzania odpad\u00f3w komunalnych we Lwowie, co mia\u0142o rozwi\u0105za\u0107 \u015bmieciowy problem. Kontrakt przewidywa\u0142 zako\u0144czenie prac i uruchomienie zak\u0142adu do 4 pa\u017adziernika 2025 r. W marcu br. miasto zerwa\u0142o umow\u0119 i uruchomi\u0142o gwarancje bankowe. Polacy twierdz\u0105, \u017ce to Lw\u00f3w powodowa\u0142 op\u00f3\u017anienia, zalega\u0142 z p\u0142atno\u015bciami i bezprawnie odst\u0105pi\u0142 od kontraktu. \u017b\u0105daj\u0105 jego wznowienia oraz ok. 17 mln euro \u2014 wliczaj\u0105c w t\u0119 kwot\u0119 niezap\u0142acone wynagrodzenie, zwrot \u015brodk\u00f3w z gwarancji i odszkodowanie.<\/p>\n<p>Rok w areszcie za problemy z koncesj\u0105 na fajerwerki. &#8222;Dali mnie do celi z dzieciob\u00f3jczyniami&#8221;<img class=\"ods-a-photo ods-a-photo--background\" src=\"https:\/\/www.europesays.com\/pl\/wp-content\/uploads\/2026\/08\/KQfk9lBaHR0cHM6Ly9vY2RuLmV1L3B1bHNjbXMvTURBXy81MzIyNDRkZjA2M2ZiMTgzOTA3ODNjMjFmZmRmMDdhNi5wbmeRlQLNA.jpeg\" height=\"253\" width=\"450\" alt=\"Mariola Scherner\" loading=\"lazy\" fetchpriority=\"low\" decoding=\"async\"\/><\/p>\n<p>W procedurach arbitra\u017cowych nasza firma uzyska\u0142a korzystne dla siebie decyzje dotycz\u0105ce cz\u0119\u015bci spor\u00f3w, lecz nie ma jeszcze prawomocnego wyroku arbitra\u017cu ICC (Mi\u0119dzynarodowej Izby Handlowej) w Pary\u017cu, kt\u00f3ry rozstrzygnie ca\u0142\u0105 spraw\u0119.<\/p>\n<p>W czerwcu br. temat publicznie podni\u00f3s\u0142 minister spraw zagranicznych Rados\u0142aw Sikorski, a polskie MSZ skrytykowa\u0142o spos\u00f3b potraktowania polskiego wykonawcy. Nic to nie da\u0142o.<\/p>\n<p>I to powinno niepokoi\u0107 Polsk\u0119 oraz Uni\u0119 Europejsk\u0105. Przed nami perspektywa odbudowy Ukrainy \u2014 z setkami miliard\u00f3w euro przechodz\u0105cych przez samorz\u0105dy takie jak lwowski. To ju\u017c nie jest kwestia historyczna, ale rachunkowa.<\/p>\n<p><script async src=\"https:\/\/platform.twitter.com\/widgets.js\" charset=\"utf-8\"><\/script><\/p>\n","protected":false},"excerpt":{"rendered":"Andrij Sadowy rz\u0105dzi Lwowem od 2006 r., d\u0142u\u017cej ni\u017c jakikolwiek prezydent Ukrain\u0105. Przetrwa\u0142 Wiktora Juszczenk\u0119, Wiktora Janukowycza, Petra&hellip;\n","protected":false},"author":2,"featured_media":653116,"comment_status":"","ping_status":"","sticky":false,"template":"","format":"standard","meta":{"footnotes":"","_share_on_mastodon":"0"},"categories":[14],"tags":[37866,61195,32,33,27,34,35,9665,28,31,48,25,46,40,41,47,80,29,30,415,26,82,83,84],"class_list":["post-653115","post","type-post","status-publish","format-standard","has-post-thumbnail","category-swiat","tag-andrij_sadowy","tag-bottomfeed_styl","tag-breaking-news","tag-breakingnews","tag-headlines","tag-latest-news","tag-latestnews","tag-lwow","tag-naglowki","tag-najwazniejsze-artykuly","tag-nat_styl","tag-news","tag-omp","tag-polish","tag-polski","tag-screening_general","tag-swiat","tag-top-stories","tag-topstories","tag-ukraina","tag-wiadomosci","tag-world","tag-world-news","tag-worldnews"],"share_on_mastodon":{"url":"https:\/\/pubeurope.com\/@pl\/117177426071880527","error":""},"_links":{"self":[{"href":"https:\/\/www.europesays.com\/pl\/wp-json\/wp\/v2\/posts\/653115","targetHints":{"allow":["GET"]}}],"collection":[{"href":"https:\/\/www.europesays.com\/pl\/wp-json\/wp\/v2\/posts"}],"about":[{"href":"https:\/\/www.europesays.com\/pl\/wp-json\/wp\/v2\/types\/post"}],"author":[{"embeddable":true,"href":"https:\/\/www.europesays.com\/pl\/wp-json\/wp\/v2\/users\/2"}],"replies":[{"embeddable":true,"href":"https:\/\/www.europesays.com\/pl\/wp-json\/wp\/v2\/comments?post=653115"}],"version-history":[{"count":0,"href":"https:\/\/www.europesays.com\/pl\/wp-json\/wp\/v2\/posts\/653115\/revisions"}],"wp:featuredmedia":[{"embeddable":true,"href":"https:\/\/www.europesays.com\/pl\/wp-json\/wp\/v2\/media\/653116"}],"wp:attachment":[{"href":"https:\/\/www.europesays.com\/pl\/wp-json\/wp\/v2\/media?parent=653115"}],"wp:term":[{"taxonomy":"category","embeddable":true,"href":"https:\/\/www.europesays.com\/pl\/wp-json\/wp\/v2\/categories?post=653115"},{"taxonomy":"post_tag","embeddable":true,"href":"https:\/\/www.europesays.com\/pl\/wp-json\/wp\/v2\/tags?post=653115"}],"curies":[{"name":"wp","href":"https:\/\/api.w.org\/{rel}","templated":true}]}}