{"id":653176,"date":"2026-08-29T07:14:34","date_gmt":"2026-08-29T07:14:34","guid":{"rendered":"https:\/\/www.europesays.com\/pl\/653176\/"},"modified":"2026-08-29T07:14:34","modified_gmt":"2026-08-29T07:14:34","slug":"kghm-zaglebie-pogon-damian-dabrowski-zagra-przeciwko-dawnemu-klubowi-2","status":"publish","type":"post","link":"https:\/\/www.europesays.com\/pl\/653176\/","title":{"rendered":"KGHM Zag\u0142\u0119bie &#8211; Pogo\u0144. Damian D\u0105browski zagra przeciwko dawnemu klubowi"},"content":{"rendered":"<p>Karol Bugajski (Przegl\u0105d Sportowy): Czego brakuje Zag\u0142\u0119biu, \u017ceby takie mecze, jak w poprzedniej kolejce w Radomiu (0:0) przechyla\u0107 na swoj\u0105 stron\u0119?<\/p>\n<p>Damian D\u0105browski (Kapitan KGHM Zag\u0142\u0119bia Lubin): Faktycznie, momentami potrafimy naprawd\u0119 dobrze wygl\u0105da\u0107, ale trzeba sobie powiedzie\u0107, \u017ce cz\u0119\u015bciowo nasze mecze nie s\u0105 najpi\u0119kniejsze do ogl\u0105dania. Ostatni mecz w Radomiu do takich nale\u017ca\u0142, dlatego nie byli\u015bmy po nim zadowoleni. Ten punkt trzeba szanowa\u0107, jednocze\u015bnie pami\u0119taj\u0105c, \u017ce je\u015bli przy gorszym stylu s\u0105 zwyci\u0119stwa, to nikt nie szuka drugiego dna, a w momentach, gdy styl pozostawia wiele do \u017cyczenia i punkt\u00f3w brakuje, to zaczynamy si\u0119 zastanawia\u0107, czy wszystko jest w porz\u0105dku. Rozumiem to, taka jest pi\u0142ka.<\/p>\n<p>Miedziowi licz\u0105 na kolejny udany sezon<\/p>\n<p>A generalnie jak pan odnajduje Miedziowych po 4 rozegranych meczach, w kt\u00f3rych zdobyli\u015bcie 7 punkt\u00f3w (na wrzesie\u0144 prze\u0142o\u017cono wyjazd do Rakowa Cz\u0119stochowa). KGHM Zag\u0142\u0119bia ponownie nale\u017cy spodziewa\u0107 si\u0119 w walce w g\u00f3rnej po\u0142owie tabeli?<\/p>\n<p>To jest na pewno dobry start i tak to traktujemy. Oczywi\u015bcie chcieliby\u015bmy nawi\u0105za\u0107 do poprzedniego sezonu i znowu by\u0107 w g\u00f3rnej po\u0142owie tabeli (Miedziowi wiosn\u0105 przez chwil\u0119 zajmowali nawet pozycj\u0119 lidera tabeli \u2013 przyp. red.). Latem przestrzegali\u015bmy si\u0119 jednak w klubie, \u017ce tak po dobrym wyniku, jakim by\u0142o 7. miejsce, nast\u0119pny sezon mo\u017ce by\u0107 trudniejszy, bo rywale mog\u0105 inaczej na nas patrze\u0107. Na to chcemy uwa\u017ca\u0107 i mo\u017ce w\u0142a\u015bnie dzi\u0119ki takiej czujno\u015bci zanotowali\u015bmy niez\u0142y start nowego sezonu. \u017bycie napisze sw\u00f3j scenariusz, ale my zrobimy wszystko, by liczy\u0107 si\u0119 w lidze.<\/p>\n<p>W tym sezonie ma pan szans\u0119 rozegra\u0107 mecz numer 400 w PKO BP Ekstraklasie, a od debiutu min\u0119\u0142o ponad 16 lat. Ma pan czasami refleksj\u0119, jak to si\u0119 wszystko szybko potoczy\u0142o?<\/p>\n<p>W dzisiejszej pi\u0142ce nie ma czasu, \u017ceby si\u0119 zastanawia\u0107, chocia\u017c cz\u0142owiek faktycznie czasami \u0142apie si\u0119 za g\u0142ow\u0119, gdy zdaje sobie spraw\u0119, jak to zlecia\u0142o. Grania jest coraz wi\u0119cej, terminarze s\u0105 naprawd\u0119 napi\u0119te, wi\u0119c nie ma czasu na pog\u0142\u0119bione analizy. Kiedy\u015b przyjdzie moment, w kt\u00f3rym b\u0119dzie trzeba zrezygnowa\u0107 z pi\u0142ki i to odpowiedni czas na przemy\u015blenia, czy podsumowania. Do tego czasu zale\u017cy mi, \u017ceby by\u0107 w dobrej dyspozycji, walczy\u0107 o najwy\u017csze cele i godnie si\u0119 prezentowa\u0107.<\/p>\n<p><img class=\"ods-a-photo ods-a-photo--background\" src=\"https:\/\/www.europesays.com\/pl\/wp-content\/uploads\/2026\/08\/9Kzk9lBaHR0cHM6Ly9vY2RuLmV1L3B1bHNjbXMvTURBXy8wY2JmYzA1NmY4NmZkMWI1MThiMmE2ZTRlM2FiZjJlOC5qcGeRkwXNB.jpeg\" height=\"800\" width=\"702\" alt=\"Damian D\u0105browski zadebiutowa\u0142 w Ekstraklasie w 2010 r.\" loading=\"lazy\" fetchpriority=\"auto\" decoding=\"auto\" url=\"https:\/\/ocdn.eu\/pulscms\/MDA_\/0cbfc056f86fd1b518b2a6e4e3abf2e8.jpg\" description=\"Damian D\u0105browski zadebiutowa\u0142 w Ekstraklasie w 2010 r.\" author=\"TOMASZ FOLTA \/ PRESSFOCUS NEWSPIXPL \/ newspix.pl\" source=\"\" link=\"\"\/><\/p>\n<p>TOMASZ FOLTA \/ PRESSFOCUS NEWSPIXPL \/ newspix.pl<\/p>\n<p>Damian D\u0105browski zadebiutowa\u0142 w Ekstraklasie w 2010 r.<\/p>\n<p>D\u0105browski wr\u00f3ci\u0142 do KGHM Zag\u0142\u0119bia z Pogoni<\/p>\n<p>Ma pan czasami my\u015bl, \u017ce gdyby nie kontuzje i epizod w I lidze licznik wyst\u0119p\u00f3w w najwy\u017cszej klasie rozgrywkowej Damiana D\u0105browskiego m\u00f3g\u0142by si\u0119 dzisiaj zbli\u017ca\u0107 do rekordowych wynik\u00f3w \u0141ukasza Surmy, czy Rafa\u0142a Janickiego?<\/p>\n<p>Mo\u017ce i tak. Nigdy nie podchodzi\u0142em jednak do tego w ten spos\u00f3b, \u017ce przez kontuzje co\u015b straci\u0142em. Wiem, \u017ce one te\u017c by\u0142y po co\u015b. W trakcie absencji od gry stabilizowa\u0142em cho\u0107by swoj\u0105 dyspozycj\u0119 fizyczn\u0105 i motoryczn\u0105. Taki mam do tego stosunek, chocia\u017c oczywi\u015bcie zdarzaj\u0105 si\u0119 momenty, kt\u00f3re pobudzaj\u0105 wyobra\u017ani\u0119. S\u0142ysza\u0142em r\u00f3\u017cne opinie, z jednej strony gdybanie, \u017ce mog\u0142em wyjecha\u0142bym z Polski, a z drugiej te\u017c w\u0142a\u015bnie o szansach na \u015brubowanie liczby wyst\u0119p\u00f3w w PKO BP Ekstraklasie. Ja jednak zbyt du\u017co nad tym nie rozmy\u015blam.<\/p>\n<p><img class=\"ods-a-photo ods-a-photo--background\" src=\"https:\/\/www.europesays.com\/pl\/wp-content\/uploads\/2026\/08\/3Rzk9lBaHR0cHM6Ly9vY2RuLmV1L3B1bHNjbXMvTURBXy81ZjRjYmU4MjllNDIxYjU0NTZkZDkyN2ExYzA2OGY3Ni5qcGeRkwXNB.jpeg\" height=\"627\" width=\"940\" alt=\"Damian D\u0105browski w barwach Pogoni\" loading=\"lazy\" fetchpriority=\"auto\" decoding=\"auto\" url=\"https:\/\/ocdn.eu\/pulscms\/MDA_\/5f4cbe829e421b5456dd927a1c068f76.jpg\" description=\"Damian D\u0105browski w barwach Pogoni\" author=\"FOT. KRZYSZTOF CICHOMSKI \/ NEWSPIX.PL \/ newspix.pl\" source=\"\" link=\"\"\/><\/p>\n<p>FOT. KRZYSZTOF CICHOMSKI \/ NEWSPIX.PL \/ newspix.pl<\/p>\n<p>Damian D\u0105browski w barwach Pogoni<\/p>\n<p>Rozpocz\u0105\u0142 pan czwarty sezon po powrocie do KGHM Zag\u0142\u0119bia, kt\u00f3ry wzbudzi\u0142 du\u017ce zainteresowanie ze wzgl\u0119du na pi\u0119kn\u0105 klamr\u0119 spinaj\u0105c\u0105 pa\u0144sk\u0105 karier\u0119. Niecz\u0119sto wychowanek wraca w takim stylu do miejsca, z kt\u00f3rego rusza\u0142 w \u015bwiat. Zastanawiam si\u0119, ile z rzeczy, kt\u00f3re mia\u0142 pan wtedy w g\u0142owie, sprawdzi\u0142o si\u0119 w trakcie drugiej przygody z Lubinem?<\/p>\n<p>Faktycznie zapatrywa\u0142em si\u0119 na ten ruch bardzo pozytywnie. Tutaj si\u0119 wychowa\u0142em, tutaj \u017cyje moja rodzina i wiele mnie \u0142\u0105czy z tym miejscem. By\u0142em te\u017c w takim momencie kariery, \u017ce wiedzia\u0142em, \u017ce mog\u0119 jeszcze wiele od siebie da\u0107 pod wzgl\u0119dem sportowym. Je\u015bli spojrzymy na to z dystansu, trzy lata p\u00f3\u017aniej, to wyobra\u017ca\u0142em sobie zar\u00f3wno, \u017ce ja b\u0119d\u0119 wnosi\u0142 do gry wi\u0119cej, jak i Zag\u0142\u0119bie b\u0119dzie wygl\u0105da\u0142o pi\u0142karsko po prostu lepiej. Pi\u0142ka jest jednak dynamiczna i trzeba wyci\u0105gn\u0105\u0107 maksa z tego co si\u0119 ma. Na szcz\u0119\u015bcie jeszcze zdrowie dopisuje, wi\u0119c ta przygoda nie jest sko\u0144czona.<\/p>\n<p>Jak pan czuje si\u0119 we wsp\u00f3\u0142pracy z Filipem Kocab\u0105? Widzi pan w nim siebie z m\u0142odzie\u0144czych lat w Lubinie i zawodnika, kt\u00f3ry chce si\u0119 od pana uczy\u0107?<\/p>\n<p>My\u015bl\u0119, \u017ce Filip jest ju\u017c w takim momencie swojej kariery, \u017ce wiele nauki ode mnie nie potrzebuje. A na pewno nie tak du\u017co, jak w momencie mojego powrotu do Zag\u0142\u0119bia. W klubie wszyscy od dawna byli \u015bwiadomi jego potencja\u0142u, ale nie dostawa\u0142 szans, wi\u0119c nie m\u00f3g\u0142 prezentowa\u0107 si\u0119 tak dobrze, jak teraz. Wtedy bardzo cz\u0119sto korzysta\u0142 z moich rad, pracowali\u015bmy wsp\u00f3lnie nad paroma rzeczami. By\u0142o wida\u0107, \u017ce to zawodnik, kt\u00f3ry chce s\u0142ucha\u0107. To by\u0142 dobry kierunek, wysz\u0142o mu to na dobre i jest na w\u0142a\u015bciwych torach. Trzeba trzyma\u0107 kciuki, \u017ceby by\u0142 zdrowy, a o form\u0119 sportow\u0105 jestem spokojny.<\/p>\n<p><img class=\"ods-a-photo ods-a-photo--background\" src=\"https:\/\/www.europesays.com\/pl\/wp-content\/uploads\/2026\/08\/hblk9lBaHR0cHM6Ly9vY2RuLmV1L3B1bHNjbXMvTURBXy82NDcxYWFhZGRkYjFlZWI5MDhiOTU4NjI4ODA3ZDYxYi5qcGeRkwXNB.jpeg\" height=\"625\" width=\"940\" alt=\"Damian D\u0105browski w ostatnim meczu przeciwko Radomiakowi (0:0)\" loading=\"lazy\" fetchpriority=\"auto\" decoding=\"auto\" url=\"https:\/\/ocdn.eu\/pulscms\/MDA_\/6471aaadddb1eeb908b958628807d61b.jpg\" description=\"Damian D\u0105browski w ostatnim meczu przeciwko Radomiakowi (0:0)\" author=\"Kacper Pacocha \/ PressFocus\/NEWSPIX.PL \/ newspix.pl\" source=\"\" link=\"\"\/><\/p>\n<p>Kacper Pacocha \/ PressFocus\/NEWSPIX.PL \/ newspix.pl<\/p>\n<p>Damian D\u0105browski w ostatnim meczu przeciwko Radomiakowi (0:0)<\/p>\n<p>Regu\u0142a mo\u017ce odej\u015b\u0107 z KGHM Zag\u0142\u0119bia<\/p>\n<p>Do Lubina wr\u00f3ci\u0142 pan w 2023 roku z Pogoni Szczecin, kt\u00f3ra w sobot\u0119 przyjedzie zagra\u0107 przeciwko KGHM Zag\u0142\u0119biu. Taka okazja wzbudza u pana jeszcze dodatkowe emocje, czy zbyt du\u017co czasu ju\u017c up\u0142yn\u0119\u0142o, a w dodatku mecz odb\u0119dzie si\u0119 na waszym stadionie?<\/p>\n<p>Przyznaj\u0119, \u017ce kilka pierwszych mecz\u00f3w po odej\u015bciu wywo\u0142uje wi\u0119cej emocji, bo chce si\u0119 co\u015b udowodni\u0107 poprzedniemu pracodawcy. To samo prze\u017cywa\u0142em w Pogoni po transferze z Cracovii, pami\u0119tam, \u017ce d\u0142ugo dostawa\u0142em podobne pytania. Potem adrenalina schodzi i traktuje si\u0119 tak\u0105 rywalizacj\u0119 jak normalny mecz ligowy. Na pewno mi\u0142o, kiedy spotyka si\u0119 znajome twarze i wywo\u0142uje to pozytywne emocje, ale ju\u017c nie tak du\u017ce, jak w pierwszym okresie po opuszczeniu klubu.<\/p>\n<p>Czy Marcel Regu\u0142a pyta\u0142 pana, jako kapitana zespo\u0142u, jak\u0105 decyzj\u0119 na temat swojej przysz\u0142o\u015bci powinien podj\u0105\u0107? W tym momencie wszystko wskazuje na to, \u017ce m\u0142oda gwiazda Zag\u0142\u0119bia jednak zostanie w klubie.<\/p>\n<p>Ta saga trwa ju\u017c d\u0142ugo, wi\u0119c nie ukrywam, \u017ce rozmawiamy o tym w szatni. By\u0142 te\u017c taki moment, gdy po jednym z trening\u00f3w Marcel zapyta\u0142 mnie, jakie mam na to spojrzenie. Pozwoli pan jednak, \u017ce przynajmniej na razie nie b\u0119d\u0119 zdradza\u0142, co mu powiedzia\u0142em, mo\u017ce kiedy\u015b do tego wr\u00f3cimy. Ka\u017cdy z nas mu kibicuje. Je\u017celi zostanie, to podniesie poziom naszej dru\u017cyny w perspektywie ca\u0142ego sezonu, ale je\u017celi odejdzie, to naturalnie nikt nie b\u0119dzie mia\u0142 mu tego za z\u0142e. Mam nadziej\u0119, \u017ce Marcel b\u0119dzie spe\u0142nia\u0142 swoje marzenia.<\/p>\n","protected":false},"excerpt":{"rendered":"Karol Bugajski (Przegl\u0105d Sportowy): Czego brakuje Zag\u0142\u0119biu, \u017ceby takie mecze, jak w poprzedniej kolejce w Radomiu (0:0) przechyla\u0107&hellip;\n","protected":false},"author":2,"featured_media":653177,"comment_status":"","ping_status":"","sticky":false,"template":"","format":"standard","meta":{"footnotes":"","_share_on_mastodon":"0"},"categories":[52220],"tags":[56,61195,127537,3106,274,3953,52221,15449,23506,48,46,55,948,42,38,40,39,41,47,130,3376],"class_list":["post-653176","post","type-post","status-publish","format-standard","has-post-thumbnail","category-kghm","tag-article_premium","tag-bottomfeed_styl","tag-damian_dabrowski","tag-dzis_pisza_dla_was","tag-ekstraklasa","tag-kghm","tag-kghm-polska-miedz","tag-leszek_ojrzynski","tag-marcel_regula","tag-nat_styl","tag-omp","tag-phx","tag-pilka_nozna","tag-pl","tag-poland","tag-polish","tag-polska","tag-polski","tag-screening_general","tag-wiadomosci_sportowe","tag-zaglebie_lubin"],"share_on_mastodon":{"url":"https:\/\/pubeurope.com\/@pl\/117177567658375357","error":""},"_links":{"self":[{"href":"https:\/\/www.europesays.com\/pl\/wp-json\/wp\/v2\/posts\/653176","targetHints":{"allow":["GET"]}}],"collection":[{"href":"https:\/\/www.europesays.com\/pl\/wp-json\/wp\/v2\/posts"}],"about":[{"href":"https:\/\/www.europesays.com\/pl\/wp-json\/wp\/v2\/types\/post"}],"author":[{"embeddable":true,"href":"https:\/\/www.europesays.com\/pl\/wp-json\/wp\/v2\/users\/2"}],"replies":[{"embeddable":true,"href":"https:\/\/www.europesays.com\/pl\/wp-json\/wp\/v2\/comments?post=653176"}],"version-history":[{"count":0,"href":"https:\/\/www.europesays.com\/pl\/wp-json\/wp\/v2\/posts\/653176\/revisions"}],"wp:featuredmedia":[{"embeddable":true,"href":"https:\/\/www.europesays.com\/pl\/wp-json\/wp\/v2\/media\/653177"}],"wp:attachment":[{"href":"https:\/\/www.europesays.com\/pl\/wp-json\/wp\/v2\/media?parent=653176"}],"wp:term":[{"taxonomy":"category","embeddable":true,"href":"https:\/\/www.europesays.com\/pl\/wp-json\/wp\/v2\/categories?post=653176"},{"taxonomy":"post_tag","embeddable":true,"href":"https:\/\/www.europesays.com\/pl\/wp-json\/wp\/v2\/tags?post=653176"}],"curies":[{"name":"wp","href":"https:\/\/api.w.org\/{rel}","templated":true}]}}