{"id":653224,"date":"2026-08-29T07:41:15","date_gmt":"2026-08-29T07:41:15","guid":{"rendered":"https:\/\/www.europesays.com\/pl\/653224\/"},"modified":"2026-08-29T07:41:15","modified_gmt":"2026-08-29T07:41:15","slug":"kupisz-je-za-1-zl-promocje-na-niedziele-handlowa-w-dino","status":"publish","type":"post","link":"https:\/\/www.europesays.com\/pl\/653224\/","title":{"rendered":"Kupisz je za 1 z\u0142. Promocje na niedziel\u0119 handlow\u0105 w Dino"},"content":{"rendered":"<p><a href=\"https:\/\/www.google.com\/preferences\/source?q=biznes.o2.pl\" target=\"_blank\" rel=\"nofollow noopener\" class=\"preferred-source-banner\" id=\"preferred-source-banner\" data-vab-box=\"preferred_source_banner\"><\/p>\n<p class=\"preferred-source-banner-title\">Dodaj Biznes o2 &#8211; Najnowsze wiadomo\u015bci ze \u015bwiata finans\u00f3w, gospodarki i biznesu jako preferowane \u017ar\u00f3d\u0142o w Google<\/p>\n<p class=\"preferred-source-banner-subtitle\">Nasze tre\u015bci b\u0119d\u0105 cz\u0119\u015bciej wy\u015bwietla\u0107 si\u0119 w Twoich wynikach Google<\/p>\n<p><\/a> <\/p>\n<p>Do niedzieli 30\u00a0sierpnia w\u0142\u0105cznie w\u00a0sklepach Dino sok pomara\u0144czowy Hortex 100\u00a0proc. (1 l) obj\u0119to mechanizmem 3+3 gratis. Kupuj\u0105c trzy butelki za 6,49 z\u0142 za sztuk\u0119, trzy nast\u0119pne mo\u017cna dobra\u0107 za darmo. Oferta obejmuje zakup sze\u015bciu produkt\u00f3w.<\/p>\n<p> <a href=\"https:\/\/biznes.o2.pl\/biznes\/paragon-z-biedronki-na-51-cm-wiekszosc-to-vouchery-klient-oslupial-7323349638744096a\" class=\"teaser-inline\" rel=\"nofollow noopener\" target=\"_blank\">  <img decoding=\"async\" src=\"https:\/\/www.europesays.com\/pl\/wp-content\/uploads\/2026\/08\/YmU4MWU5dgw0Vjtkek57GXcObz48F3VPIBZ3dXoEa1VlTGIxPFk8HzBEInkyRywdNEM9eSVZdgwlXWIhZBo9BCZEITYsGjwAN1Ep.jpeg\" loading=\"lazy\" class=\"wp-media-image cropped\" alt=\"Paragon z Biedronki na 51 cm. Wi\u0119kszo\u015b\u0107 to vouchery. Klient os\u0142upia\u0142\"\/><\/p>\n<p>Paragon z Biedronki na 51 cm. Wi\u0119kszo\u015b\u0107 to vouchery. Klient os\u0142upia\u0142<\/p>\n<p><\/a>  <\/p>\n<p>W\u00a0promocji 2+2 gratis znalaz\u0142y si\u0119 musy 100\u00a0proc. Owolowo, m.in. jagodowo-jab\u0142kowy, malinowy i\u00a0jab\u0142kowy. Przy zakupie dw\u00f3ch mus\u00f3w za 3,45 z\u0142 za sztuk\u0119 dwa kolejne mo\u017cna odebra\u0107 bez op\u0142aty.<\/p>\n<p> <img role=\"presentation\" class=\"absolute left-1\/2 top-1\/2 max-h-[80%] max-w-[100px] -translate-x-1\/2 -translate-y-1\/2\" src=\"https:\/\/v.wpimg.pl\/ZXJfd3AudTkrBBIAbg54LGhcRlAxHQUrPgJGH2MAeGJoSQ1eIBI_K2UHAEVuBTY5KQMMXC0RPyoVERQdMgM9ejc\" loading=\"lazy\" decoding=\"async\"\/> <\/p>\n<p>Tak samo w\u00a0Dino dzia\u0142a oferta na wafle kakaowe Wi-fi Deliss. Kupuj\u0105c dwa opakowania po 1,08 z\u0142, dwa nast\u0119pne mo\u017cna dobra\u0107 gratis. Promocja 2+2 obejmuje r\u00f3wnie\u017c lody na patyku Lulek Koral 55\u00a0ml. Cena jednego wynosi 1,99 z\u0142.<\/p>\n<p>Wszystkie pizze mro\u017cone w\u00a0Dino do niedzieli 30\u00a0sierpnia kupimy w\u00a0akcji, w\u00a0kt\u00f3rej drugie, ta\u0144sze opakowanie jest przecenione o\u00a050\u00a0proc. Dotyczy to mi\u0119dzy innymi pizzy Dr. Oetker Feliciana, Giuseppe 4\u00a0Cheese, Family Pizza oraz Bistro Smaku.<\/p>\n<p>Na drugi, ta\u0144szy p\u0142yn do prania Dino naliczy 70\u00a0proc. rabatu. Promocj\u0105 obj\u0119to wszystkie p\u0142yny, w\u00a0tym Perwoll Black Detergent, Perwoll Color oraz Woolite Keratin Therapy Mix Colors.<\/p>\n<p> <img role=\"presentation\" class=\"absolute left-1\/2 top-1\/2 max-h-[80%] max-w-[100px] -translate-x-1\/2 -translate-y-1\/2\" src=\"https:\/\/v.wpimg.pl\/ZXJfd3AudTkrBBIAbg54LGhcRlAxHQUrPgJGH2MAeGJoSQ1eIBI_K2UHAEVuBTY5KQMMXC0RPyoVERQdMgM9ejc\" loading=\"lazy\" decoding=\"async\"\/> <\/p>\n<p>Drugi, ta\u0144szy produkt z\u00a0kategorii dmucha\u0144c\u00f3w i\u00a0akcesori\u00f3w do p\u0142ywania kosztuje 1,00 z\u0142. Oferta dotyczy m.in. k\u00f3\u0142 do p\u0142ywania, r\u0119kawk\u00f3w, okular\u00f3w, dmuchanych zabawek i\u00a0materacy.<\/p>\n<p> <a href=\"https:\/\/biznes.o2.pl\/biznes\/persil-za-5-zl-biedronka-wprowadza-limit-zostaly-2-dni-7323403433199648a\" class=\"teaser-inline\" rel=\"nofollow noopener\" target=\"_blank\">  <img decoding=\"async\" src=\"https:\/\/www.europesays.com\/pl\/wp-content\/uploads\/2026\/08\/YTNlMDFmdjUvDjt3aRZ7IGxWby0vT3V2O053Zmlca2x-FGIiLwE8JiscImohHywkLxs9ajYBdjU-BWIyd0I9PT0cISU_Qjw5LAkp.jpeg\" loading=\"lazy\" class=\"wp-media-image cropped\" alt=\"Persil za 5 z\u0142. Biedronka wprowadza limit. Zosta\u0142y 2 dni\"\/><\/p>\n<p>Persil za 5 z\u0142. Biedronka wprowadza limit. Zosta\u0142y 2 dni<\/p>\n<p><\/a> <\/p>\n<p>Najwi\u0119ksza obni\u017cka w\u00a0Dino si\u0119ga 90\u00a0proc. i\u00a0obejmuje drugi, ta\u0144szy produkt z\u00a0dzia\u0142u narz\u0119dzi ogrodowych. W\u00a0akcji s\u0105 m.in. sekatory, \u0142opatki, szczotki, grabie, zmiotki i\u00a0drobne akcesoria do prac wok\u00f3\u0142 domu.<\/p>\n<p> <img role=\"presentation\" class=\"absolute left-1\/2 top-1\/2 max-h-[80%] max-w-[100px] -translate-x-1\/2 -translate-y-1\/2\" src=\"https:\/\/v.wpimg.pl\/ZXJfd3AudTkrBBIAbg54LGhcRlAxHQUrPgJGH2MAeGJoSQ1eIBI_K2UHAEVuBTY5KQMMXC0RPyoVERQdMgM9ejc\" loading=\"lazy\" decoding=\"async\"\/><\/p>\n<p>2-litrowa Coca-Cola taniej w Dino w niedziel\u0119 handlow\u0105<\/p>\n<p>W\u00a0weekendowej gazetce Dino znalaz\u0142y si\u0119 te\u017c napoje Coca-Cola, Coca-Cola Zero, Sprite i\u00a0Fanta w\u00a02-litrowych butelkach. Przy zakupie czterech sztuk (rodzaje mo\u017cna dowolnie miesza\u0107) cena wynosi 7,45 z\u0142 za sztuk\u0119. <\/p>\n<p> <a href=\"https:\/\/biznes.o2.pl\/biznes\/5-kg-za-darmo-lidl-nie-zartuje-tylko-do-30-sierpnia-7323383425161248a\" class=\"teaser-inline\" rel=\"nofollow noopener\" target=\"_blank\">  <img decoding=\"async\" src=\"https:\/\/www.europesays.com\/pl\/wp-content\/uploads\/2026\/08\/MTJiZTVhYjUrCyxneRNvIGhTeD0_SmF2P0tgdnlZf2x6EXUyPwQoJi8ZNXoxGjgkKx4qeiYEYjU6AHUiZ0cpPTkZNjUvRyg5KAw-.jpeg\" loading=\"lazy\" class=\"wp-media-image cropped\" alt=\"5 kg za darmo. Lidl nie \u017cartuje. Tylko do 30 sierpnia\"\/><\/p>\n<p>5 kg za darmo. Lidl nie \u017cartuje. Tylko do 30 sierpnia<\/p>\n<p><\/a> <\/p>\n<p>W\u00a0niedziel\u0119 handlow\u0105 w\u00a0Dino kaw\u0119 ziarnist\u0105 Woseba Ti Meriti Crema Aroma (1 kg) mo\u017cna kupi\u0107 za 45,49 z\u0142 za sztuk\u0119. Promocyjna cena obowi\u0105zuje tylko w\u00a0przypadku zakupu dw\u00f3ch work\u00f3w.<\/p>\n<p> <img role=\"presentation\" class=\"absolute left-1\/2 top-1\/2 max-h-[80%] max-w-[100px] -translate-x-1\/2 -translate-y-1\/2\" src=\"https:\/\/v.wpimg.pl\/ZXJfd3AudTkrBBIAbg54LGhcRlAxHQUrPgJGH2MAeGJoSQ1eIBI_K2UHAEVuBTY5KQMMXC0RPyoVERQdMgM9ejc\" loading=\"lazy\" decoding=\"async\"\/><\/p>\n<p>Gdzie szuka\u0107 promocji?<\/p>\n<p>Chcesz si\u0119 dowiedzie\u0107 o\u00a0innych okazjach i\u00a0przecenach? Sprawd\u017a <a href=\"https:\/\/biznes.o2.pl\/tag\/o2kazje\/\" rel=\"noopener noreferrer nofollow\" target=\"_blank\">O2KAZJE \u2013 codzienn\u0105 dawk\u0119 promocji na o2.pl<\/a>.<\/p>\n","protected":false},"excerpt":{"rendered":"Dodaj Biznes o2 &#8211; Najnowsze wiadomo\u015bci ze \u015bwiata finans\u00f3w, gospodarki i biznesu jako preferowane \u017ar\u00f3d\u0142o w Google Nasze&hellip;\n","protected":false},"author":2,"featured_media":653225,"comment_status":"","ping_status":"","sticky":false,"template":"","format":"standard","meta":{"footnotes":"","_share_on_mastodon":"0"},"categories":[52249],"tags":[857,41997,42,38,40,39,41],"class_list":["post-653224","post","type-post","status-publish","format-standard","has-post-thumbnail","category-dino-polska","tag-dino","tag-dino-polska","tag-pl","tag-poland","tag-polish","tag-polska","tag-polski"],"share_on_mastodon":{"url":"https:\/\/pubeurope.com\/@pl\/117177672795077735","error":""},"_links":{"self":[{"href":"https:\/\/www.europesays.com\/pl\/wp-json\/wp\/v2\/posts\/653224","targetHints":{"allow":["GET"]}}],"collection":[{"href":"https:\/\/www.europesays.com\/pl\/wp-json\/wp\/v2\/posts"}],"about":[{"href":"https:\/\/www.europesays.com\/pl\/wp-json\/wp\/v2\/types\/post"}],"author":[{"embeddable":true,"href":"https:\/\/www.europesays.com\/pl\/wp-json\/wp\/v2\/users\/2"}],"replies":[{"embeddable":true,"href":"https:\/\/www.europesays.com\/pl\/wp-json\/wp\/v2\/comments?post=653224"}],"version-history":[{"count":0,"href":"https:\/\/www.europesays.com\/pl\/wp-json\/wp\/v2\/posts\/653224\/revisions"}],"wp:featuredmedia":[{"embeddable":true,"href":"https:\/\/www.europesays.com\/pl\/wp-json\/wp\/v2\/media\/653225"}],"wp:attachment":[{"href":"https:\/\/www.europesays.com\/pl\/wp-json\/wp\/v2\/media?parent=653224"}],"wp:term":[{"taxonomy":"category","embeddable":true,"href":"https:\/\/www.europesays.com\/pl\/wp-json\/wp\/v2\/categories?post=653224"},{"taxonomy":"post_tag","embeddable":true,"href":"https:\/\/www.europesays.com\/pl\/wp-json\/wp\/v2\/tags?post=653224"}],"curies":[{"name":"wp","href":"https:\/\/api.w.org\/{rel}","templated":true}]}}