{"id":653226,"date":"2026-08-29T07:43:54","date_gmt":"2026-08-29T07:43:54","guid":{"rendered":"https:\/\/www.europesays.com\/pl\/653226\/"},"modified":"2026-08-29T07:43:54","modified_gmt":"2026-08-29T07:43:54","slug":"dzialania-dla-ograniczenia-zasolenia-odry-wody-polskie-z-wizyta-w-kghm-panstwowe-gospodarstwo-wodne-wody-polskie","status":"publish","type":"post","link":"https:\/\/www.europesays.com\/pl\/653226\/","title":{"rendered":"Dzia\u0142ania dla ograniczenia zasolenia Odry: Wody Polskie z wizyt\u0105 w KGHM &#8211; Pa\u0144stwowe Gospodarstwo Wodne Wody Polskie"},"content":{"rendered":"<p>Dzia\u0142ania podejmowane przez KGHM przynosz\u0105 wymierne efekty. W okresie od stycznia do lipca 2026 r. sp\u00f3\u0142ka ograniczy\u0142a \u0142adunek odprowadzany do rzeki o ponad 226 mln kg w por\u00f3wnaniu z analogicznym okresem ubieg\u0142ego roku.<\/p>\n<p>\u00a0<\/p>\n<p>Wsp\u00f3\u0142praca administracji i biznesu na rzecz Odry<\/p>\n<p>Robocza wizyta prezesa W\u00f3d Polskich by\u0142a okazj\u0105 do om\u00f3wienia dzia\u0142a\u0144 podejmowanych przez KGHM w celu ograniczenia zasolenia Odry oraz poprawy stanu jednolitych cz\u0119\u015bci w\u00f3d. Spotkanie potwierdzi\u0142o, jak wa\u017cna dla skutecznej ochrony zasob\u00f3w wodnych jest wsp\u00f3\u0142praca administracji publicznej z podmiotami gospodarczymi.<\/p>\n<p>Wsp\u00f3lne dzia\u0142ania instytucji odpowiedzialnych za gospodarowanie wodami oraz przedsi\u0119biorstw korzystaj\u0105cych z zasob\u00f3w wodnych pozwalaj\u0105 wypracowywa\u0107 rozwi\u0105zania, kt\u00f3re z jednej strony wspieraj\u0105 rozw\u00f3j gospodarczy, a z drugiej przyczyniaj\u0105 si\u0119 do poprawy jako\u015bci w\u00f3d i stanu \u015brodowiska naturalnego.<\/p>\n<p>\u2013 Poprawa stanu Odry jest wsp\u00f3ln\u0105 odpowiedzialno\u015bci\u0105 administracji i przedsi\u0119biorc\u00f3w. Wsp\u00f3\u0142praca W\u00f3d Polskich z KGHM pokazuje, \u017ce mo\u017cna skutecznie \u0142\u0105czy\u0107 rozw\u00f3j gospodarczy z dzia\u0142aniami na rzecz ochrony \u015brodowiska i ograniczania zasolenia rzeki. Dzia\u0142ania podejmowane przez sp\u00f3\u0142k\u0119 przynosz\u0105 wymierne efekty, co jest wa\u017cnym krokiem na rzecz poprawy stanu w\u00f3d tej strategicznej dla kraju rzeki \u2013 powiedzia\u0142 Mateusz Balcerowicz, prezes W\u00f3d Polskich.<\/p>\n<p>\u00a0<\/p>\n<p>Dzia\u0142ania KGHM przynosz\u0105 efekty<\/p>\n<p>Podczas wizyty przedstawiciele KGHM zaprezentowali rozwi\u0105zania wdra\u017cane w celu zmniejszenia oddzia\u0142ywania na Odr\u0119 oraz ograniczenia ilo\u015bci chlork\u00f3w i siarczan\u00f3w odprowadzanych wraz z wodami kopalniano-technologicznymi.<\/p>\n<p>Kluczowym elementem tych dzia\u0142a\u0144 jest selektywna gospodarka wodami do\u0142owymi, polegaj\u0105ca na dostosowywaniu ilo\u015bci odprowadzanych w\u00f3d do aktualnych warunk\u00f3w hydrologicznych. W okresach \u015brednich i wysokich stan\u00f3w rzeki wykorzystywana jest wi\u0119ksza ch\u0142onno\u015b\u0107 Odry, natomiast podczas niskich przep\u0142yw\u00f3w ilo\u015b\u0107 odprowadzanych w\u00f3d jest ograniczana. Rozwi\u0105zanie to pozwala ogranicza\u0107 wp\u0142yw na \u015brodowisko przy jednoczesnym zachowaniu bezpiecze\u0144stwa proces\u00f3w technologicznych oraz utrzymaniu niezb\u0119dnej retencji dla funkcjonowania obiektu \u201e\u017belazny Most\u201d.<\/p>\n<p>Sp\u00f3\u0142ka prowadzi r\u00f3wnie\u017c iniekcje g\u00f3rotworu ograniczaj\u0105ce dop\u0142yw w\u00f3d do wyrobisk g\u00f3rniczych oraz wykorzystuje mo\u017cliwo\u015bci retencji podziemnej w osadnikach i klarownikach. \u0141\u0105czna dost\u0119pna pojemno\u015b\u0107 tych obiekt\u00f3w wynosi oko\u0142o 1,5 mln m\u00b3, z czego obecnie wykorzystywane jest oko\u0142o 0,7 mln m\u00b3.<\/p>\n<p>Istotnym elementem dzia\u0142a\u0144 jest tak\u017ce monitoring jako\u015bci w\u00f3d Odry, prowadzony zar\u00f3wno w zakresie okre\u015blonym pozwoleniami wodnoprawnymi, jak i dodatkowo z inicjatywy sp\u00f3\u0142ki.<\/p>\n<p>\u00a0<\/p>\n<p>Ponad 226 mln kg mniej \u0142adunku w 2026 roku<\/p>\n<p>Efekty wdra\u017canych dzia\u0142a\u0144 s\u0105 ju\u017c widoczne. W okresie od stycznia do lipca 2026 r. ograniczono \u0142adunek odprowadzany do Odry o 226 105 657 kg w por\u00f3wnaniu z analogicznym okresem 2025 r.<\/p>\n<p>Z kolei w ca\u0142ym 2025 roku ograniczenie \u0142adunku odprowadzanego do rzeki wynios\u0142o 347 888 987 kg w por\u00f3wnaniu z rokiem 2024.<\/p>\n<p>Dane te potwierdzaj\u0105 skuteczno\u015b\u0107 wdra\u017canych rozwi\u0105za\u0144 i stanowi\u0105 wa\u017cny element dzia\u0142a\u0144 na rzecz ograniczania presji na \u015brodowisko wodne oraz poprawy jako\u015bci w\u00f3d Odry.<\/p>\n<p>\u00a0<\/p>\n<p>Inwestycje w retencj\u0119 i bezpiecze\u0144stwo \u015brodowiskowe<\/p>\n<p>KGHM rozwija r\u00f3wnie\u017c projekty zwi\u0105zane z tworzeniem nowych zdolno\u015bci retencyjnych dla w\u00f3d do\u0142owych. Obecnie prowadzone s\u0105 prace nad okre\u015bleniem technologii wykonania nowych obiekt\u00f3w, ich parametr\u00f3w technicznych oraz oceny oddzia\u0142ywania planowanych inwestycji na \u015brodowisko.<\/p>\n<p>Wed\u0142ug szacunk\u00f3w sp\u00f3\u0142ki w perspektywie najbli\u017cszych 10-12 lat potrzeby retencyjne wynios\u0105 oko\u0142o 7-10 mln m\u00b3. Oznacza to konieczno\u015b\u0107 budowy od jednego do trzech nowych zbiornik\u00f3w retencyjnych w ci\u0105gu najbli\u017cszych 15 lat. Koszt realizacji jednego takiego obiektu szacowany jest na 800 mln do 1,2 mld z\u0142, a czas przygotowania i budowy mo\u017ce wynie\u015b\u0107 oko\u0142o siedmiu lat.<\/p>\n<p>\u00a0<\/p>\n<p>Wsp\u00f3lna odpowiedzialno\u015b\u0107 za zasoby wodne<\/p>\n<p>Wizyta prezesa W\u00f3d Polskich w KGHM potwierdzi\u0142a znaczenie dialogu i wsp\u00f3\u0142pracy pomi\u0119dzy administracj\u0105 odpowiedzialn\u0105 za gospodarowanie wodami a sektorem przemys\u0142owym. Konsekwentne dzia\u0142ania organizacyjne, inwestycyjne i monitoringowe s\u0105 niezb\u0119dne dla dalszego ograniczania zasolenia Odry oraz poprawy stanu jej w\u00f3d.<\/p>\n<p>&#8211; Wsp\u00f3lne dzia\u0142ania W\u00f3d Polskich i KGHM pokazuj\u0105, \u017ce skuteczna ochrona zasob\u00f3w wodnych wymaga d\u0142ugofalowego zaanga\u017cowania wszystkich interesariuszy oraz odpowiedzialnego podej\u015bcia do gospodarowania wodami i ochrony \u015brodowiska \u2013 doda\u0142 wiceprezes W\u00f3d Polskich Marcin Jarzy\u0144ski, r\u00f3wnie\u017c uczestnicz\u0105cy w wizycie roboczej.<\/p>\n","protected":false},"excerpt":{"rendered":"Dzia\u0142ania podejmowane przez KGHM przynosz\u0105 wymierne efekty. W okresie od stycznia do lipca 2026 r. sp\u00f3\u0142ka ograniczy\u0142a \u0142adunek&hellip;\n","protected":false},"author":2,"featured_media":653227,"comment_status":"","ping_status":"","sticky":false,"template":"","format":"standard","meta":{"footnotes":"","_share_on_mastodon":"0"},"categories":[52220],"tags":[3953,52221,42,38,40,39,41],"class_list":["post-653226","post","type-post","status-publish","format-standard","has-post-thumbnail","category-kghm","tag-kghm","tag-kghm-polska-miedz","tag-pl","tag-poland","tag-polish","tag-polska","tag-polski"],"share_on_mastodon":{"url":"https:\/\/pubeurope.com\/@pl\/117177684203990556","error":""},"_links":{"self":[{"href":"https:\/\/www.europesays.com\/pl\/wp-json\/wp\/v2\/posts\/653226","targetHints":{"allow":["GET"]}}],"collection":[{"href":"https:\/\/www.europesays.com\/pl\/wp-json\/wp\/v2\/posts"}],"about":[{"href":"https:\/\/www.europesays.com\/pl\/wp-json\/wp\/v2\/types\/post"}],"author":[{"embeddable":true,"href":"https:\/\/www.europesays.com\/pl\/wp-json\/wp\/v2\/users\/2"}],"replies":[{"embeddable":true,"href":"https:\/\/www.europesays.com\/pl\/wp-json\/wp\/v2\/comments?post=653226"}],"version-history":[{"count":0,"href":"https:\/\/www.europesays.com\/pl\/wp-json\/wp\/v2\/posts\/653226\/revisions"}],"wp:featuredmedia":[{"embeddable":true,"href":"https:\/\/www.europesays.com\/pl\/wp-json\/wp\/v2\/media\/653227"}],"wp:attachment":[{"href":"https:\/\/www.europesays.com\/pl\/wp-json\/wp\/v2\/media?parent=653226"}],"wp:term":[{"taxonomy":"category","embeddable":true,"href":"https:\/\/www.europesays.com\/pl\/wp-json\/wp\/v2\/categories?post=653226"},{"taxonomy":"post_tag","embeddable":true,"href":"https:\/\/www.europesays.com\/pl\/wp-json\/wp\/v2\/tags?post=653226"}],"curies":[{"name":"wp","href":"https:\/\/api.w.org\/{rel}","templated":true}]}}