{"id":653256,"date":"2026-08-29T08:01:10","date_gmt":"2026-08-29T08:01:10","guid":{"rendered":"https:\/\/www.europesays.com\/pl\/653256\/"},"modified":"2026-08-29T08:01:10","modified_gmt":"2026-08-29T08:01:10","slug":"us-open-jest-decyzja-ws-meczu-swiatek","status":"publish","type":"post","link":"https:\/\/www.europesays.com\/pl\/653256\/","title":{"rendered":"US Open: Jest decyzja ws. meczu \u015awi\u0105tek"},"content":{"rendered":"\n<p class=\"contentpart contentpart--default contentpart--text\" data-position=\"0\">Forma <a href=\"https:\/\/sportowefakty.wp.pl\/tenis\/iga-swiatek\" rel=\"nofollow noopener\" target=\"_blank\">Igi \u015awi\u0105tek<\/a>\u00a0jest ca\u0142kiem niez\u0142a. Niedawno Polka mog\u0142a poszczyci\u0107 si\u0119 dziesi\u0119cioma wygranymi meczami z rz\u0119du. Tenisistka wygra\u0142a turniej w Toronto, a poza tym awansowa\u0142a do p\u00f3\u0142fina\u0142u zmaga\u0144 w\u00a0Cincinnati.<\/p>\n<p class=\"contentpart contentpart--default contentpart--text\" data-position=\"1\">Teraz przed ni\u0105 kolejne wyzwania, zwi\u0105zane ze zmaganiami w ramach US Open. Jej pierwsz\u0105 rywalk\u0105 b\u0119dzie Chinka <a href=\"https:\/\/sportowefakty.wp.pl\/xiyu-wanga\" rel=\"nofollow noopener\" target=\"_blank\">Xiyu Wang<\/a>. \u015awi\u0105tek rywalizowa\u0142a z ni\u0105 dwukrotnie w 2024 roku. W Madrycie wygra\u0142a z ni\u0105 6:1, 6:4, a podczas trzeciej rundy turnieju olimpijskiego w Pary\u017cu by\u0142o 6:3, 6:4 dla Polki.<\/p>\n<p>  <img decoding=\"async\" src=\"https:\/\/v.wpimg.pl\/X3dwLnN2d1IFFTpdYUl6R0ZNbgcnEHQREVV2TGEGbUtRT2MdOlZ2RBQUKABgQjQcDRotCStBd1IAAWMeIlM7VgwYIAorQAdEFFk_GCkQJQ\" alt=\"\" width=\"45\" height=\"58\" loading=\"lazy\"\/>  <\/p>\n<p class=\"contentpart contentpart--default contentpart--text\" data-position=\"2\">ZOBACZ WIDEO: Sukces Igi \u015awi\u0105tek znaczy wi\u0119cej ni\u017c jakiekolwiek s\u0142owa<\/p>\n<p>Kiedy mecz \u015awi\u0105tek &#8211; Wang?<\/p>\n<p class=\"contentpart contentpart--default contentpart--text\" data-position=\"5\">Organizatorzy US Open ju\u017c oficjalnie przekazali, kiedy dojdzie do pierwszego meczu \u015awi\u0105tek w ramach US Open. Rozpocznie si\u0119 on w nocy z poniedzia\u0142ku na wtorek.<\/p>\n<p class=\"contentpart contentpart--default contentpart--text\" data-position=\"6\">Pocz\u0105tek zmaga\u0144 o godz. 1:00 czasu polskiego. Zawodniczki spotkaj\u0105 si\u0119 na korcie im. Louisa Armstronga.<\/p>\n<p>  <img decoding=\"async\" src=\"https:\/\/v.wpimg.pl\/X3dwLnN2d1IFFTpdYUl6R0ZNbgcnEHQREVV2TGEGbUtRT2MdOlZ2RBQUKABgQjQcDRotCStBd1IAAWMeIlM7VgwYIAorQAdEFFk_GCkQJQ\" alt=\"\" width=\"45\" height=\"58\" loading=\"lazy\"\/>  <\/p>\n<p class=\"contentpart contentpart--default contentpart--text\" data-position=\"7\">Warto przypomnie\u0107, \u017ce w poprzednim sezonie Iga \u015awi\u0105tek dotar\u0142a do \u0107wier\u0107fina\u0142u US Open, gdzie przegra\u0142a 4:6, 3:6 z Amand\u0105 Anisimov\u0105.<\/p>\n","protected":false},"excerpt":{"rendered":"Forma Igi \u015awi\u0105tek\u00a0jest ca\u0142kiem niez\u0142a. Niedawno Polka mog\u0142a poszczyci\u0107 si\u0119 dziesi\u0119cioma wygranymi meczami z rz\u0119du. Tenisistka wygra\u0142a turniej&hellip;\n","protected":false},"author":2,"featured_media":653257,"comment_status":"","ping_status":"","sticky":false,"template":"","format":"standard","meta":{"footnotes":"","_share_on_mastodon":"0"},"categories":[24],"tags":[158,42,38,40,39,41,127,126,156,117062],"class_list":["post-653256","post","type-post","status-publish","format-standard","has-post-thumbnail","category-sport","tag-iga-swiatek","tag-pl","tag-poland","tag-polish","tag-polska","tag-polski","tag-sport","tag-sports","tag-tenis","tag-xiyu-wang"],"share_on_mastodon":{"url":"https:\/\/pubeurope.com\/@pl\/117177751105670081","error":""},"_links":{"self":[{"href":"https:\/\/www.europesays.com\/pl\/wp-json\/wp\/v2\/posts\/653256","targetHints":{"allow":["GET"]}}],"collection":[{"href":"https:\/\/www.europesays.com\/pl\/wp-json\/wp\/v2\/posts"}],"about":[{"href":"https:\/\/www.europesays.com\/pl\/wp-json\/wp\/v2\/types\/post"}],"author":[{"embeddable":true,"href":"https:\/\/www.europesays.com\/pl\/wp-json\/wp\/v2\/users\/2"}],"replies":[{"embeddable":true,"href":"https:\/\/www.europesays.com\/pl\/wp-json\/wp\/v2\/comments?post=653256"}],"version-history":[{"count":0,"href":"https:\/\/www.europesays.com\/pl\/wp-json\/wp\/v2\/posts\/653256\/revisions"}],"wp:featuredmedia":[{"embeddable":true,"href":"https:\/\/www.europesays.com\/pl\/wp-json\/wp\/v2\/media\/653257"}],"wp:attachment":[{"href":"https:\/\/www.europesays.com\/pl\/wp-json\/wp\/v2\/media?parent=653256"}],"wp:term":[{"taxonomy":"category","embeddable":true,"href":"https:\/\/www.europesays.com\/pl\/wp-json\/wp\/v2\/categories?post=653256"},{"taxonomy":"post_tag","embeddable":true,"href":"https:\/\/www.europesays.com\/pl\/wp-json\/wp\/v2\/tags?post=653256"}],"curies":[{"name":"wp","href":"https:\/\/api.w.org\/{rel}","templated":true}]}}