{"id":653276,"date":"2026-08-29T08:12:18","date_gmt":"2026-08-29T08:12:18","guid":{"rendered":"https:\/\/www.europesays.com\/pl\/653276\/"},"modified":"2026-08-29T08:12:18","modified_gmt":"2026-08-29T08:12:18","slug":"kghm-wspiera-kamila-majchrzaka-podczas-us-open-polski-tenisista-zagra-w-nowym-jorku-z-logo-miedziowego-giganta-sportmarketing-pl","status":"publish","type":"post","link":"https:\/\/www.europesays.com\/pl\/653276\/","title":{"rendered":"KGHM wspiera Kamila Majchrzaka podczas US Open. Polski tenisista zagra w Nowym Jorku z logo miedziowego giganta \u2013 SportMarketing.pl"},"content":{"rendered":"<p>                    <a href=\"https:\/\/www.sportmarketing.pl\/\" class=\"p-1\" rel=\"nofollow noopener\" target=\"_blank\"><\/p>\n<p>                    <\/a><\/p>\n<p>                                            <a href=\"https:\/\/www.sportmarketing.pl\/partnerzy\/\" class=\"text-1 transition-all hover:underline\" rel=\"nofollow noopener\" target=\"_blank\"><br \/>\n                            Partnerzy<br \/>\n                        <\/a><\/p>\n<p>                        KGHM wspiera Kamila Majchrzaka podczas US Open. Polski tenisista zagra w Nowym Jorku z logo miedziowego giganta<\/p>\n<p>                    29.08.2026 09:33<\/p>\n<p>                            US Open rozpoczyna si\u0119 30 sierpnia i b\u0119dzie ostatnim turniejem wielkoszlemowym w tegorocznym kalendarzu. W Nowym Jorku zobaczymy sze\u015bcioro reprezentant\u00f3w Polski, a jednym z nich b\u0119dzie Kamil Majchrzak. Polski tenisista przyst\u0105pi do rywalizacji ze wsparciem KGHM Polska Mied\u017a, kt\u00f3rego logo ponownie pojawi si\u0119 na jego stroju.<\/p>\n<p>        <img decoding=\"async\" class=\"aspect-[11\/6] h-auto w-full object-cover\" src=\"https:\/\/www.europesays.com\/pl\/wp-content\/uploads\/2026\/08\/MixCollage-08-Jul-2026-09-04-AM-5368.jpg\" alt=\"Kamil Majchrzak o wsp\u00f3\u0142pracy z KGHM, awansie do TOP 50 i walce z tenisow\u0105 elit\u0105 [WYWIAD]\"\/><\/p>\n<p>    LinkedIn Follow Button \u2013 Article Embed<\/p>\n<p>Wsp\u00f3\u0142praca KGHM z Majchrzakiem obejmuje dwa tegoroczne turnieje Wielkiego Szlema \u2013 Wimbledon oraz US Open. Umowa zosta\u0142a og\u0142oszona jeszcze przed londy\u0144skim turniejem. KGHM podkre\u015bla\u0142 w\u00f3wczas, \u017ce chce wykorzysta\u0107 wsp\u00f3\u0142prac\u0119 z jednym z czo\u0142owych polskich tenisist\u00f3w do wzmacniania rozpoznawalno\u015bci marki na mi\u0119dzynarodowym rynku.<\/p>\n<p>Dalszy rozw\u00f3j <\/p>\n<p>Majchrzak w ostatnich miesi\u0105cach zrobi\u0142 kolejny wa\u017cny krok w swojej karierze. W czerwcu 2026 roku wygra\u0142 turniej ATP 250 w \u2019s-Hertogenbosch, a w pewnym momencie sezonu awansowa\u0142 r\u00f3wnie\u017c do czo\u0142owej pi\u0119\u0107dziesi\u0105tki \u015bwiatowego rankingu. Do US Open przyst\u0119puje jako 72. zawodnik ATP.<\/p>\n<p>\u2013 US Open to wyj\u0105tkowy moment tenisowego sezonu, dlatego bardzo si\u0119 ciesz\u0119, \u017ce mog\u0119 wyst\u0119powa\u0107 w tym turnieju ze wsparciem KGHM \u2013 jednej z najwi\u0119kszych polskich firm \u2013 powiedzia\u0142 Kamil Majchrzak.<\/p>\n<p>Dla polskiego zawodnika b\u0119dzie to kolejne wielkoszlemowe do\u015bwiadczenie w sezonie, w kt\u00f3rym jego pozycja w \u015bwiatowym tenisie wyra\u017anie si\u0119 umocni\u0142a. W pierwszej rundzie US Open Majchrzak zmierzy si\u0119 z Serbem Hamadem Medjedoviciem.<\/p>\n<p>Ekspozycja marki <\/p>\n<p>Obecno\u015b\u0107 logo KGHM na stroju tenisisty jest cz\u0119\u015bci\u0105 szerszej strategii firmy. Polska Mied\u017a od lat wykorzystuje sport jako jeden z element\u00f3w komunikacji marki, \u0142\u0105cz\u0105c dzia\u0142ania sponsoringowe z promocj\u0105 aktywno\u015bci fizycznej i wspieraniem zawodnik\u00f3w oraz klub\u00f3w.<\/p>\n<p>W przypadku Majchrzaka szczeg\u00f3lne znaczenie ma mi\u0119dzynarodowy charakter najwa\u017cniejszych turniej\u00f3w tenisowych. Wimbledon i US Open nale\u017c\u0105 do najbardziej rozpoznawalnych imprez sportowych na \u015bwiecie, a ich globalna widownia daje sponsorowi mo\u017cliwo\u015b\u0107 wyj\u015bcia poza polski rynek.<\/p>\n<p>Potentat na rynku <\/p>\n<p>KGHM jest jednym z najwi\u0119kszych producent\u00f3w miedzi i srebra na \u015bwiecie, a jego dzia\u0142alno\u015b\u0107 obejmuje trzy kontynenty. Wsp\u00f3\u0142praca z Majchrzakiem wpisuje si\u0119 wi\u0119c w pr\u00f3b\u0119 budowania wizerunku firmy r\u00f3wnie\u017c poprzez obecno\u015b\u0107 w globalnym sporcie.<\/p>\n<p><a href=\"https:\/\/www.sportmarketing.pl\/newsletter\/\" rel=\"nofollow noopener\" target=\"_blank\"><img fetchpriority=\"high\" decoding=\"async\" width=\"1024\" height=\"538\" src=\"https:\/\/www.europesays.com\/pl\/wp-content\/uploads\/2026\/08\/1787991136_817_newsletter-foto-3-1024x538.png\" alt=\"\" class=\"wp-image-115830\"  \/><\/a><\/p>\n<p>    <a href=\"https:\/\/www.sportmarketing.pl\/author\/redakcja\/\" class=\"group mb-6 flex flex-col gap-4 border-y border-global-border-2 py-6\" rel=\"nofollow noopener\" target=\"_blank\"><\/p>\n<p>            <img decoding=\"async\" loading=\"lazy\" src=\"https:\/\/www.europesays.com\/pl\/wp-content\/uploads\/2026\/08\/1787991138_655_Pilka.png\" alt=\"Redakcja Sport Marketing\" class=\"size-20 rounded-full transition-all group-hover:opacity-80\"\/><\/p>\n<p>                Redakcja Sport Marketing<\/p>\n<p>    <\/a><\/p>\n","protected":false},"excerpt":{"rendered":"Partnerzy KGHM wspiera Kamila Majchrzaka podczas US Open. Polski tenisista zagra w Nowym Jorku z logo miedziowego giganta&hellip;\n","protected":false},"author":2,"featured_media":653277,"comment_status":"","ping_status":"","sticky":false,"template":"","format":"standard","meta":{"footnotes":"","_share_on_mastodon":"0"},"categories":[52220],"tags":[9170,3953,52221,42,38,40,39,41,156],"class_list":["post-653276","post","type-post","status-publish","format-standard","has-post-thumbnail","category-kghm","tag-kamil-majchrzak","tag-kghm","tag-kghm-polska-miedz","tag-pl","tag-poland","tag-polish","tag-polska","tag-polski","tag-tenis"],"share_on_mastodon":{"url":"https:\/\/pubeurope.com\/@pl\/117177795757417195","error":""},"_links":{"self":[{"href":"https:\/\/www.europesays.com\/pl\/wp-json\/wp\/v2\/posts\/653276","targetHints":{"allow":["GET"]}}],"collection":[{"href":"https:\/\/www.europesays.com\/pl\/wp-json\/wp\/v2\/posts"}],"about":[{"href":"https:\/\/www.europesays.com\/pl\/wp-json\/wp\/v2\/types\/post"}],"author":[{"embeddable":true,"href":"https:\/\/www.europesays.com\/pl\/wp-json\/wp\/v2\/users\/2"}],"replies":[{"embeddable":true,"href":"https:\/\/www.europesays.com\/pl\/wp-json\/wp\/v2\/comments?post=653276"}],"version-history":[{"count":0,"href":"https:\/\/www.europesays.com\/pl\/wp-json\/wp\/v2\/posts\/653276\/revisions"}],"wp:featuredmedia":[{"embeddable":true,"href":"https:\/\/www.europesays.com\/pl\/wp-json\/wp\/v2\/media\/653277"}],"wp:attachment":[{"href":"https:\/\/www.europesays.com\/pl\/wp-json\/wp\/v2\/media?parent=653276"}],"wp:term":[{"taxonomy":"category","embeddable":true,"href":"https:\/\/www.europesays.com\/pl\/wp-json\/wp\/v2\/categories?post=653276"},{"taxonomy":"post_tag","embeddable":true,"href":"https:\/\/www.europesays.com\/pl\/wp-json\/wp\/v2\/tags?post=653276"}],"curies":[{"name":"wp","href":"https:\/\/api.w.org\/{rel}","templated":true}]}}