{"id":653324,"date":"2026-08-29T08:40:14","date_gmt":"2026-08-29T08:40:14","guid":{"rendered":"https:\/\/www.europesays.com\/pl\/653324\/"},"modified":"2026-08-29T08:40:14","modified_gmt":"2026-08-29T08:40:14","slug":"kghm-zaglebie-lubin-pge-mks-el-volt-lublin-relacja-live-i-wynik-na-zywo","status":"publish","type":"post","link":"https:\/\/www.europesays.com\/pl\/653324\/","title":{"rendered":"KGHM Zag\u0142\u0119bie Lubin &#8211; PGE MKS El-Volt Lublin. Relacja live i wynik na \u017cywo"},"content":{"rendered":"<p>Pierwszy gwizdek wybrzmi o godzinie 15:00. Na parkiecie pojawi\u0105 si\u0119 aktualne mistrzynie Polski i zdobywczynie krajowego pucharu KGHM Zag\u0142\u0119bie Lubin oraz wicemistrzynie kraju z PGE MKS-u El-Volt Lublin.<\/p>\n<p>\u00a0<\/p>\n<p>B\u0119dzie to konfrontacja zespo\u0142\u00f3w, kt\u00f3re od lat wyznaczaj\u0105 kierunek rozwoju kobiecej pi\u0142ki r\u0119cznej w Polsce. Kibice zobacz\u0105 reprezentantki Polski, uczestniczki mistrzostw \u015bwiata i zawodniczki posiadaj\u0105ce do\u015bwiadczenie zdobywane w najlepszych europejskich klubach.<\/p>\n<p>\u00a0<\/p>\n<p>Obie dru\u017cyny wzbogaci\u0142y si\u0119 o zawodniczki najwy\u017cszej \u015bwiatowej klasy. Do PGE MKS-u El-Volt Lublin do\u0142\u0105czy\u0142a Jhennifer Lopes, jedna z czo\u0142owych postaci reprezentacji Brazylii, z kt\u00f3r\u0105 zaj\u0119\u0142a 6. miejsca podczas ostatnich mistrzostw \u015bwiata. Do zespo\u0142u wicemistrzy\u0144 Polski do\u0142\u0105czy\u0142a r\u00f3wnie\u017c reprezentantka Danii Sarah Paulsen.<\/p>\n<p>\u00a0<\/p>\n<p>Miedziowe pozyska\u0142y do kadry prawdziw\u0105 pot\u0119g\u0119 w postaci Francuzki Niakat\u00e9 Kalidiatou &#8211; mistrzyni \u015bwiata, Europy i olimpijskiej. W ostatnim czasie do klubu powr\u00f3ci\u0142a r\u00f3wnie\u017c Emilia Gali\u0144ska.<\/p>\n<p>\u00a0<\/p>\n<p>Relacja live i wynik na \u017cywo z meczu KGHM Zag\u0142\u0119bie Lubin &#8211; PGE MKS El-Volt Lublin od 15.00 na Polsatsport.pl.<\/p>\n<p>Informacja Prasowa<\/p>\n<p><a class=\"news__read-more-button\" href=\"https:\/\/www.polsatsport.pl\/\" rel=\"nofollow noopener\" target=\"_blank\">Przejd\u017a na Polsatsport.pl<\/a>PolsatSport.pl w wersji na telefony z systemem Android i iOS!<\/p>\n<p class=\"app-ad__preview\">Najnowsze informacje i wiadomo\u015bci na bie\u017c\u0105co, gdziekolwiek jeste\u015b.<\/p>\n","protected":false},"excerpt":{"rendered":"Pierwszy gwizdek wybrzmi o godzinie 15:00. Na parkiecie pojawi\u0105 si\u0119 aktualne mistrzynie Polski i zdobywczynie krajowego pucharu KGHM&hellip;\n","protected":false},"author":2,"featured_media":653325,"comment_status":"","ping_status":"","sticky":false,"template":"","format":"standard","meta":{"footnotes":"","_share_on_mastodon":"0"},"categories":[52220],"tags":[3953,52221,42,38,40,39,41],"class_list":["post-653324","post","type-post","status-publish","format-standard","has-post-thumbnail","category-kghm","tag-kghm","tag-kghm-polska-miedz","tag-pl","tag-poland","tag-polish","tag-polska","tag-polski"],"share_on_mastodon":{"url":"https:\/\/pubeurope.com\/@pl\/117177904337470758","error":""},"_links":{"self":[{"href":"https:\/\/www.europesays.com\/pl\/wp-json\/wp\/v2\/posts\/653324","targetHints":{"allow":["GET"]}}],"collection":[{"href":"https:\/\/www.europesays.com\/pl\/wp-json\/wp\/v2\/posts"}],"about":[{"href":"https:\/\/www.europesays.com\/pl\/wp-json\/wp\/v2\/types\/post"}],"author":[{"embeddable":true,"href":"https:\/\/www.europesays.com\/pl\/wp-json\/wp\/v2\/users\/2"}],"replies":[{"embeddable":true,"href":"https:\/\/www.europesays.com\/pl\/wp-json\/wp\/v2\/comments?post=653324"}],"version-history":[{"count":0,"href":"https:\/\/www.europesays.com\/pl\/wp-json\/wp\/v2\/posts\/653324\/revisions"}],"wp:featuredmedia":[{"embeddable":true,"href":"https:\/\/www.europesays.com\/pl\/wp-json\/wp\/v2\/media\/653325"}],"wp:attachment":[{"href":"https:\/\/www.europesays.com\/pl\/wp-json\/wp\/v2\/media?parent=653324"}],"wp:term":[{"taxonomy":"category","embeddable":true,"href":"https:\/\/www.europesays.com\/pl\/wp-json\/wp\/v2\/categories?post=653324"},{"taxonomy":"post_tag","embeddable":true,"href":"https:\/\/www.europesays.com\/pl\/wp-json\/wp\/v2\/tags?post=653324"}],"curies":[{"name":"wp","href":"https:\/\/api.w.org\/{rel}","templated":true}]}}