{"id":653356,"date":"2026-08-29T08:57:15","date_gmt":"2026-08-29T08:57:15","guid":{"rendered":"https:\/\/www.europesays.com\/pl\/653356\/"},"modified":"2026-08-29T08:57:15","modified_gmt":"2026-08-29T08:57:15","slug":"mery-spolsky-rzucila-wulgarne-slowa-nagle-na-scenie-pojawil-sie-rafal-trzaskowski","status":"publish","type":"post","link":"https:\/\/www.europesays.com\/pl\/653356\/","title":{"rendered":"Mery Spolsky rzuci\u0142a wulgarne s\u0142owa. Nagle na scenie pojawi\u0142 si\u0119 Rafa\u0142 Trzaskowski"},"content":{"rendered":"<p>Organizowany z inicjatywy prezydenta Warszawy, <a href=\"https:\/\/plejada.pl\/temat\/rafal-trzaskowski-polityk\/stjt94j\" id=\"82e1fdc6-8caa-4f45-b474-c89b4517b9ee\" rel=\"nofollow noopener\" target=\"_blank\">Rafa\u0142a Trzaskowskiego<\/a>, Campus Polska Przysz\u0142o\u015bci to coroczne wydarzenie dedykowane m\u0142odym ludziom. Jego celem jest integracja r\u00f3\u017cnych \u015brodowisk i stworzenie przestrzeni do rozm\u00f3w o przysz\u0142o\u015bci Polski, Europy i \u015bwiata. Cho\u0107 festiwal kojarzony jest przede wszystkim z powa\u017cnymi dyskusjami spo\u0142eczno-politycznymi, nie brakuje tu tak\u017ce miejsca na koncerty i wyst\u0119py artystyczne.Dalszy ci\u0105g artyku\u0142u pod materia\u0142em wideoMery Spolsky zaliczy\u0142a wpadk\u0119 przed Rafa\u0142em Trzaskowskim. Teraz przepraszaPodczas tegorocznej edycji wydarzenia <a href=\"https:\/\/plejada.pl\/temat\/mery-spolsky\/61zdm0h\" id=\"2cc0b5c9-6fe6-4489-8fe6-f52439da7f16\" rel=\"nofollow noopener\" target=\"_blank\">Mery Spolsky<\/a> zaprezentowa\u0142a publiczno\u015bci energetyczny koncert, kt\u00f3ry \u2014 jak si\u0119 okaza\u0142o \u2014 zako\u0144czy\u0142 si\u0119 nieoczekiwanym incydentem. Artystka, dziel\u0105c si\u0119 kulisami wyst\u0119pu na TikToku, opowiedzia\u0142a o sytuacji, do kt\u00f3rej dosz\u0142o tu\u017c po zrobieniu pami\u0105tkowego zdj\u0119cia ze sceny.<img class=\"ods-a-photo ods-a-photo--background\" src=\"https:\/\/www.europesays.com\/pl\/wp-content\/uploads\/2026\/08\/1787993835_220_r9zk9lBaHR0cHM6Ly9vY2RuLmV1L3B1bHNjbXMvTURBXy85ZmMxY2JlMzJhODZlMWI1NTlkOGIwOWJmMTk5MWY2OS5qcGeRlQLNA.jpeg\" height=\"299\" width=\"450\" alt=\"Britney Spears w 2019 r.\" loading=\"lazy\" fetchpriority=\"low\" decoding=\"async\"\/><\/p>\n<p>Gdy Spolsky zamierza\u0142a ju\u017c opu\u015bci\u0107 scen\u0119, osoby stoj\u0105ce z boku zacz\u0119\u0142y dawa\u0107 jej znaki, by jeszcze chwil\u0119 zosta\u0142a. Przekonana, \u017ce chodzi o kolejne zdj\u0119cie, spontanicznie zwr\u00f3ci\u0142a si\u0119 do mikrofonu: &#8222;Poczekajcie, bo kto\u015b tutaj chce si\u0119 jeszcze w******\u0107 na scen\u0119&#8221;. Jak si\u0119 okaza\u0142o, &#8222;tajemnicz\u0105 osob\u0105&#8221; by\u0142 sam gospodarz wydarzenia \u2014 Rafa\u0142 Trzaskowski. Nie\u015bwiadoma powagi sytuacji, Mery Spolsky ponagli\u0142a go jeszcze s\u0142owami:<\/p>\n<blockquote class=\"ods-o-quote\">\n<p class=\"ods-o-quote__paragraph\">No to, gospodarzu, chod\u017a\u017ce\u017c na scen\u0119, pogratulujesz nam. <\/p>\n<\/blockquote>\n<p>Dopiero gdy prezydent Warszawy pojawi\u0142 si\u0119 obok niej, artystka zorientowa\u0142a si\u0119, do kogo skierowa\u0142a swoje s\u0142owa. Pod nagraniem postanowi\u0142a przeprosi\u0107 prezydenta Warszawy, pisz\u0105c wymowne: &#8222;Panie Rafale, prezempasam&#8221;.<\/p>\n<p>Dzi\u0119kujemy, \u017ce przeczyta\u0142a\u015b\/e\u015b nasz artyku\u0142 do ko\u0144ca. W serwisie Plejada.pl ka\u017cdego dnia piszemy o najwa\u017cniejszych wydarzeniach show-biznesowych. B\u0105d\u017a na bie\u017c\u0105co!<a rel=\"nofollow noopener\" href=\"https:\/\/profile.google.com\/cp\/Cg0vZy8xMWJ6X19wdHBx\" id=\"4bdd00ea-af74-4dd3-827b-4057688b5663\" target=\"_blank\"> Obserwuj<\/a> Plejad\u0119 w Google. Odwied\u017a nas tak\u017ce na<a rel=\"nofollow noopener\" href=\"https:\/\/www.facebook.com\/plejadapl\" id=\"3bb885a0-83b1-4fe0-a220-497806fcbf64\" target=\"_blank\"> Facebooku<\/a>,<a rel=\"nofollow noopener\" href=\"https:\/\/www.instagram.com\/plejadapl\/\" id=\"a2655e71-778a-4e48-bd2a-db669e7a99c7\" target=\"_blank\"> Instagramie<\/a>,<a rel=\"nofollow noopener\" href=\"https:\/\/www.youtube.com\/c\/plejada\" id=\"3153257d-b7c5-4543-be57-ab4ed2bff7e0\" target=\"_blank\"> YouTubie<\/a> oraz<a rel=\"nofollow noopener\" href=\"https:\/\/www.tiktok.com\/@plejada_pl\" id=\"cfd695be-ce5e-44bd-83b4-0e0e2364bbbf\" target=\"_blank\"> TikToku<\/a>.Chcesz podzieli\u0107 si\u0119 ciekawym newsem lub zaproponowa\u0107 temat? Skontaktuj si\u0119 z nami, pisz\u0105c maila na adres: <a rel=\"nofollow noopener\" href=\"https:\/\/www.onet.pl\/styl-zycia\/plejada\/mery-spolsky-rzucila-wulgarne-slowa-nagle-na-scenie-pojawil-sie-rafal-trzaskowski\/mailto:plejada@redakcjaonet.pl\" id=\"3b7bf4be-822a-45d6-a72b-ed076856fa52\" target=\"_blank\">plejada@redakcjaonet.pl<\/a>.<script async src=\"\/\/www.instagram.com\/embed.js\"><\/script><script async src=\"\/\/www.tiktok.com\/embed.js\"><\/script><\/p>\n","protected":false},"excerpt":{"rendered":"Organizowany z inicjatywy prezydenta Warszawy, Rafa\u0142a Trzaskowskiego, Campus Polska Przysz\u0142o\u015bci to coroczne wydarzenie dedykowane m\u0142odym ludziom. Jego celem&hellip;\n","protected":false},"author":2,"featured_media":653357,"comment_status":"","ping_status":"","sticky":false,"template":"","format":"standard","meta":{"footnotes":"","_share_on_mastodon":"0"},"categories":[22],"tags":[61195,122,14740,48,125,46,55,42,38,40,39,41,1014,123,47,14166],"class_list":["post-653356","post","type-post","status-publish","format-standard","has-post-thumbnail","category-rozrywka","tag-bottomfeed_styl","tag-entertainment","tag-mery_spolsky","tag-nat_styl","tag-newsy","tag-omp","tag-phx","tag-pl","tag-poland","tag-polish","tag-polska","tag-polski","tag-rafal_trzaskowski","tag-rozrywka","tag-screening_general","tag-tiktok"],"share_on_mastodon":{"url":"https:\/\/pubeurope.com\/@pl\/117177971971842784","error":""},"_links":{"self":[{"href":"https:\/\/www.europesays.com\/pl\/wp-json\/wp\/v2\/posts\/653356","targetHints":{"allow":["GET"]}}],"collection":[{"href":"https:\/\/www.europesays.com\/pl\/wp-json\/wp\/v2\/posts"}],"about":[{"href":"https:\/\/www.europesays.com\/pl\/wp-json\/wp\/v2\/types\/post"}],"author":[{"embeddable":true,"href":"https:\/\/www.europesays.com\/pl\/wp-json\/wp\/v2\/users\/2"}],"replies":[{"embeddable":true,"href":"https:\/\/www.europesays.com\/pl\/wp-json\/wp\/v2\/comments?post=653356"}],"version-history":[{"count":0,"href":"https:\/\/www.europesays.com\/pl\/wp-json\/wp\/v2\/posts\/653356\/revisions"}],"wp:featuredmedia":[{"embeddable":true,"href":"https:\/\/www.europesays.com\/pl\/wp-json\/wp\/v2\/media\/653357"}],"wp:attachment":[{"href":"https:\/\/www.europesays.com\/pl\/wp-json\/wp\/v2\/media?parent=653356"}],"wp:term":[{"taxonomy":"category","embeddable":true,"href":"https:\/\/www.europesays.com\/pl\/wp-json\/wp\/v2\/categories?post=653356"},{"taxonomy":"post_tag","embeddable":true,"href":"https:\/\/www.europesays.com\/pl\/wp-json\/wp\/v2\/tags?post=653356"}],"curies":[{"name":"wp","href":"https:\/\/api.w.org\/{rel}","templated":true}]}}