{"id":653372,"date":"2026-08-29T09:07:17","date_gmt":"2026-08-29T09:07:17","guid":{"rendered":"https:\/\/www.europesays.com\/pl\/653372\/"},"modified":"2026-08-29T09:07:17","modified_gmt":"2026-08-29T09:07:17","slug":"zaglebie-rozpocznie-sezon-od-trofeum-mks-chcialby-przelamac-dominacje","status":"publish","type":"post","link":"https:\/\/www.europesays.com\/pl\/653372\/","title":{"rendered":"Zag\u0142\u0119bie rozpocznie sezon od trofeum? MKS chcia\u0142by prze\u0142ama\u0107 dominacje"},"content":{"rendered":"\n<p class=\"contentpart contentpart--default contentpart--text\" data-position=\"0\">Trzeba przyzna\u0107, \u017ce <a href=\"https:\/\/sportowefakty.wp.pl\/pilka-reczna\/kghm-mks-zaglebie-lubin\" rel=\"nofollow noopener\" target=\"_blank\">KGHM MKS Zag\u0142\u0119bie Lubin<\/a>\u00a0zdominowa\u0142o ostatnio rozgrywki klubowe w \u017ce\u0144skiej pi\u0142ce r\u0119cznej w naszym kraju. &#8222;Miedziowe&#8221; nie pozostawiaj\u0105 z\u0142udze\u0144 i nie dopuszczaj\u0105 do g\u0142osu innych, w tym tak\u017ce <a href=\"https:\/\/sportowefakty.wp.pl\/pilka-reczna\/pge-mks-funfloor-lublin\" rel=\"nofollow noopener\" target=\"_blank\">PGE MKS-u El-Volt Lublin<\/a>, kt\u00f3ry od kilku lat zg\u0142asza aspiracje, aby z tego tronu je zepchn\u0105\u0107, ale na razie nieskutecznie.<\/p>\n<p class=\"contentpart contentpart--default contentpart--text\" data-position=\"1\">Od 2023 roku nieprzerwanie zdobywaj\u0105 wszystko od mistrzostwa Polski, przez Puchar Polski, po <a href=\"https:\/\/sportowefakty.wp.pl\/pilka-reczna\/superpuchar-polski\" rel=\"nofollow noopener\" target=\"_blank\">Superpuchar Polski<\/a>, kt\u00f3ry by\u0142 rozgrywany ju\u017c dwukrotnie w poprzednich latach i dwukrotnie tak\u017ce trafi\u0142 do Zag\u0142\u0119bia. Ostatnim zespo\u0142em, kt\u00f3ry by\u0142 w stanie zabra\u0107 im jakiekolwiek trofeum, by\u0142 KPR Gminy Kobierzyce w Pucharze Polski w edycji rozgrywanej w sezonie 2021\/2022.<\/p>\n<p>  <img decoding=\"async\" src=\"https:\/\/v.wpimg.pl\/X3dwLnN2d1IFFTpdYUl6R0ZNbgcnEHQREVV2TGEGbUtRT2MdOlZ2RBQUKABgQjQcDRotCStBd1IAAWMeIlM7VgwYIAorQAdEFFk_GCkQJQ\" alt=\"\" width=\"45\" height=\"58\" loading=\"lazy\"\/>  <\/p>\n<p class=\"contentpart contentpart--default contentpart--text\" data-position=\"2\">ZOBACZ WIDEO: Mocne s\u0142owa legendy o Piesiewiczu. &#8222;On ma nas za nic&#8221;<\/p>\n<p class=\"contentpart contentpart--default contentpart--text\" data-position=\"4\">A w Lublinie na trofeum czekaj\u0105 ju\u017c 6 lat. Mistrzostwo Polski zdobyte w sezonie 2019\/2020 by\u0142o ostatnim tak wielkim sukcesem. Od tego czasu musz\u0105 przygl\u0105da\u0107 si\u0119, jak to najwi\u0119ksze rywalki podnosz\u0105 puchary do g\u00f3ry. Nic dziwnego, \u017ce MKS chcia\u0142by w ko\u0144cu zako\u0144czy\u0107 t\u0119 dominacj\u0119 Zag\u0142\u0119bia.<\/p>\n<p class=\"contentpart contentpart--default contentpart--text\" data-position=\"5\">Zadanie b\u0119dzie to jednak bardzo trudne, bo nie ma co ukrywa\u0107, \u017ce faworytem b\u0119dzie zesp\u00f3\u0142 z Lubina. Na ostatnie 10 spotka\u0144 pomi\u0119dzy tymi najbardziej utytu\u0142owanymi polskimi \u017ce\u0144skimi klubami szczypiorniaka a\u017c 9 pada\u0142o \u0142upem &#8222;Miedziowych&#8221;.<\/p>\n<p class=\"contentpart contentpart--default contentpart--text\" data-position=\"6\">Spotkanie o Superpuchar Polski w \u0141odzi mo\u017ce potoczy\u0107 si\u0119 jednak r\u00f3\u017cnie, bo to zaledwie jeden mecz, wi\u0119c wystarczy dos\u0142ownie chwila, kt\u00f3ra mo\u017ce zdecydowa\u0107 o pora\u017cce lub zwyci\u0119stwie. Zw\u0142aszcza \u017ce, jak si\u0119 wydaje, oba zespo\u0142y solidnie si\u0119 wzmocni\u0142y. Ten poziom wy\u0142\u0105cznie ro\u015bnie. Trzeba przyzna\u0107, \u017ce transfery, kt\u00f3re przeprowadzi\u0142y Zag\u0142\u0119bie i MKS, s\u0105 bardzo ciekawe i mog\u0105 wiele wnie\u015b\u0107 do naszej ligi. A pierwsza okazja do zaprezentowania tego, co potrafi\u0105, b\u0119dzie w \u0142\u00f3dzkiej Atlas Arenie.<\/p>\n<p>  <img decoding=\"async\" src=\"https:\/\/v.wpimg.pl\/X3dwLnN2d1IFFTpdYUl6R0ZNbgcnEHQREVV2TGEGbUtRT2MdOlZ2RBQUKABgQjQcDRotCStBd1IAAWMeIlM7VgwYIAorQAdEFFk_GCkQJQ\" alt=\"\" width=\"45\" height=\"58\" loading=\"lazy\"\/>  <\/p>\n<p class=\"contentpart contentpart--default contentpart--text\" data-position=\"7\">Do zespo\u0142u &#8222;Miedziowych&#8221; do\u0142\u0105czy\u0142a lewa rozgrywaj\u0105ca <a href=\"https:\/\/sportowefakty.wp.pl\/pilka-reczna\/kalidiatou-niakate\" rel=\"nofollow noopener\" target=\"_blank\">Kalidiatou Niakate<\/a>. Jest to do\u015b\u0107 wyj\u0105tkowa posta\u0107, maj\u0105ca na swoim koncie z reprezentacj\u0105 Francji mistrzostwo \u015bwiata i Europy, a tak\u017ce z\u0142oto igrzysk olimpijskich. Opr\u00f3cz tego do Zag\u0142\u0119bia do\u0142\u0105czy\u0142a lewoskrzyd\u0142owa reprezentantka Hiszpanii <a href=\"https:\/\/sportowefakty.wp.pl\/pilka-reczna\/laura-hernandez\" rel=\"nofollow noopener\" target=\"_blank\">Laura Hernandez<\/a>\u00a0oraz <a href=\"https:\/\/sportowefakty.wp.pl\/pilka-reczna\/emilia-galinska\" rel=\"nofollow noopener\" target=\"_blank\">Emilia Gali\u0144ska<\/a>, kt\u00f3ra wraca do klubu z Lubina po rumu\u0144skiej przygodzie.<\/p>\n<p class=\"contentpart contentpart--default contentpart--text\" data-position=\"8\">MKS nie zamierza\u0142 by\u0107 jednak d\u0142u\u017cny, gdy\u017c zakontraktowa\u0142 inn\u0105 znan\u0105 posta\u0107 w europejskim szczypiorniaku reprezentantk\u0119 Danii <a href=\"https:\/\/sportowefakty.wp.pl\/pilka-reczna\/sarah-paulsen\" rel=\"nofollow noopener\" target=\"_blank\">Sarah Paulsen<\/a>. To akurat bardzo wa\u017cny ruch lubelskiego klubu, gdy\u017c to zawodniczka, kt\u00f3ra b\u0119dzie dyrygowa\u0107 gr\u0105 zespo\u0142u. Opr\u00f3cz tego do MKS-u do\u0142\u0105czy\u0142y tak\u017ce reprezentantki Polski: <a href=\"https:\/\/sportowefakty.wp.pl\/pilka-reczna\/dagmara-nocun\" rel=\"nofollow noopener\" target=\"_blank\">Dagmara Nocu\u0144<\/a>, <a href=\"https:\/\/sportowefakty.wp.pl\/pilka-reczna\/natalia-pankowska\" rel=\"nofollow noopener\" target=\"_blank\">Natalia Pankowska<\/a>\u00a0i <a href=\"https:\/\/sportowefakty.wp.pl\/pilka-reczna\/oliwia-domagalska\" rel=\"nofollow noopener\" target=\"_blank\">Oliwia Domagalska<\/a>. Postaci\u0105, na kt\u00f3r\u0105 warto jeszcze zwr\u00f3ci\u0107 uwag\u0119, jest brazylijska rozgrywaj\u0105ca Jhennifer Lopes.<\/p>\n<p class=\"contentpart contentpart--default contentpart--text\" data-position=\"9\">Pocz\u0105tek spotkania w \u0142\u00f3dzkiej Atlas Arenie o pierwsze trofeum w tym sezonie w sobot\u0119 o godzinie 15:00.<\/p>\n","protected":false},"excerpt":{"rendered":"Trzeba przyzna\u0107, \u017ce KGHM MKS Zag\u0142\u0119bie Lubin\u00a0zdominowa\u0142o ostatnio rozgrywki klubowe w \u017ce\u0144skiej pi\u0142ce r\u0119cznej w naszym kraju. &#8222;Miedziowe&#8221;&hellip;\n","protected":false},"author":2,"featured_media":653373,"comment_status":"","ping_status":"","sticky":false,"template":"","format":"standard","meta":{"footnotes":"","_share_on_mastodon":"0"},"categories":[52220],"tags":[127558,113416,127555,3953,31978,52221,127556,27094,127559,31384,1905,42,38,40,39,41,127557,34674],"class_list":["post-653372","post","type-post","status-publish","format-standard","has-post-thumbnail","category-kghm","tag-dagmara-nocun","tag-emilia-galinska","tag-kalidiatou-niakate","tag-kghm","tag-kghm-mks-zaglebie-lubin","tag-kghm-polska-miedz","tag-laura-hernandez","tag-natalia-pankowska","tag-oliwia-domagalska","tag-pge-mks-el-volt-lublin","tag-pilka-reczna","tag-pl","tag-poland","tag-polish","tag-polska","tag-polski","tag-sarah-paulsen","tag-superpuchar-polski"],"share_on_mastodon":{"url":"https:\/\/pubeurope.com\/@pl\/117178011862925612","error":""},"_links":{"self":[{"href":"https:\/\/www.europesays.com\/pl\/wp-json\/wp\/v2\/posts\/653372","targetHints":{"allow":["GET"]}}],"collection":[{"href":"https:\/\/www.europesays.com\/pl\/wp-json\/wp\/v2\/posts"}],"about":[{"href":"https:\/\/www.europesays.com\/pl\/wp-json\/wp\/v2\/types\/post"}],"author":[{"embeddable":true,"href":"https:\/\/www.europesays.com\/pl\/wp-json\/wp\/v2\/users\/2"}],"replies":[{"embeddable":true,"href":"https:\/\/www.europesays.com\/pl\/wp-json\/wp\/v2\/comments?post=653372"}],"version-history":[{"count":0,"href":"https:\/\/www.europesays.com\/pl\/wp-json\/wp\/v2\/posts\/653372\/revisions"}],"wp:featuredmedia":[{"embeddable":true,"href":"https:\/\/www.europesays.com\/pl\/wp-json\/wp\/v2\/media\/653373"}],"wp:attachment":[{"href":"https:\/\/www.europesays.com\/pl\/wp-json\/wp\/v2\/media?parent=653372"}],"wp:term":[{"taxonomy":"category","embeddable":true,"href":"https:\/\/www.europesays.com\/pl\/wp-json\/wp\/v2\/categories?post=653372"},{"taxonomy":"post_tag","embeddable":true,"href":"https:\/\/www.europesays.com\/pl\/wp-json\/wp\/v2\/tags?post=653372"}],"curies":[{"name":"wp","href":"https:\/\/api.w.org\/{rel}","templated":true}]}}