{"id":653380,"date":"2026-08-29T09:12:17","date_gmt":"2026-08-29T09:12:17","guid":{"rendered":"https:\/\/www.europesays.com\/pl\/653380\/"},"modified":"2026-08-29T09:12:17","modified_gmt":"2026-08-29T09:12:17","slug":"dozynki-wojewodzkie-2026-w-swidniku-koncerty-darmowy-powrot-pociagiem-i-wazne-informacje-dla-kierowcow","status":"publish","type":"post","link":"https:\/\/www.europesays.com\/pl\/653380\/","title":{"rendered":"Do\u017cynki Wojew\u00f3dzkie 2026 w \u015awidniku. Koncerty, darmowy powr\u00f3t poci\u0105giem i wa\u017cne informacje dla kierowc\u00f3w"},"content":{"rendered":"<p>                                    Korow\u00f3d, obrz\u0119d do\u017cynkowy i koncerty<\/p>\n<p>\u015awi\u0119to plon\u00f3w rozpocznie si\u0119 o godz. 11.00 korowodem do\u017cynkowym. Godzin\u0119 p\u00f3\u017aniej odprawiona zostanie msza \u015bwi\u0119ta, po kt\u00f3rej odb\u0119d\u0105 si\u0119 obrz\u0119d do\u017cynkowy i tradycyjne dzielenie si\u0119 chlebem.<\/p>\n<p>W cz\u0119\u015bci oficjalnej zaplanowano r\u00f3wnie\u017c wr\u0119czenie nagr\u00f3d \u201eZas\u0142u\u017ceni dla rolnictwa\u201d oraz rozstrzygni\u0119cie konkursu na najpi\u0119kniejszy wieniec do\u017cynkowy.<\/p>\n<p>Wieczorem rozpocznie si\u0119 cz\u0119\u015b\u0107 koncertowa. O godz. 17.00 na scenie pojawi si\u0119 zesp\u00f3\u0142 Daj To G\u0142o\u015bniej. O godz. 18.30 wyst\u0105pi Kuba\u0144czyk, a o godz. 20.00 publiczno\u015b\u0107 b\u0119dzie mog\u0142a bawi\u0107 si\u0119 podczas koncertu Brathank\u00f3w.<\/p>\n<p>Karolina Pyda i Karol Raczy\u0144ski starostami do\u017cynek<\/p>\n<p>Funkcj\u0119 starost\u00f3w Do\u017cynek Wojew\u00f3dzkich 2026 pe\u0142ni\u0107 b\u0119d\u0105 Karolina Pyda i Karol Raczy\u0144ski \u2013 rolnicy \u0142\u0105cz\u0105cy tradycyjne gospodarowanie z nowoczesnymi technologiami.<\/p>\n<p>Karolina Pyda, znana w mediach spo\u0142eczno\u015bciowych jako \u201eMrs. Rolnikowa\u201d, wsp\u00f3lnie z m\u0119\u017cem Markiem prowadzi 80-hektarowe gospodarstwo w Mosznej-Kolonii w gminie Jastk\u00f3w. Specjalizuje si\u0119 w uprawie zb\u00f3\u017c, warzyw oraz truskawek deserowych, kt\u00f3re otrzyma\u0142y og\u00f3lnopolski tytu\u0142 \u201eTruskawkowa Marka Roku 2025\u201d.<\/p>\n<p>W gospodarstwie wykorzystuje rozwi\u0105zania rolnictwa precyzyjnego, prowadzi sprzeda\u017c w ramach Rolniczego Handlu Detalicznego i organizuje samozbiory. Jest r\u00f3wnie\u017c autork\u0105 \u201eDziennika Upraw\u201d oraz laureatk\u0105 wojew\u00f3dzkiego etapu konkursu \u201eRolniczki Motorem Innowacji\u201d.<\/p>\n<p>Szerszej publiczno\u015bci da\u0142a si\u0119 pozna\u0107 dzi\u0119ki udzia\u0142owi w programie \u201eRolniczki\u201d i wyst\u0119pom w audycjach telewizyjnych, w kt\u00f3rych promuje lubelskie rolnictwo. Dzia\u0142a tak\u017ce w Kole Gospody\u0144 Wiejskich i anga\u017cuje si\u0119 w \u017cycie lokalnej spo\u0142eczno\u015bci.<\/p>\n<p>Karol Raczy\u0144ski wraz z rodzin\u0105 gospodaruje na 60 hektarach w miejscowo\u015bci Pie\u0144ki w gminie Serokomla. Zajmuje si\u0119 upraw\u0105 zb\u00f3\u017c oraz hodowl\u0105 byd\u0142a opasowego rasy limousine w certyfikowanym systemie QMP. Stawia na rolnictwo regeneratywne, nowoczesne technologie i niezale\u017cno\u015b\u0107 energetyczn\u0105 gospodarstwa.<\/p>\n<p>Jest absolwentem Szko\u0142y G\u0142\u00f3wnej Gospodarstwa Wiejskiego w Warszawie, magistrem in\u017cynierem ogrodnictwa oraz czeladnikiem floryst\u0105. Do\u015bwiadczenie zdobywa\u0142 mi\u0119dzy innymi w Niemczech i Norwegii. Pracowa\u0142 jako doradca rolniczy, prowadzi\u0142 dzia\u0142alno\u015b\u0107 gospodarcz\u0105 i by\u0142 radnym powiatu \u0142ukowskiego. Obecnie pe\u0142ni funkcj\u0119 zast\u0119pcy w\u00f3jta gminy Krzywda.<\/p>\n<p>Og\u00f3lnopolsk\u0105 popularno\u015b\u0107 przyni\u00f3s\u0142 mu udzia\u0142 w programie \u201eRolnik szuka \u017cony\u201d. Prywatnie od p\u00f3\u0142tora roku jest m\u0119\u017cem Patrycji, a w wolnym czasie pasjonuje si\u0119 morsowaniem i jazd\u0105 na snowboardzie.<\/p>\n<p>Poci\u0105giem do \u015awidnika i bezp\u0142atnie w drog\u0119 powrotn\u0105<\/p>\n<p>Organizatorzy zach\u0119caj\u0105 uczestnik\u00f3w, aby zamiast samochodu wybrali transport publiczny. Przejazd poci\u0105giem POLREGIO ze stacji Lublin G\u0142\u00f3wny do przystanku \u015awidnik Miasto trwa oko\u0142o 10 minut, a bilet kosztuje 4 z\u0142.<\/p>\n<p>Na uczestnik\u00f3w wydarzenia czeka specjalna oferta \u201eDo\u017cynki Wojew\u00f3dzkie w \u015awidniku \u2013 powr\u00f3t gratis\u201d. Aby z niej skorzysta\u0107, nale\u017cy kupi\u0107 jednorazowy bilet na przejazd poci\u0105giem REGIO do przystanku \u015awidnik Miasto lub Lublin Airport, a nast\u0119pnie odwiedzi\u0107 stoisko promocyjne POLREGIO na terenie do\u017cynek. Po okazaniu biletu pasa\u017cer otrzyma voucher uprawniaj\u0105cy do bezp\u0142atnego powrotu do stacji pocz\u0105tkowej.<\/p>\n<p>Opr\u00f3cz po\u0142\u0105cze\u0144 rozk\u0142adowych uruchomione zostan\u0105 dodatkowe poci\u0105gi przygotowane przez Samorz\u0105d Wojew\u00f3dztwa Lubelskiego, w tym kursy ze stacji Kra\u015bnik i Motycz. Bilety b\u0119dzie mo\u017cna kupi\u0107 w punktach odprawy, u obs\u0142ugi poci\u0105gu, w automatach oraz za po\u015brednictwem kana\u0142\u00f3w elektronicznych.<\/p>\n<p>Dodatkowe autobusy z Lublina<\/p>\n<p>Do \u015awidnika b\u0119dzie mo\u017cna dotrze\u0107 r\u00f3wnie\u017c komunikacj\u0105 autobusow\u0105. Zarz\u0105d Dr\u00f3g i Transportu Miejskiego w Lublinie, poza regularnymi po\u0142\u0105czeniami, uruchomi dwie dodatkowe linie \u201eDo\u017cynki\u201d, obs\u0142ugiwane autobusami wielkopojemno\u015bciowymi.<\/p>\n<p>Pierwsza po\u0142\u0105czy przystanki przy ulicy Ruskiej w Lublinie z przystankiem \u015awidnik Stadion. Druga b\u0119dzie kursowa\u0142a pomi\u0119dzy Felinem a przystankiem \u015awidnik Stadion. W autobusach dodatkowych oraz na liniach regularnych obowi\u0105zywa\u0107 b\u0119dzie standardowa taryfa biletowa ZDiTM.<\/p>\n<p>Policja apeluje o ostro\u017cno\u015b\u0107<\/p>\n<p>W zwi\u0105zku z przewidywan\u0105 du\u017c\u0105 liczb\u0105 uczestnik\u00f3w nale\u017cy spodziewa\u0107 si\u0119 wzmo\u017conego ruchu samochodowego i pieszego. Nad bezpiecze\u0144stwem b\u0119d\u0105 czuwali \u015bwidniccy policjanci wspierani przez funkcjonariuszy z innych jednostek.<\/p>\n<p>\u2014 W najbli\u017csz\u0105 niedziel\u0119 w \u015awidniku odb\u0119d\u0105 si\u0119 Do\u017cynki Wojew\u00f3dzkie 2026. W zwi\u0105zku z wydarzeniem spodziewamy si\u0119 du\u017cej liczby uczestnik\u00f3w oraz zwi\u0119kszonego ruchu samochodowego i pieszego. Nad bezpiecze\u0144stwem czuwa\u0107 b\u0119d\u0105 \u015bwidniccy policjanci wspierani przez inne jednostki policji. Zapraszamy r\u00f3wnie\u017c na nasze stoisko, gdzie b\u0119dzie mo\u017cna porozmawia\u0107 z policjantami, wzi\u0105\u0107 udzia\u0142 w konkursie i dowiedzie\u0107 si\u0119 szczeg\u00f3\u0142\u00f3w dotycz\u0105cych naszej s\u0142u\u017cby \u2014 informuj\u0105 \u015bwidniccy policjanci.<\/p>\n<p>Funkcjonariusze apeluj\u0105 o parkowanie wy\u0142\u0105cznie w wyznaczonych miejscach, wykonywanie polece\u0144 policjant\u00f3w i s\u0142u\u017cb porz\u0105dkowych oraz zachowanie szczeg\u00f3lnej ostro\u017cno\u015bci w rejonie imprezy i na drogach dojazdowych.<\/p>\n<p>Dla kierowc\u00f3w przygotowane zostan\u0105 specjalne parkingi. Nale\u017cy zwraca\u0107 uwag\u0119 na oznakowanie, poniewa\u017c pojazdy pozostawione w niedozwolonych miejscach b\u0119d\u0105 holowane.<\/p>\n<p>Podczas wydarzenia b\u0119dzie mo\u017cna odwiedzi\u0107 wsp\u00f3lne stoiska Komendy Powiatowej Policji w \u015awidniku oraz Komendy Wojew\u00f3dzkiej Policji w Lublinie. Funkcjonariusze przygotuj\u0105 dzia\u0142ania profilaktyczne i atrakcje, a o godz. 14.00 odb\u0119dzie si\u0119 konkurs z nagrodami dla dzieci.<\/p>\n<p>\u0179r\u00f3d\u0142o: UMWL<\/p>\n<p>\n                                    <a href=\"https:\/\/www.google.com\/preferences\/source?q=lublin112.pl\" target=\"_blank\" rel=\"noopener noreferrer nofollow\" onclick=\"if (!window.__cfRLUnblockHandlers) return false; gtag(&#039;event&#039;, &#039;google_preferred_source_click&#039;, {&#010;                                           &#039;link_url&#039;: this.href,&#010;                                           &#039;link_text&#039;: &#039;Ustaw lublin112.pl jako preferowane \u017ar\u00f3d\u0142o&#039;&#010;                                       });\" style=\"text-align:center;display:block;\" data-cf-modified-6b6c8fda9b4ae07cbc9e1483-=\"\"><br \/>\n                                        <img decoding=\"async\" src=\"https:\/\/www.europesays.com\/pl\/wp-content\/uploads\/2026\/08\/1787994736_284_lublin112-google-source.webp\" alt=\"Ustaw lublin112.pl jako preferowane \u017ar\u00f3d\u0142o w Google\" style=\"max-width: 70%;\"\/><br \/>\n                                    <\/a><br \/>\n                                    <\/p>\n","protected":false},"excerpt":{"rendered":"Korow\u00f3d, obrz\u0119d do\u017cynkowy i koncerty \u015awi\u0119to plon\u00f3w rozpocznie si\u0119 o godz. 11.00 korowodem do\u017cynkowym. Godzin\u0119 p\u00f3\u017aniej odprawiona zostanie&hellip;\n","protected":false},"author":2,"featured_media":653381,"comment_status":"","ping_status":"","sticky":false,"template":"","format":"standard","meta":{"footnotes":"","_share_on_mastodon":"0"},"categories":[51612],"tags":[425,127561,103595,10723,1081,44885,42,38,40,757,39,41,127562,4321],"class_list":["post-653380","post","type-post","status-publish","format-standard","has-post-thumbnail","category-lublin","tag-bezpieczenstwo","tag-bezplatny-powrot","tag-dozynki-wojewodzkie-2026","tag-koncerty","tag-lublin","tag-parkingi","tag-pl","tag-poland","tag-polish","tag-polregio","tag-polska","tag-polski","tag-program-dozynek","tag-swidnik"],"share_on_mastodon":{"url":"https:\/\/pubeurope.com\/@pl\/117178031124536341","error":""},"_links":{"self":[{"href":"https:\/\/www.europesays.com\/pl\/wp-json\/wp\/v2\/posts\/653380","targetHints":{"allow":["GET"]}}],"collection":[{"href":"https:\/\/www.europesays.com\/pl\/wp-json\/wp\/v2\/posts"}],"about":[{"href":"https:\/\/www.europesays.com\/pl\/wp-json\/wp\/v2\/types\/post"}],"author":[{"embeddable":true,"href":"https:\/\/www.europesays.com\/pl\/wp-json\/wp\/v2\/users\/2"}],"replies":[{"embeddable":true,"href":"https:\/\/www.europesays.com\/pl\/wp-json\/wp\/v2\/comments?post=653380"}],"version-history":[{"count":0,"href":"https:\/\/www.europesays.com\/pl\/wp-json\/wp\/v2\/posts\/653380\/revisions"}],"wp:featuredmedia":[{"embeddable":true,"href":"https:\/\/www.europesays.com\/pl\/wp-json\/wp\/v2\/media\/653381"}],"wp:attachment":[{"href":"https:\/\/www.europesays.com\/pl\/wp-json\/wp\/v2\/media?parent=653380"}],"wp:term":[{"taxonomy":"category","embeddable":true,"href":"https:\/\/www.europesays.com\/pl\/wp-json\/wp\/v2\/categories?post=653380"},{"taxonomy":"post_tag","embeddable":true,"href":"https:\/\/www.europesays.com\/pl\/wp-json\/wp\/v2\/tags?post=653380"}],"curies":[{"name":"wp","href":"https:\/\/api.w.org\/{rel}","templated":true}]}}