{"id":653384,"date":"2026-08-29T09:14:17","date_gmt":"2026-08-29T09:14:17","guid":{"rendered":"https:\/\/www.europesays.com\/pl\/653384\/"},"modified":"2026-08-29T09:14:17","modified_gmt":"2026-08-29T09:14:17","slug":"niedziela-handlowa-30-sierpnia-potem-czeka-nas-az-98-dni-przerwy-gdansk-trojmiasto-portal-miasta-gdanska","status":"publish","type":"post","link":"https:\/\/www.europesays.com\/pl\/653384\/","title":{"rendered":"Niedziela handlowa 30 sierpnia. Potem czeka nas a\u017c 98 dni przerwy &#8211; Gda\u0144sk, Tr\u00f3jmiasto &#8211; Portal miasta Gda\u0144ska"},"content":{"rendered":"<p class=\"isSelectedEnd\">Ostatni weekend sierpnia to jednocze\u015bnie wa\u017cny moment w kalendarzu handlowym. 30 sierpnia sklepy i galerie handlowe b\u0119d\u0105 otwarte, a klienci b\u0119d\u0105 mogli zrobi\u0107 zakupy bez ogranicze\u0144 obowi\u0105zuj\u0105cych w wi\u0119kszo\u015b\u0107 niedziel.<\/p>\n<p>Niedziela handlowa 30 sierpnia 2026. Czy sklepy s\u0105 otwarte?<\/p>\n<p class=\"isSelectedEnd\">Tak, 30 sierpnia 2026 roku jest niedziel\u0105 handlow\u0105. To pi\u0105ty taki dzie\u0144 w tym roku. Oznacza to, \u017ce tego dnia mog\u0105 dzia\u0142a\u0107 tak\u017ce du\u017ce sieci handlowe, supermarkety, dyskonty oraz galerie handlowe. Na zakupy b\u0119dzie mo\u017cna wybra\u0107 si\u0119 mi\u0119dzy innymi do Biedronki, Lidla, Carrefoura, Auchan, Netto czy Kauflandu. W przypadku konkretnego sklepu warto jednak sprawdzi\u0107 godziny jego pracy, poniewa\u017c poszczeg\u00f3lne plac\u00f3wki mog\u0105 otwiera\u0107 i zamyka\u0107 si\u0119 o r\u00f3\u017cnych porach.<\/p>\n<p class=\"isSelectedEnd\">Data wynika bezpo\u015brednio z obowi\u0105zuj\u0105cych przepis\u00f3w. Jednym z wyj\u0105tk\u00f3w od zakazu handlu jest ostatnia niedziela sierpnia. W 2026 roku wypada ona w\u0142a\u015bnie 30 sierpnia. Dla wielu os\u00f3b b\u0119dzie to tak\u017ce dobra okazja, by zrobi\u0107 wi\u0119ksze zakupy przed rozpocz\u0119ciem wrze\u015bnia. Koniec wakacji cz\u0119sto oznacza powr\u00f3t do szko\u0142y, pracy i codziennego rytmu, dlatego dodatkowy dzie\u0144 z otwartymi du\u017cymi sklepami mo\u017ce okaza\u0107 si\u0119 szczeg\u00f3lnie przydatny.<\/p>\n<p>Po 30 sierpnia czeka nas ponad trzy miesi\u0105ce przerwy<\/p>\n<p class=\"isSelectedEnd\">Najwi\u0119ksze znaczenie tej niedzieli wida\u0107 dopiero wtedy, gdy spojrzymy na kolejne miesi\u0105ce. We wrze\u015bniu, pa\u017adzierniku i listopadzie 2026 roku nie przewidziano \u017cadnej niedzieli handlowej. Po 30 sierpnia nast\u0105pi wi\u0119c ponad trzy miesi\u0105ce przerwy. Kolejny dzie\u0144, w kt\u00f3rym du\u017ce sklepy b\u0119d\u0105 mog\u0142y normalnie prowadzi\u0107 niedzieln\u0105 sprzeda\u017c, przypadnie dopiero 6 grudnia.<\/p>\n<p class=\"isSelectedEnd\">To wa\u017cna zmiana dla os\u00f3b, kt\u00f3re wi\u0119ksze zakupy robi\u0105 w\u0142a\u015bnie w weekend. W kolejnych miesi\u0105cach nadal b\u0119dzie mo\u017cna korzysta\u0107 z plac\u00f3wek obj\u0119tych wyj\u0105tkami od zakazu, ale nie b\u0119dzie kolejnej niedzieli, w kt\u00f3rej bez ogranicze\u0144 otworz\u0105 si\u0119 du\u017ce markety i galerie handlowe. Warto przy tym zwr\u00f3ci\u0107 uwag\u0119, \u017ce jesienna przerwa nie jest jedyn\u0105 luk\u0105 w tegorocznym kalendarzu. W 2026 roku a\u017c sze\u015b\u0107 miesi\u0119cy nie ma ani jednej niedzieli handlowej. S\u0105 to luty, maj, lipiec, wrzesie\u0144, pa\u017adziernik i listopad.<\/p>\n<p>Niedziele handlowe 2026. Kiedy sklepy b\u0119d\u0105 otwarte?<\/p>\n<p class=\"isSelectedEnd\">Tegoroczny kalendarz obejmuje osiem niedziel handlowych. Pierwsza przypad\u0142a 25 stycznia, a ostatnia b\u0119dzie 20 grudnia.<\/p>\n<p class=\"isSelectedEnd\">Terminy niedziel handlowych w 2026 roku to:<\/p>\n<p>25 stycznia<br \/>\n29 marca<br \/>\n26 kwietnia<br \/>\n28 czerwca<br \/>\n30 sierpnia<br \/>\n6 grudnia<br \/>\n13 grudnia<br \/>\n20 grudnia<\/p>\n<p class=\"isSelectedEnd\">Po sierpniowym terminie wszystkie pozosta\u0142e niedziele handlowe skupiaj\u0105 si\u0119 wi\u0119c w jednym miesi\u0105cu.<\/p>\n<p>Grudzie\u0144 przyniesie trzy niedziele handlowe<\/p>\n<p class=\"isSelectedEnd\">Po d\u0142ugiej jesiennej przerwie klienci dostan\u0105 a\u017c trzy kolejne okazje do zrobienia niedzielnych zakup\u00f3w. 6, 13 i 20 grudnia 2026 roku b\u0119d\u0105 niedzielami handlowymi. Wszystkie przypadaj\u0105 przed Bo\u017cym Narodzeniem, wi\u0119c w\u0142a\u015bnie wtedy b\u0119dzie mo\u017cna zrobi\u0107 wi\u0119ksz\u0105 cz\u0119\u015b\u0107 zakup\u00f3w zwi\u0105zanych z przygotowaniami do \u015bwi\u0105t.<\/p>\n<p class=\"isSelectedEnd\">Takie rozwi\u0105zanie jest zwi\u0105zane ze zmianami w przepisach dotycz\u0105cych grudniowego handlu. Od 1 lutego 2025 roku Wigilia, czyli 24 grudnia, jest dniem wolnym od pracy, tak\u017ce dla pracownik\u00f3w handlu. Wcze\u015bniej sklepy mog\u0142y by\u0107 otwarte w Wigili\u0119 do godziny 14. Jednocze\u015bnie wprowadzono trzeci\u0105 niedziel\u0119 handlow\u0105 w grudniu. Przepisy przewiduj\u0105 jednak ograniczenie dotycz\u0105ce pracownik\u00f3w handlu, kt\u00f3rzy w grudniu nie mog\u0105 pracowa\u0107 w wi\u0119cej ni\u017c dwie niedziele.<\/p>\n<p>Czy w niehandlow\u0105 niedziel\u0119 mo\u017cna zrobi\u0107 zakupy?<\/p>\n<p class=\"isSelectedEnd\">Zakaz handlu nie oznacza, \u017ce wszystkie sklepy musz\u0105 by\u0107 zamkni\u0119te. Ustawa przewiduje 32 wyj\u0105tki, dzi\u0119ki kt\u00f3rym w niedziele obj\u0119te ograniczeniami nadal mog\u0105 dzia\u0142a\u0107 okre\u015blone plac\u00f3wki. Dotyczy to mi\u0119dzy innymi stacji paliw, aptek i punkt\u00f3w aptecznych, kwiaciarni, piekarni, cukierni i lodziarni. Handel mo\u017ce by\u0107 prowadzony r\u00f3wnie\u017c w wybranych plac\u00f3wkach pocztowych oraz punktach znajduj\u0105cych si\u0119 na dworcach, w portach i na lotniskach. Lista wyj\u0105tk\u00f3w jest znacznie d\u0142u\u017csza. Obejmuje tak\u017ce mi\u0119dzy innymi plac\u00f3wki dzia\u0142aj\u0105ce w hotelach, zak\u0142ady zwi\u0105zane z kultur\u0105, sportem, o\u015bwiat\u0105, turystyk\u0105 i wypoczynkiem, punkty organizowane podczas jarmark\u00f3w i festyn\u00f3w, sklepy internetowe oraz handel prowadzony za pomoc\u0105 automat\u00f3w. Wyj\u0105tki obejmuj\u0105 r\u00f3wnie\u017c rolniczy handel detaliczny oraz sprzeda\u017c okre\u015blonych produkt\u00f3w w ramach dzia\u0142alno\u015bci sezonowej.<\/p>\n<p class=\"isSelectedEnd\">Osobn\u0105 kategori\u0105 s\u0105 ma\u0142e sklepy prowadzone przez przedsi\u0119biorc\u0119 b\u0119d\u0105cego osob\u0105 fizyczn\u0105. Je\u017celi w\u0142a\u015bciciel prowadzi handel osobi\u015bcie, we w\u0142asnym imieniu i na w\u0142asny rachunek, plac\u00f3wka mo\u017ce korzysta\u0107 z wyj\u0105tku od zakazu. Trzeba jednak pami\u0119ta\u0107, \u017ce mo\u017cliwo\u015b\u0107 otwarcia sklepu nie oznacza obowi\u0105zku jego otwarcia. W niedziel\u0119 niehandlow\u0105 godziny pracy konkretnej plac\u00f3wki zawsze warto sprawdzi\u0107 przed wyj\u015bciem z domu.<\/p>\n<p>Zakaz handlu w niedziele. Od kiedy obowi\u0105zuj\u0105 ograniczenia?<\/p>\n<p class=\"isSelectedEnd\">Ograniczenie handlu w niedziele zosta\u0142o wprowadzone ustaw\u0105 z 10 stycznia 2018 roku. Przepisy zacz\u0119\u0142y obowi\u0105zywa\u0107 1 marca 2018 roku, a ograniczenia by\u0142y wprowadzane stopniowo. Pocz\u0105tkowo zakaz obejmowa\u0142 tylko cz\u0119\u015b\u0107 niedziel. W kolejnych latach liczba dni, w kt\u00f3rych handel by\u0142 dozwolony, by\u0142a zmniejszana. Od 2020 roku obowi\u0105zywa\u0142o siedem niedziel handlowych w roku. Obecny kalendarz na 2026 rok przewiduje osiem takich termin\u00f3w. Zgodnie z przepisami zakaz nie obowi\u0105zuje mi\u0119dzy innymi w ostatni\u0105 niedziel\u0119 stycznia, kwietnia, czerwca i sierpnia, w niedziel\u0119 bezpo\u015brednio poprzedzaj\u0105c\u0105 Wielkanoc oraz w trzy kolejne niedziele poprzedzaj\u0105ce Bo\u017ce Narodzenie.<\/p>\n<p>Kara za handel w niedziel\u0119 mo\u017ce wynie\u015b\u0107 100 tys. z\u0142<\/p>\n<p class=\"isSelectedEnd\">Ograniczenia nie s\u0105 jedynie zaleceniem. Za ich naruszenie przedsi\u0119biorcy gro\u017c\u0105 dotkliwe konsekwencje. Kara za z\u0142amanie zakazu handlu w niedziel\u0119 wynosi od 1000 z\u0142 do 100 tys. z\u0142. W przypadku uporczywego naruszania przepis\u00f3w mo\u017cliwa jest tak\u017ce kara ograniczenia wolno\u015bci.<\/p>\n<p>W praktyce oznacza to, \u017ce o tym, czy dana plac\u00f3wka mo\u017ce dzia\u0142a\u0107 w niedziel\u0119, decyduje nie tylko jej w\u0142a\u015bciciel, ale przede wszystkim to, czy mie\u015bci si\u0119 ona w jednym z wyj\u0105tk\u00f3w przewidzianych przez ustaw\u0119. W przypadku niedzieli handlowej 30 sierpnia 2026 roku takie ograniczenie nie b\u0119dzie jednak obowi\u0105zywa\u0107, dlatego tego dnia zakupy b\u0119dzie mo\u017cna zrobi\u0107 r\u00f3wnie\u017c w du\u017cych sklepach i galeriach handlowych.<\/p>\n<p><img decoding=\"async\" data-not-lazy=\"\" alt=\"Maksymilian Zaj\u0105c - zdj\u0119cie autora\" class=\"rounded-circle article__author--image\" src=\"https:\/\/www.europesays.com\/pl\/wp-content\/uploads\/2026\/08\/1787994857_124_098d2f31-a863-4743-b171-063174f73b39.jpeg\"\/><a href=\"https:\/\/pulsgdanska.pl\/autor\/Vyr1348JBvT2VvAYFnEF\" rel=\"nofollow noopener\" target=\"_blank\">Maksymilian Zaj\u0105c<\/a><\/p>\n<p>Student Wydzia\u0142u Dziennikarstwa i Komunikacji Spo\u0142ecznej na Uniwersytecie SWPS w Warszawie, uko\u0144czy\u0142 r\u00f3wnie\u017c kierunek Bezpiecze\u0144stwo Wewn\u0119trzne na Uniwersytecie WSB Merito. Pierwsze kroki w dziennikarstwie stawia\u0142 w Radiu Gda\u0144sk, gdzie od 2024 roku pracowa\u0142 w dziale Wydarzenia. P\u00f3\u017aniej rozpocz\u0105\u0142 prac\u0119 w dzienniku i portalu Fakt. Od 2025 roku dziennikarz portalu PulsGdanska.pl.<\/p>\n","protected":false},"excerpt":{"rendered":"Ostatni weekend sierpnia to jednocze\u015bnie wa\u017cny moment w kalendarzu handlowym. 30 sierpnia sklepy i galerie handlowe b\u0119d\u0105 otwarte,&hellip;\n","protected":false},"author":2,"featured_media":653385,"comment_status":"","ping_status":"","sticky":false,"template":"","format":"standard","meta":{"footnotes":"","_share_on_mastodon":"0"},"categories":[51610],"tags":[1048,9382,42,38,40,39,41,2676,2879],"class_list":["post-653384","post","type-post","status-publish","format-standard","has-post-thumbnail","category-gdansk","tag-gdansk","tag-niedziela-handlowa","tag-pl","tag-poland","tag-polish","tag-polska","tag-polski","tag-sklepy","tag-zakupy"],"share_on_mastodon":{"url":"","error":""},"_links":{"self":[{"href":"https:\/\/www.europesays.com\/pl\/wp-json\/wp\/v2\/posts\/653384","targetHints":{"allow":["GET"]}}],"collection":[{"href":"https:\/\/www.europesays.com\/pl\/wp-json\/wp\/v2\/posts"}],"about":[{"href":"https:\/\/www.europesays.com\/pl\/wp-json\/wp\/v2\/types\/post"}],"author":[{"embeddable":true,"href":"https:\/\/www.europesays.com\/pl\/wp-json\/wp\/v2\/users\/2"}],"replies":[{"embeddable":true,"href":"https:\/\/www.europesays.com\/pl\/wp-json\/wp\/v2\/comments?post=653384"}],"version-history":[{"count":0,"href":"https:\/\/www.europesays.com\/pl\/wp-json\/wp\/v2\/posts\/653384\/revisions"}],"wp:featuredmedia":[{"embeddable":true,"href":"https:\/\/www.europesays.com\/pl\/wp-json\/wp\/v2\/media\/653385"}],"wp:attachment":[{"href":"https:\/\/www.europesays.com\/pl\/wp-json\/wp\/v2\/media?parent=653384"}],"wp:term":[{"taxonomy":"category","embeddable":true,"href":"https:\/\/www.europesays.com\/pl\/wp-json\/wp\/v2\/categories?post=653384"},{"taxonomy":"post_tag","embeddable":true,"href":"https:\/\/www.europesays.com\/pl\/wp-json\/wp\/v2\/tags?post=653384"}],"curies":[{"name":"wp","href":"https:\/\/api.w.org\/{rel}","templated":true}]}}