{"id":653420,"date":"2026-08-29T09:34:15","date_gmt":"2026-08-29T09:34:15","guid":{"rendered":"https:\/\/www.europesays.com\/pl\/653420\/"},"modified":"2026-08-29T09:34:15","modified_gmt":"2026-08-29T09:34:15","slug":"legnickie-pl-opowiesc-o-wydarzeniach-ktore-zmienily-zaglebie-miedziowe-strajki-solidarnosc-i-kghm","status":"publish","type":"post","link":"https:\/\/www.europesays.com\/pl\/653420\/","title":{"rendered":"legnickie.pl &#8211; Opowie\u015b\u0107 o wydarzeniach, kt\u00f3re zmieni\u0142y Zag\u0142\u0119bie Miedziowe Strajki, \u201eSolidarno\u015b\u0107\u201d i KGHM"},"content":{"rendered":"<p>\t\t\t\tzj\t<\/p>\n<p>\t\t29 sierpie\u0144 2026 10:54\t<\/p>\n<p>LUBIN. Jak wygl\u0105da\u0142y strajki w zak\u0142adach KGHM Polska Mied\u017a? W jaki spos\u00f3b rodzi\u0142a si\u0119 \u201eSolidarno\u015b\u0107\u201d w zag\u0142\u0119biu miedziowym i jaki wp\u0142yw mia\u0142y wydarzenia sierpnia\u201980 na histori\u0119 regionu? Odpowiedzi na te pytania b\u0119dzie mo\u017cna pozna\u0107 dzi\u0119ki nowemu projektowi przygotowanemu przez Muzeum Historyczne.<\/p>\n<p>    <img decoding=\"async\" src=\"https:\/\/www.europesays.com\/pl\/wp-content\/uploads\/2026\/08\/1946421355-3.jpg\" alt=\"Opowie\u015b\u0107 o wydarzeniach, kt\u00f3re zmieni\u0142y Zag\u0142\u0119bie Miedziowe  Strajki, \u201eSolidarno\u015b\u0107\u201d i KGHM \"\/><\/p>\n<p>Projekt \u201eMied\u017a i wolno\u015b\u0107. Zag\u0142\u0119bie Miedziowe wobec wydarze\u0144 Sierpnia 1980\u201d po\u015bwi\u0119cony jest jednemu z najwa\u017cniejszych okres\u00f3w we wsp\u00f3\u0142czesnej historii Polski i regionu. Jego celem jest przybli\u017cenie mieszka\u0144com wydarze\u0144 zwi\u0105zanych ze strajkami w oddzia\u0142ach sp\u00f3\u0142ki KGHM Polska Mied\u017a, narodzinami NSZZ \u201eSolidarno\u015b\u0107\u201d oraz przemianami spo\u0142ecznymi i politycznymi, kt\u00f3re ukszta\u0142towa\u0142y wsp\u00f3\u0142czesny okr\u0119g miedziowy. <\/p>\n<p>Jednym z najwa\u017cniejszych element\u00f3w przedsi\u0119wzi\u0119cia b\u0119dzie cykl czterech otwartych spotka\u0144 historycznych, kt\u00f3re odb\u0119d\u0105 si\u0119 w sali konferencyjnej lubi\u0144skiego Ratusza. Pierwsze z nich zaplanowano 31 sierpnia pod has\u0142em \u201eZag\u0142\u0119bie Miedziowe i Polska przed Sierpniem 1980\u201d. Drugie wydarzenie odb\u0119dzie si\u0119 25 wrze\u015bnia i po\u015bwi\u0119cone b\u0119dzie strajkom w kombinacie. Z kolei 30 pa\u017adziernika uczestnicy poznaj\u0105 histori\u0119 narodzin i rozwoju zwi\u0105zku \u201eSolidarno\u015b\u0107\u201d w regionie. Cykl zako\u0144czy si\u0119 13 listopada prelekcj\u0105 zatytu\u0142owan\u0105 \u201eSierpie\u0144 1980 \u2013 dziedzictwo, pami\u0119\u0107, odpowiedzialno\u015b\u0107\u201d.<\/p>\n<p>Organizatorzy podkre\u015blaj\u0105, \u017ce spotkania b\u0119d\u0105 nie tylko okazj\u0105 do wys\u0142uchania wyk\u0142ad\u00f3w, ale r\u00f3wnie\u017c do rozm\u00f3w z historykami, dzia\u0142aczami dawnej opozycji antykomunistycznej, wymiany wspomnie\u0144 oraz refleksji nad znaczeniem wydarze\u0144 sprzed ponad czterech dekad.<\/p>\n<p>Integraln\u0105 cz\u0119\u015bci\u0105 projektu b\u0119dzie tak\u017ce plenerowa wystawa przygotowana na lubi\u0144skim Rynku. Na 30 planszach zaprezentowane zostan\u0105 realia \u017cycia w Zag\u0142\u0119biu Miedziowym w okresie PRL, przebieg strajk\u00f3w z 1980 roku, narodziny \u201eSolidarno\u015bci\u201d, okres stanu wojennego oraz wsp\u00f3\u0142czesne formy upami\u0119tniania tamtych wydarze\u0144.<\/p>\n<p>Do udzia\u0142u w wydarzeniach zapraszamy wszystkich zainteresowanych histori\u0105 najnowsz\u0105 oraz dziejami Zag\u0142\u0119bia Miedziowego.<\/p>\n<p>Projekt zosta\u0142 dofinansowany ze \u015brodk\u00f3w Muzeum Historii Polski w Warszawie w ramach programu \u201ePatriotyzm Jutra. Wielkie Rocznice\u201d. Szczeg\u00f3\u0142owe informacje o projekcie b\u0119d\u0105 publikowane na stronie internetowej muzeum oraz social mediach.<br \/>\nTerminy otwartych spotka\u0144 z mieszka\u0144cami w sali konferencyjnej Ratusza: <br \/>\u2022 31 sierpnia (poniedzia\u0142ek) \u2013 \u201eZag\u0142\u0119bie Miedziowe i Polska przed Sierpniem 1980\u201d<br \/>\u2022 25 wrze\u015bnia (pi\u0105tek) \u2013 \u201eSierpie\u0144 1980 \u2013 strajk w KGHM krok po kroku\u201d<br \/>Spotkanie z t\u0142umaczeniem na Polski J\u0119zyk Migowy.<br \/>\u2022 30 pa\u017adziernika (pi\u0105tek) \u2013 \u201eSolidarno\u015b\u0107 w Zag\u0142\u0119biu \u2013 narodziny, struktury, ludzie\u201d<br \/>\u2022 13 listopada (pi\u0105tek) \u2013 \u201eSierpie\u0144 1980 \u2013 dziedzictwo, pami\u0119\u0107, odpowiedzialno\u015b\u0107\u201d. <\/p>\n<p>Wi\u0119cej szczeg\u00f3\u0142\u00f3w na stronie: muzeum-lubin.pl oraz pod numerem telefonu:\u00a0 76 749 69 69.<\/p>\n","protected":false},"excerpt":{"rendered":"zj 29 sierpie\u0144 2026 10:54 LUBIN. Jak wygl\u0105da\u0142y strajki w zak\u0142adach KGHM Polska Mied\u017a? W jaki spos\u00f3b rodzi\u0142a&hellip;\n","protected":false},"author":2,"featured_media":653421,"comment_status":"","ping_status":"","sticky":false,"template":"","format":"standard","meta":{"footnotes":"","_share_on_mastodon":"0"},"categories":[52220],"tags":[3953,52221,42,38,40,39,41],"class_list":["post-653420","post","type-post","status-publish","format-standard","has-post-thumbnail","category-kghm","tag-kghm","tag-kghm-polska-miedz","tag-pl","tag-poland","tag-polish","tag-polska","tag-polski"],"share_on_mastodon":{"url":"https:\/\/pubeurope.com\/@pl\/117178117829903715","error":""},"_links":{"self":[{"href":"https:\/\/www.europesays.com\/pl\/wp-json\/wp\/v2\/posts\/653420","targetHints":{"allow":["GET"]}}],"collection":[{"href":"https:\/\/www.europesays.com\/pl\/wp-json\/wp\/v2\/posts"}],"about":[{"href":"https:\/\/www.europesays.com\/pl\/wp-json\/wp\/v2\/types\/post"}],"author":[{"embeddable":true,"href":"https:\/\/www.europesays.com\/pl\/wp-json\/wp\/v2\/users\/2"}],"replies":[{"embeddable":true,"href":"https:\/\/www.europesays.com\/pl\/wp-json\/wp\/v2\/comments?post=653420"}],"version-history":[{"count":0,"href":"https:\/\/www.europesays.com\/pl\/wp-json\/wp\/v2\/posts\/653420\/revisions"}],"wp:featuredmedia":[{"embeddable":true,"href":"https:\/\/www.europesays.com\/pl\/wp-json\/wp\/v2\/media\/653421"}],"wp:attachment":[{"href":"https:\/\/www.europesays.com\/pl\/wp-json\/wp\/v2\/media?parent=653420"}],"wp:term":[{"taxonomy":"category","embeddable":true,"href":"https:\/\/www.europesays.com\/pl\/wp-json\/wp\/v2\/categories?post=653420"},{"taxonomy":"post_tag","embeddable":true,"href":"https:\/\/www.europesays.com\/pl\/wp-json\/wp\/v2\/tags?post=653420"}],"curies":[{"name":"wp","href":"https:\/\/api.w.org\/{rel}","templated":true}]}}