{"id":653458,"date":"2026-08-29T09:53:09","date_gmt":"2026-08-29T09:53:09","guid":{"rendered":"https:\/\/www.europesays.com\/pl\/653458\/"},"modified":"2026-08-29T09:53:09","modified_gmt":"2026-08-29T09:53:09","slug":"masz-prawo-do-ekstra-700-zl-z-zus-wiek-nie-gra-roli-ale-musisz-zlozyc-jeden-wniosek","status":"publish","type":"post","link":"https:\/\/www.europesays.com\/pl\/653458\/","title":{"rendered":"Masz prawo do ekstra 700 z\u0142 z ZUS? Wiek nie gra roli, ale musisz z\u0142o\u017cy\u0107 jeden wniosek"},"content":{"rendered":"<p>Dla kogo niemal 700 z\u0142otych z ZUS?<\/p>\n<p class=\"font-frank-ruhl-libre break-word mb-4 text-[20px]\/[32px] text-black md:text-[21px]\/[34px] font-normal\">Opisywanym \u015bwiadczeniem jest dodatek dla sierot zupe\u0142nych. Jest to specjalny bonus pieni\u0119\u017cny wyp\u0142acany osobom, kt\u00f3re straci\u0142y oboje rodzic\u00f3w. Przepisy prawa ubezpiecze\u0144 spo\u0142ecznych traktuj\u0105 t\u0119 sytuacj\u0119 wyj\u0105tkowo, staraj\u0105c si\u0119 zrekompensowa\u0107 ca\u0142kowity brak wsparcia ze strony matki oraz ojca. Wok\u00f3\u0142 tego \u015bwiadczenia naros\u0142o wiele mit\u00f3w, z kt\u00f3rych najwi\u0119kszym jest przekonanie, \u017ce pieni\u0105dze przys\u0142uguj\u0105 wy\u0142\u0105cznie ma\u0142ym dzieciom. Rzeczywisto\u015b\u0107 urz\u0119dowa wygl\u0105da zupe\u0142nie inaczej. Kluczowym warunkiem nie jest wiek wnioskodawcy, ale fakt pobierania podstawowego \u015bwiadczenia, jakim jest renta rodzinna z ZUS. Aby otrzyma\u0107 dodatkowe 689,17 z\u0142otych miesi\u0119cznie, nale\u017cy mie\u0107 ustalone prawo do renty rodzinnej po zmar\u0142ym rodzicu. Oznacza to, \u017ce dodatek mo\u017ce pobiera\u0107:<\/p>\n<ul class=\"font-frank-ruhl-libre mb-6 ml-4 text-[20px]\/[32px] md:text-[21px]\/[34px] [li&gt;&amp;]:mb-0 colors:marker:text-[var(--categoryPrimaryColor)] [&amp;&gt;li]:marker:text-primary [&amp;&gt;li]:colors:marker:text-[var(--categoryPrimaryColor)] marker:text-black [&amp;&gt;li]:pl-2 list-disc\">\n<li class=\"\">Ma\u0142oletnie dziecko do uko\u0144czenia 16. roku \u017cycia.<\/li>\n<li class=\"\">Student do 25. roku \u017cycia, kt\u00f3ry wci\u0105\u017c si\u0119 uczy.<\/li>\n<li class=\"\">Osoba starsza bez limitu wieku, je\u015bli sta\u0142a si\u0119 ca\u0142kowicie niezdolna do pracy w okresie pobierania renty rodzinnej i pobiera j\u0105 do\u017cywotnio.<\/li>\n<\/ul>\n<p>Kryteria i sytuacje szczeg\u00f3lne<\/p>\n<p class=\"font-frank-ruhl-libre break-word mb-4 text-[20px]\/[32px] text-black md:text-[21px]\/[34px] font-normal\">Urz\u0119dnicy bardzo precyzyjnie definiuj\u0105 poj\u0119cie sieroty zupe\u0142nej. \u015awiadczenie przys\u0142uguje w sytuacji, gdy matka i ojciec nie \u017cyj\u0105. Przepisy przewiduj\u0105 jednak jeszcze jeden przypadek, w kt\u00f3rym mo\u017cna ubiega\u0107 si\u0119 o te pieni\u0105dze. Dodatek zostanie przyznany r\u00f3wnie\u017c wtedy, gdy matka wnioskodawcy zmar\u0142a, natomiast ojciec jest prawnie nieznany od momentu narodzin. W takim scenariuszu ubezpieczony spe\u0142nia kryteria i ma pe\u0142ne prawo do pobierania comiesi\u0119cznego dodatku w pe\u0142nej kwocie. Warto podkre\u015bli\u0107, \u017ce dodatek dla sierot zupe\u0142nych jest:<\/p>\n<ul class=\"font-frank-ruhl-libre mb-6 ml-4 text-[20px]\/[32px] md:text-[21px]\/[34px] [li&gt;&amp;]:mb-0 colors:marker:text-[var(--categoryPrimaryColor)] [&amp;&gt;li]:marker:text-primary [&amp;&gt;li]:colors:marker:text-[var(--categoryPrimaryColor)] marker:text-black [&amp;&gt;li]:pl-2 list-disc\">\n<li class=\"\">Wolny od podatku &#8211; kwota 689,17 z\u0142 to wyp\u0142ata &#8222;na r\u0119k\u0119&#8221;.<\/li>\n<li class=\"\">Niezale\u017cny od dochod\u00f3w &#8211; kwota nie jest pomniejszana o \u017cadne progi dochodowe.<\/li>\n<li class=\"\">Wyp\u0142acany na ka\u017cd\u0105 osob\u0119 &#8211; je\u015bli rodze\u0144stwo pobiera jedn\u0105 rent\u0119 rodzinn\u0105, ka\u017cde z dzieci dostaje pe\u0142n\u0105 kwot\u0119 dodatku.<\/li>\n<li class=\"\">Waloryzowany co roku &#8211; kwota ro\u015bnie automatycznie w marcu.<\/li>\n<\/ul>\n<p>Jak za\u0142atwi\u0107 formalno\u015bci? [KROK PO KROKU]<\/p>\n<p class=\"font-frank-ruhl-libre break-word mb-4 text-[20px]\/[32px] text-black md:text-[21px]\/[34px] font-normal\">Z\u0142o\u017cenie wniosku nie jest skomplikowane, ale wymaga zgromadzenia odpowiednich dokument\u00f3w z Urz\u0119du Stanu Cywilnego. Aby uruchomi\u0107 wyp\u0142at\u0119, nale\u017cy dostarczy\u0107 do urz\u0119du:<\/p>\n<ol class=\"font-frank-ruhl-libre mb-6 ml-4 text-[20px]\/[32px] md:text-[21px]\/[34px] [li&gt;&amp;]:mb-0 marker:text-primary colors:marker:text-[var(--categoryPrimaryColor)] [&amp;&gt;li]:pl-[10px] list-decimal\">\n<li class=\"\">Wniosek ERRD &#8211; oficjalny formularz zg\u0142oszeniowy o przyznanie dodatku dla sieroty zupe\u0142nej.<\/li>\n<li class=\"\">Akty zgonu rodzic\u00f3w &#8211; dokumenty potwierdzaj\u0105ce \u015bmier\u0107 matki oraz ojca.<\/li>\n<li class=\"\">Akt urodzenia &#8211; w specyficznej sytuacji, gdy ojciec od pocz\u0105tku by\u0142 nieznany, nale\u017cy dostarczy\u0107 wyci\u0105g z aktu urodzenia z odpowiedni\u0105 adnotacj\u0105 urz\u0119dow\u0105.<\/li>\n<\/ol>\n<p class=\"font-frank-ruhl-libre break-word mb-4 text-[20px]\/[32px] text-black md:text-[21px]\/[34px] font-normal\">Wniosek mo\u017cna z\u0142o\u017cy\u0107 osobi\u015bcie w dowolnej plac\u00f3wce, wys\u0142a\u0107 tradycyjn\u0105 poczt\u0105 lub przes\u0142a\u0107 drog\u0105 elektroniczn\u0105 za pomoc\u0105 nowoczesnego portalu eZUS (dawnego PUE ZUS). Urz\u0105d ma dok\u0142adnie 30 dni na rozpatrzenie sprawy od momentu wyja\u015bnienia ostatniej okoliczno\u015bci. Pieni\u0105dze s\u0105 wyp\u0142acane co miesi\u0105c razem z przys\u0142uguj\u0105c\u0105 rent\u0105 rodzinn\u0105 w jednym przelewie.<\/p>\n<p>Dodatek dla sierot zupe\u0142nych z ZUS &#8211; FAQ<\/p>\n<p class=\"font-frank-ruhl-libre break-word mb-4 text-[20px]\/[32px] text-black md:text-[21px]\/[34px] font-normal\">Czy dodatek dla sierot zupe\u0142nych ma limit wieku?<\/p>\n<p class=\"font-frank-ruhl-libre break-word mb-4 text-[20px]\/[32px] text-black md:text-[21px]\/[34px] font-normal\">Nie, dodatek nie ma limitu wieku. Kluczowym warunkiem jest posiadanie prawa do renty rodzinnej z ZUS. \u015awiadczenie mo\u017ce pobiera\u0107 zar\u00f3wno ma\u0142oletnie dziecko, jak i senior pobieraj\u0105cy rent\u0119 do\u017cywotnio.<\/p>\n<p class=\"font-frank-ruhl-libre break-word mb-4 text-[20px]\/[32px] text-black md:text-[21px]\/[34px] font-normal\">Ile wynosi dodatek dla sierot zupe\u0142nych w 2026 roku?<\/p>\n<p class=\"font-frank-ruhl-libre break-word mb-4 text-[20px]\/[32px] text-black md:text-[21px]\/[34px] font-normal\">Od 1 marca 2026 roku kwota \u015bwiadczenia wynosi dok\u0142adnie 689,17 z\u0142 miesi\u0119cznie. Jest to kwota netto, poniewa\u017c dodatek jest ca\u0142kowicie zwolniony z podatku dochodowego i sk\u0142adki zdrowotnej.<\/p>\n<p class=\"font-frank-ruhl-libre break-word mb-4 text-[20px]\/[32px] text-black md:text-[21px]\/[34px] font-normal\">Czy rodze\u0144stwo musi dzieli\u0107 si\u0119 jednym dodatkiem?<\/p>\n<p class=\"font-frank-ruhl-libre break-word mb-4 text-[20px]\/[32px] text-black md:text-[21px]\/[34px] font-normal\">Nie, dodatek nie jest dzielony. Nawet je\u015bli rodze\u0144stwo pobiera jedn\u0105, wsp\u00f3ln\u0105 rent\u0119 rodzinn\u0105, ka\u017cda sierota zupe\u0142na otrzymuje pe\u0142n\u0105 kwot\u0119 689,17 z\u0142 na w\u0142asne konto.<\/p>\n<p class=\"font-frank-ruhl-libre break-word mb-4 text-[20px]\/[32px] text-black md:text-[21px]\/[34px] font-normal\">Czy przyznanie dodatku zale\u017cy od dochodu?<\/p>\n<p class=\"font-frank-ruhl-libre break-word mb-4 text-[20px]\/[32px] text-black md:text-[21px]\/[34px] font-normal\">Nie, kryterium dochodowe nie obowi\u0105zuje. ZUS wyp\u0142aca dodatek w pe\u0142nej wysoko\u015bci bez wzgl\u0119du na zarobki wnioskodawcy czy sytuacj\u0119 materialn\u0105 jego opiekun\u00f3w.<\/p>\n<p class=\"font-frank-ruhl-libre break-word mb-4 text-[20px]\/[32px] text-black md:text-[21px]\/[34px] font-normal\">Co zrobi\u0107, je\u015bli ojciec jest nieznany?<\/p>\n<p class=\"font-frank-ruhl-libre break-word mb-4 text-[20px]\/[32px] text-black md:text-[21px]\/[34px] font-normal\">\u015awiadczenie zostanie przyznane, je\u015bli matka nie \u017cyje, a ojciec jest prawnie nieznany od urodzenia. Do wniosku nale\u017cy wtedy do\u0142\u0105czy\u0107 akt urodzenia dziecka z odpowiedni\u0105 adnotacj\u0105 o braku danych ojca.<\/p>\n<p class=\"font-frank-ruhl-libre break-word mb-4 text-[20px]\/[32px] text-black md:text-[21px]\/[34px] font-normal\">Jak z\u0142o\u017cy\u0107 wniosek o dodatek przez internet?<\/p>\n<p class=\"font-frank-ruhl-libre break-word mb-4 text-[20px]\/[32px] text-black md:text-[21px]\/[34px] font-normal\">Wniosek ERRD mo\u017cna z\u0142o\u017cy\u0107 online za pomoc\u0105 portalu eZUS (dawny PUE ZUS). Wymaga to posiadania Profilu Zaufanego lub podpisu elektronicznego oraz do\u0142\u0105czenia skan\u00f3w dokument\u00f3w stanowych.<\/p>\n","protected":false},"excerpt":{"rendered":"Dla kogo niemal 700 z\u0142otych z ZUS? Opisywanym \u015bwiadczeniem jest dodatek dla sierot zupe\u0142nych. Jest to specjalny bonus&hellip;\n","protected":false},"author":2,"featured_media":653459,"comment_status":"","ping_status":"","sticky":false,"template":"","format":"standard","meta":{"footnotes":"","_share_on_mastodon":"0"},"categories":[16],"tags":[113,112,42,38,40,39,41],"class_list":["post-653458","post","type-post","status-publish","format-standard","has-post-thumbnail","category-biznes","tag-biznes","tag-business","tag-pl","tag-poland","tag-polish","tag-polska","tag-polski"],"share_on_mastodon":{"url":"https:\/\/pubeurope.com\/@pl\/117178191251164441","error":""},"_links":{"self":[{"href":"https:\/\/www.europesays.com\/pl\/wp-json\/wp\/v2\/posts\/653458","targetHints":{"allow":["GET"]}}],"collection":[{"href":"https:\/\/www.europesays.com\/pl\/wp-json\/wp\/v2\/posts"}],"about":[{"href":"https:\/\/www.europesays.com\/pl\/wp-json\/wp\/v2\/types\/post"}],"author":[{"embeddable":true,"href":"https:\/\/www.europesays.com\/pl\/wp-json\/wp\/v2\/users\/2"}],"replies":[{"embeddable":true,"href":"https:\/\/www.europesays.com\/pl\/wp-json\/wp\/v2\/comments?post=653458"}],"version-history":[{"count":0,"href":"https:\/\/www.europesays.com\/pl\/wp-json\/wp\/v2\/posts\/653458\/revisions"}],"wp:featuredmedia":[{"embeddable":true,"href":"https:\/\/www.europesays.com\/pl\/wp-json\/wp\/v2\/media\/653459"}],"wp:attachment":[{"href":"https:\/\/www.europesays.com\/pl\/wp-json\/wp\/v2\/media?parent=653458"}],"wp:term":[{"taxonomy":"category","embeddable":true,"href":"https:\/\/www.europesays.com\/pl\/wp-json\/wp\/v2\/categories?post=653458"},{"taxonomy":"post_tag","embeddable":true,"href":"https:\/\/www.europesays.com\/pl\/wp-json\/wp\/v2\/tags?post=653458"}],"curies":[{"name":"wp","href":"https:\/\/api.w.org\/{rel}","templated":true}]}}