{"id":653500,"date":"2026-08-29T10:16:11","date_gmt":"2026-08-29T10:16:11","guid":{"rendered":"https:\/\/www.europesays.com\/pl\/653500\/"},"modified":"2026-08-29T10:16:11","modified_gmt":"2026-08-29T10:16:11","slug":"emocjonalny-wieczor-legia-warszawa-slask-wroclaw","status":"publish","type":"post","link":"https:\/\/www.europesays.com\/pl\/653500\/","title":{"rendered":"Emocjonalny wiecz\u00f3r. Legia Warszawa &#8211; \u015al\u0105sk Wroc\u0142aw"},"content":{"rendered":"<p>Dramatyczny finisz i emocjonalny wiecz\u00f3r przy \u0141azienkowskiej. Mecz Legii Warszawa ze \u015al\u0105skiem Wroc\u0142aw przyni\u00f3s\u0142 kibicom nie tylko wzruszaj\u0105ce po\u017cegnanie legendy klubu, ale r\u00f3wnie\u017c kapitalne emocje na boisku. Gdy wydawa\u0142o si\u0119, \u017ce Wroc\u0142awianie wywioz\u0105 ze stolicy komplet punkt\u00f3w, na ratunek, w samej ko\u0144c\u00f3wce trafi\u0142 do siatki Rafa\u0142 Adamski, ratuj\u0105c remis 1:1. Zanim jednak kibice zobaczyli wyr\u00f3wnuj\u0105cy cios w ostatnich minutach spotkania, mecz otworzy\u0142 symboliczny gest &#8211; szpaler dla Artura J\u0119drzejczyka, kt\u00f3ry po raz ostatni pojawi\u0142 si\u0119 na ekstraklasowej murawie.<\/p>\n<p>Szacunek dla legendy<\/p>\n<p>Dla Legii Warszawa nie by\u0142 to kolejny weekendowy mecz. Decyzja w\u0142adz sto\u0142ecznego klubu pokaza\u0142a, jak du\u017cym szacunkiem klub ze stolicy darzy swoje legendy. Legia Warszawa zdecydowa\u0142a si\u0119 na symboliczny i wyj\u0105tkowy gest. Podpisa\u0142a specjalny, jednomeczowy kontrakt z Arturem J\u0119drzejczykiem. \u201eJ\u0119dza\u201d otrzyma\u0142 ostatni\u0105 szans\u0119 na po\u017cegnanie si\u0119 z kibicami z wysoko\u015bci murawy. 28 sierpnia 2026 roku by\u0142 ostatnim dniem, kiedy przywdzia\u0142 koszulk\u0119 z eLk\u0105 na piersi. Tym pojedynkiem 38-letni stoper zamkn\u0105\u0142 swoj\u0105 bogat\u0105 w trofea karier\u0119. Przypomnijmy, Artur J\u0119drzejczyk to sze\u015bciokrotny mistrz Polski, siedmiokrotny zdobywca Pucharu Polski, a dodatkowo raz wygrywa\u0142 Superpuchar Polski. Pi\u0105tkowy wiecz\u00f3r od pierwszego gwizdka up\u0142yna\u0142 wi\u0119c pod znakiem ogromnych emocji, symboliki i ho\u0142du dla cz\u0142owieka, kt\u00f3ry przez lata by\u0142 mentorem i kapitanem tej dru\u017cyny.<\/p>\n<p dir=\"ltr\" lang=\"pl\">J\u0119dza, Legendo!<\/p>\n<p>Wieloletni kapitan przy okazji meczu ze \u015al\u0105skiem Wroc\u0142aw uroczy\u015bcie po\u017cegna si\u0119 z klubem i kibicami. Oficjalna ceremonia z wyj\u0105tkow\u0105 opraw\u0105 odb\u0119dzie si\u0119 po zako\u0144czeniu spotkania.<\/p>\n<p>\u27a1\ufe0f <a href=\"https:\/\/t.co\/rUMRd7uyiP\" rel=\"nofollow\">https:\/\/t.co\/rUMRd7uyiP<\/a> <a href=\"https:\/\/t.co\/Rd1DrVMlUx\" rel=\"nofollow\">pic.twitter.com\/Rd1DrVMlUx<\/a><\/p>\n<p>\u2014 Legia Warszawa (@LegiaWarszawa) <a href=\"https:\/\/x.com\/LegiaWarszawa\/status\/2092334671438733363?ref_src=twsrc%5Etfw\" rel=\"nofollow\">August 25, 2026<\/a><\/p>\n<p>Plan by\u0142 jeden \u2013 3 punkty<\/p>\n<p>\u015awi\u0119to na trybunach oraz wyj\u0105tkowy mecz i oprawa to jedno, ale na murawie nikt nie zamierza\u0142 oddawa\u0107 pola za darmo. Przed pierwszym gwizdkiem w powietrzu wisia\u0142o ogromne napi\u0119cie. Wszyscy zastanawiali si\u0119, jaki plan na \u015al\u0105sk opracowa\u0142 Marek Papszun oraz jak pi\u0142karze poradz\u0105 sobie z ogromn\u0105 presj\u0105 trybun w tak wyj\u0105tkowym meczu. Z kolei Wroc\u0142awianie przyjechali do stolicy z mocno sprecyzowanym planem. Chcieli przetrwa\u0107 pocz\u0105tkowy nap\u00f3r gospodarzy, wygasi\u0107 entuzjazm trybun i szuka\u0107 swoich szans przede wszystkim w kontratakach oraz sta\u0142ych fragmentach gry. Obydwa zespo\u0142y potrzebowa\u0142y punkt\u00f3w, jednak znajdowa\u0142y si\u0119 w dw\u00f3ch zupe\u0142nie innych po\u0142o\u017ceniach. Legia chcia\u0142a odskoczy\u0107 od goni\u0105cych j\u0105 G\u00f3rnika czy Lecha. \u015al\u0105sk natomiast potrzebowa\u0142 \u201eoczek\u201d w tabeli, aby nie przybli\u017cy\u0107 si\u0119 do strefy spadkowej.<\/p>\n<p>Szkoleniowiec Legii Warszawa zaskoczy\u0142 sk\u0142adem. Poza oczekiwanym ruchem w wyj\u015bciowej jedenastce, czyli wystawieniem Artura J\u0119drzejczyka, postawi\u0142 na formacj\u0119 3-4-3, a nie dotychczasowe 3-1-4-2. \u201eJ\u0119dza\u201d nietypowo wyst\u0105pi\u0142 na \u015brodku pomocy, a to Robert Deziel Jr.\u00a0zosta\u0142 na swojej pozycji \u2013 na obronie. Rafa\u0142a Adamskiego zmieni\u0142 Jan Kuchta. Tym razem Czech by\u0142 partnerem \u0141ukasza Zjawi\u0144skiego w ataku. Bartosza Kapustka rozpocz\u0105\u0142 mecz na \u0142awce. Ca\u0142y ten manewr trwa\u0142 jednak kilka sekund. Za chwil\u0119 formacja wr\u00f3ci\u0142a do tej z ostatniego meczu, a jedyn\u0105 zmian\u0105 by\u0142a wcze\u015bniej wspomniana pozycja napastnika.<\/p>\n<p dir=\"ltr\" lang=\"pl\">PO ZWYCI\u0118STWO \ud83e\udee1<\/p>\n<p>\ud83d\udd1c <a href=\"https:\/\/x.com\/hashtag\/LEG%C5%9AL%C4%84?src=hash&amp;ref_src=twsrc%5Etfw\" rel=\"nofollow\">#LEG\u015aL\u0104<\/a> <a href=\"https:\/\/t.co\/5ONH15l3fA\" rel=\"nofollow\">pic.twitter.com\/5ONH15l3fA<\/a><\/p>\n<p>\u2014 Legia Warszawa (@LegiaWarszawa) <a href=\"https:\/\/x.com\/LegiaWarszawa\/status\/2093383818795180405?ref_src=twsrc%5Etfw\" rel=\"nofollow\">August 28, 2026<\/a><\/p>\n<p>Z kolei trener \u015al\u0105ska Wroc\u0142aw zdecydowa\u0142 si\u0119 na kilka istotnych roszad w por\u00f3wnaniu do <a href=\"https:\/\/igol.pl\/slask-wroclaw-zamknal-sobotnie-ligowe-zmagania-w-goracym-kibicowskim-spotkaniu\/\" rel=\"nofollow noopener\" target=\"_blank\">poprzedniego meczu z Widzewem \u0141\u00f3d\u017a<\/a>. W defensywie od pierwszych minut zobaczyli\u015bmy pauzuj\u0105cego przedtem za czerwon\u0105 kartk\u0119 Lamine\u2019a Ba\u00a0oraz m\u0142odego\u00a0Micha\u0142a Rosiaka. Zast\u0105pili oni Irodotosa Christodoulou\u00a0oraz\u00a0Alexa Timossiego. Przetasowania nie omin\u0119\u0142y r\u00f3wnie\u017c drugiej linii \u2013 miejsce Jorge Yriarte\u00a0zaj\u0105\u0142\u00a0Eniss Shabani.\u00a0Piotr Samiec-Talar otrzyma\u0142 bardziej ofensywn\u0105 rol\u0119. Ante Simundza ulokowa\u0142 Polaka blisko Malaly Dembele\u00a0oraz\u00a0Luka Marjanaca. By\u0142 to r\u00f3wnie\u017c specjalny mecz dla kapitana \u015al\u0105ska \u2013 zagra w barwach WKS-u po raz 150.<\/p>\n<p dir=\"ltr\" lang=\"pl\">Sk\u0142ad na <a href=\"https:\/\/x.com\/hashtag\/LEG%C5%9AL%C4%84?src=hash&amp;ref_src=twsrc%5Etfw\" rel=\"nofollow\">#LEG\u015aL\u0104<\/a> \u2694\ufe0f<\/p>\n<p>\ud83d\udfe2 Samiec-Talar po raz 150. w \u015al\u0105sku<br \/>\u26aa\ufe0f Powr\u00f3t Ba<br \/>\ud83d\udd34 Shabani od pierwszej minuty <a href=\"https:\/\/t.co\/ZEC9MQBVsM\" rel=\"nofollow\">pic.twitter.com\/ZEC9MQBVsM<\/a><\/p>\n<p>\u2014 \u015al\u0105sk Wroc\u0142aw (@SlaskWroclawPl) <a href=\"https:\/\/x.com\/SlaskWroclawPl\/status\/2093386880838471851?ref_src=twsrc%5Etfw\" rel=\"nofollow\">August 28, 2026<\/a><\/p>\n<p> Emocjonalna chwila<\/p>\n<p>Chwil\u0119 po rozpocz\u0119ciu meczu wszyscy zasiadaj\u0105cy na trybunach wstali i ca\u0142a \u0141azienkowska stan\u0119\u0142a w oklaskach. Pi\u0142karze zar\u00f3wno \u015al\u0105ska, jak i Legii stworzyli szpaler dla legendy sto\u0142ecznego klubu.\u00a0Artur J\u0119drzejczyk, jeden z najtwardszych pi\u0142karzy w historii naszej Ekstraklasy, zala\u0142 si\u0119 \u0142zami. Pi\u0119kna oprawa po\u015bwi\u0119cona pi\u0142karzowi tylko pot\u0119gowa\u0142a wyj\u0105tkowy klimat tej chwili. \u201eJ\u0119dza\u201d\u00a0po raz ostatni zszed\u0142 z murawy na \u0141azienkowskiej, \u017cegnaj\u0105c si\u0119 w ten spos\u00f3b z ca\u0142\u0105 polsk\u0105 lig\u0105. Legia Warszawa \u2013 \u015al\u0105sk Wroc\u0142aw ostatnim meczem w karierze polskiego stopera.<\/p>\n<p dir=\"ltr\" lang=\"es\">Legenda <a href=\"https:\/\/x.com\/LegiaWarszawa?ref_src=twsrc%5Etfw\" rel=\"nofollow\">@LegiaWarszawa<\/a> \ud83e\udee1 <a href=\"https:\/\/t.co\/ehUQczHCLP\" rel=\"nofollow\">pic.twitter.com\/ehUQczHCLP<\/a><\/p>\n<p>\u2014 PKO BP Ekstraklasa (@_Ekstraklasa_) <a href=\"https:\/\/x.com\/_Ekstraklasa_\/status\/2093427001642176692?ref_src=twsrc%5Etfw\" rel=\"nofollow\">August 28, 2026<\/a><\/p>\n<p>Czas na walk\u0119<\/p>\n<p>Pierwsza po\u0142owa rozpocz\u0119\u0142a si\u0119 spodziewanie. Legia Warszawa przej\u0119\u0142a inicjatyw\u0119, a \u015al\u0105sk Wroc\u0142aw szuka\u0142 swoich okazji g\u0142\u00f3wnie po b\u0142\u0119dach sto\u0142ecznego klubu i z kontry. Przez d\u0142u\u017cszy okres czasu niewiele si\u0119 dzia\u0142o. W 33. minucie Piotr Samiec-Talar\u00a0stan\u0105\u0142 oko w oko z Otto Hindrichem \u2013 go\u015bciom bowiem podyktowano rzut karny po faulu\u00a0Rafa\u0142a Augustyniaka na\u00a0Enissie Shabanim. Alba\u0144czyk otrzyma\u0142 kapitalne podanie od wykonawcy karnego, a Polak by\u0142 ewidentnie sp\u00f3\u017aniony z interwencj\u0105. Kapitan \u015al\u0105ska bezproblemowo wykorzysta\u0142 \u201ejedenastk\u0119\u201d. Kompletnie zmyli\u0142 rumu\u0144skiego bramkarza i pos\u0142a\u0142 pi\u0142k\u0119 w prawy dolny r\u00f3g bramki. Od 35. minuty na tablicy wynik\u00f3w, odwrotnie do sytuacji na boisku, widnia\u0142 wynik 1:0 na korzy\u015b\u0107 go\u015bci.<\/p>\n<p dir=\"ltr\" lang=\"pl\">Szef z Wroc\u0142awia \ud83e\udee1<\/p>\n<p>\ud83d\udcfa Wszystkie mecze obejrzysz w Canal+: <a href=\"https:\/\/t.co\/mvYpM5zWzo\" rel=\"nofollow\">https:\/\/t.co\/mvYpM5zWzo<\/a><a href=\"https:\/\/x.com\/hashtag\/reklama?src=hash&amp;ref_src=twsrc%5Etfw\" rel=\"nofollow\">#reklama<\/a><a href=\"https:\/\/t.co\/pTz2H4haaZ\" rel=\"nofollow\">pic.twitter.com\/pTz2H4haaZ<\/a><\/p>\n<p>\u2014 PKO BP Ekstraklasa (@_Ekstraklasa_) <a href=\"https:\/\/x.com\/_Ekstraklasa_\/status\/2093424980868346156?ref_src=twsrc%5Etfw\" rel=\"nofollow\">August 28, 2026<\/a><\/p>\n<p>Kilka minut po wyj\u015bciu na prowadzenie, spotkanie zacz\u0119\u0142o wymyka\u0107 si\u0119 spod kontroli gospodarzy. Kilka gro\u017aniejszych sytuacji i rzut\u00f3w ro\u017cnych na nic si\u0119 zda\u0142a, za chwil\u0119 Legia odzyska\u0142a pe\u0142ni\u0119 kontroli, lecz nie prze\u0142o\u017cy\u0142o si\u0119 to na wyr\u00f3wnanie wyniku. Pod koniec pierwszej ods\u0142ony gry \u015al\u0105sk mia\u0142 kilka dogodnych szans, a nawet domaga\u0142 si\u0119 rzutu karnego. Nic z tego ko\u0144cowo nie wysz\u0142o i do gwizdka ko\u0144cz\u0105cego 1. po\u0142ow\u0119 wynik nie uleg\u0142 zmianie. Wroc\u0142awianie schodzili do szatni z jednobramkow\u0105 przewag\u0105 po golu Piotra Samca-Talara z rzutu karnego.<\/p>\n<p>Hindrich na posterunku i Adamski na ratunek<\/p>\n<p>Pocz\u0105tek drugiej po\u0142owy wygl\u0105da\u0142 niemal bli\u017aniaczo do pocz\u0105tk\u00f3w pierwszej ods\u0142ony gry. Legia pr\u00f3bowa\u0142a swoich si\u0142 w atakach, a \u015al\u0105sk bardzo sporadycznie wychodzi\u0142 z niskiego bloku, staraj\u0105c przerywa\u0107 zap\u0119dy gospodarzy szybkimi kontratakami. \u017baden z zespo\u0142\u00f3w nie m\u00f3g\u0142 trafi\u0107 jednak do siatki. Gor\u0105co zrobi\u0142o si\u0119 w 75. minucie. Sam na sam z\u00a0Otto Hindrichem stan\u0105\u0142 Luka Marjanac. Rumun popisa\u0142 si\u0119 nieprawdopodobn\u0105 wr\u0119cz interwencj\u0105 nog\u0105 i da\u0142 Legii nadziej\u0119, kt\u00f3ra zacz\u0119\u0142a gasn\u0105\u0107 wraz z kapitalnym podaniem do Bo\u015bniaka.<\/p>\n<p dir=\"ltr\" lang=\"pl\">Otto Hindrich ratuje Legi\u0119 przed strat\u0105 drugiego gola!<a href=\"https:\/\/x.com\/hashtag\/LEG%C5%9AL%C4%84?src=hash&amp;ref_src=twsrc%5Etfw\" rel=\"nofollow\">#LEG\u015aL\u0104<\/a> 0:1 <a href=\"https:\/\/t.co\/9RPdQprnKy\" rel=\"nofollow\">pic.twitter.com\/9RPdQprnKy<\/a><\/p>\n<p>\u2014 PKO BP Ekstraklasa (@_Ekstraklasa_) <a href=\"https:\/\/x.com\/_Ekstraklasa_\/status\/2093430635163455722?ref_src=twsrc%5Etfw\" rel=\"nofollow\">August 28, 2026<\/a><\/p>\n<p>Upragnione wyr\u00f3wnanie nadesz\u0142o rzutem na ta\u015bm\u0119. W czwartej minucie doliczonego czasu\u00a0Pawe\u0142 Wszo\u0142ek kapitalnie pos\u0142a\u0142 pi\u0142k\u0119 na g\u0142ow\u0119\u00a0Rafa\u0142a Adamskiego, a ros\u0142y napastnik nie mia\u0142 wi\u0119kszego problemu z przepchaniem si\u0119 w polu karnym i wyko\u0144czeniem tej akcji.<\/p>\n<p>Popsute \u015bwi\u0119towanie<\/p>\n<p>Po ko\u0144cowym gwizdku dosz\u0142o do zapowiadanej, emocjonalnej ceremonii po\u017cegnalnej Artura J\u0119drzejczyka, ca\u0142e to wydarzenie jednak lepiej by smakowa\u0142o, gdyby kilka minut wcze\u015bniej Legia zgarn\u0119\u0142a trzy punkty. Sto\u0142eczny klub pozostaje na czele tabeli z 12 \u201eoczkami\u201d, jednak tu\u017c za nimi czai si\u0119 G\u00f3rnik Zabrze z dwoma zaleg\u0142ymi meczami i 9 punktami. \u015al\u0105sk Wroc\u0142aw okupuje na najbli\u017csze kilkana\u015bcie godzin 12. miejsce. Sytuacja ta mo\u017ce si\u0119 jednak diametralnie zmieni\u0107 po tym weekendzie i zaleg\u0142ej kolejce w przysz\u0142ym tygodniu, bowiem wszystkie ekipy poni\u017cej Wroc\u0142awian s\u0105 bardzo blisko punktowo do \u015al\u0105ska, a maj\u0105 jeszcze do rozegrania swoje mecze.<\/p>\n<p dir=\"ltr\" lang=\"pl\">Remis ze \u015al\u0105skiem. <a href=\"https:\/\/x.com\/hashtag\/LEG%C5%9AL%C4%84?src=hash&amp;ref_src=twsrc%5Etfw\" rel=\"nofollow\">#LEG\u015aL\u0104<\/a> 1:1 <a href=\"https:\/\/t.co\/YIJmpUTWeK\" rel=\"nofollow\">pic.twitter.com\/YIJmpUTWeK<\/a><\/p>\n<p>\u2014 Legia Warszawa (@LegiaWarszawa) <a href=\"https:\/\/x.com\/LegiaWarszawa\/status\/2093435806924857450?ref_src=twsrc%5Etfw\" rel=\"nofollow\">August 28, 2026<\/a><\/p>\n<p class=\"entry-tags\">\n                  <a href=\"https:\/\/igol.pl\/temat\/artur-jedrzejczyk\/\" rel=\"nofollow noopener\" target=\"_blank\">Artur J\u0119drzejczyk<\/a><br \/>\n                  <a href=\"https:\/\/igol.pl\/temat\/legia-warszawa\/\" rel=\"nofollow noopener\" target=\"_blank\">Legia Warszawa<\/a><br \/>\n                  <a href=\"https:\/\/igol.pl\/temat\/piotr-samiec-talar\/\" rel=\"nofollow noopener\" target=\"_blank\">Piotr Samiec-Talar<\/a><br \/>\n                  <a href=\"https:\/\/igol.pl\/temat\/slask-wroclaw\/\" rel=\"nofollow noopener\" target=\"_blank\">\u015al\u0105sk Wroc\u0142aw<\/a>\n                <\/p>\n<p>      <script async src=\"https:\/\/platform.twitter.com\/widgets.js\" charset=\"utf-8\"><\/script><\/p>\n","protected":false},"excerpt":{"rendered":"Dramatyczny finisz i emocjonalny wiecz\u00f3r przy \u0141azienkowskiej. Mecz Legii Warszawa ze \u015al\u0105skiem Wroc\u0142aw przyni\u00f3s\u0142 kibicom nie tylko wzruszaj\u0105ce&hellip;\n","protected":false},"author":2,"featured_media":653501,"comment_status":"","ping_status":"","sticky":false,"template":"","format":"standard","meta":{"footnotes":"","_share_on_mastodon":"0"},"categories":[51605],"tags":[4698,713,51401,42,38,40,39,41,697,435],"class_list":["post-653500","post","type-post","status-publish","format-standard","has-post-thumbnail","category-warszawa","tag-artur-jedrzejczyk","tag-legia-warszawa","tag-piotr-samiec-talar","tag-pl","tag-poland","tag-polish","tag-polska","tag-polski","tag-slask-wroclaw","tag-warszawa"],"share_on_mastodon":{"url":"https:\/\/pubeurope.com\/@pl\/117178281895022000","error":""},"_links":{"self":[{"href":"https:\/\/www.europesays.com\/pl\/wp-json\/wp\/v2\/posts\/653500","targetHints":{"allow":["GET"]}}],"collection":[{"href":"https:\/\/www.europesays.com\/pl\/wp-json\/wp\/v2\/posts"}],"about":[{"href":"https:\/\/www.europesays.com\/pl\/wp-json\/wp\/v2\/types\/post"}],"author":[{"embeddable":true,"href":"https:\/\/www.europesays.com\/pl\/wp-json\/wp\/v2\/users\/2"}],"replies":[{"embeddable":true,"href":"https:\/\/www.europesays.com\/pl\/wp-json\/wp\/v2\/comments?post=653500"}],"version-history":[{"count":0,"href":"https:\/\/www.europesays.com\/pl\/wp-json\/wp\/v2\/posts\/653500\/revisions"}],"wp:featuredmedia":[{"embeddable":true,"href":"https:\/\/www.europesays.com\/pl\/wp-json\/wp\/v2\/media\/653501"}],"wp:attachment":[{"href":"https:\/\/www.europesays.com\/pl\/wp-json\/wp\/v2\/media?parent=653500"}],"wp:term":[{"taxonomy":"category","embeddable":true,"href":"https:\/\/www.europesays.com\/pl\/wp-json\/wp\/v2\/categories?post=653500"},{"taxonomy":"post_tag","embeddable":true,"href":"https:\/\/www.europesays.com\/pl\/wp-json\/wp\/v2\/tags?post=653500"}],"curies":[{"name":"wp","href":"https:\/\/api.w.org\/{rel}","templated":true}]}}