{"id":653574,"date":"2026-08-29T11:05:28","date_gmt":"2026-08-29T11:05:28","guid":{"rendered":"https:\/\/www.europesays.com\/pl\/653574\/"},"modified":"2026-08-29T11:05:28","modified_gmt":"2026-08-29T11:05:28","slug":"burze-prognozowane-nad-lubelszczyzna-ostrzezenie-imgw-dla-14-powiatow-lublin112-wiadomosci-z-lublina-i-regionu-wazne-informacje-z-kraju","status":"publish","type":"post","link":"https:\/\/www.europesays.com\/pl\/653574\/","title":{"rendered":"Burze prognozowane nad Lubelszczyzn\u0105. Ostrze\u017cenie IMGW dla 14 powiat\u00f3w : Lublin112 \u2013 Wiadomo\u015bci z Lublina i regionu. Wa\u017cne informacje z kraju"},"content":{"rendered":"<p>Ostrze\u017cenie b\u0119dzie obowi\u0105zywa\u0107 od godz. 15.00 do 21.00. Prawdopodobie\u0144stwo wyst\u0105pienia niebezpiecznych zjawisk okre\u015blono na 80 procent. Alert obejmuje powiaty: bialski, lubartowski, lubelski, \u0142\u0119czy\u0144ski, \u0142ukowski, opolski, parczewski, pu\u0142awski, radzy\u0144ski, rycki, \u015bwidnicki i w\u0142odawski, a tak\u017ce miasta Bia\u0142a Podlaska oraz Lublin.<\/p>\n<p>Intensywne opady, silny wiatr i grad<\/p>\n<p>Prognozowane burze mog\u0105 przynie\u015b\u0107 miejscami od 20 do 30 mm deszczu. Porywy wiatru maj\u0105 osi\u0105ga\u0107 pr\u0119dko\u015b\u0107 do 75 km\/h. Lokalnie mo\u017cliwy jest r\u00f3wnie\u017c grad.<\/p>\n<p>Przed po\u0142udniem zjawiska burzowe b\u0119d\u0105 zwi\u0105zane z pofalowanym frontem ch\u0142odnym przemieszczaj\u0105cym si\u0119 na wsch\u00f3d. Zw\u0142aszcza na po\u0142udniu kraju mog\u0105 mu towarzyszy\u0107 opady deszczu do oko\u0142o 15\u201325 mm, porywy wiatru do 70 km\/h oraz lokalne opady gradu.<\/p>\n<p>Najsilniejsze burze po po\u0142udniu<\/p>\n<p>Po po\u0142udniu burze b\u0119d\u0105 rozwija\u0142y si\u0119 w ch\u0142odniejszej masie powietrza, na wt\u00f3rnym froncie atmosferycznym. Najintensywniejsze zjawiska prognozowane s\u0105 na obszarze rozci\u0105gaj\u0105cym si\u0119 od Pomorza, Warmii i Mazur, przez Kujawy i Mazowsze, po Lubelszczyzn\u0119 i Podlasie.<\/p>\n<p>W tej cz\u0119\u015bci kraju opady mog\u0105 osi\u0105ga\u0107 25\u201330 mm, a porywy wiatru od 70 do 80 km\/h. Mo\u017cliwy jest r\u00f3wnie\u017c grad o \u015brednicy oko\u0142o 2\u20133 cm. Na pozosta\u0142ym obszarze prawdopodobie\u0144stwo wyst\u0105pienia burz oraz ich nat\u0119\u017cenie b\u0119d\u0105 wyra\u017anie mniejsze.<\/p>\n<p>W nocy z soboty na niedziel\u0119 burze mo\u017cliwe s\u0105 jeszcze pocz\u0105tkowo w p\u00f3\u0142nocno-wschodniej cz\u0119\u015bci kraju. Zwi\u0105zane one b\u0119d\u0105 z odsuwaj\u0105cym si\u0119 na wsch\u00f3d wt\u00f3rnym frontem atmosferycznym. Nat\u0119\u017cenie zjawisk z nimi zwi\u0105zanych powinno szybko si\u0119 zmniejsza\u0107, a same burze zanikn\u0105 w ci\u0105gu pierwszych 2-3 godzin. W burzach mo\u017cliwe jeszcze sumy opad\u00f3w do oko\u0142o 10 mm oraz porywy wiatru do oko\u0142o 60 km\/h.<\/p>\n<p>\u00a0<\/p>\n<p><img loading=\"lazy\" decoding=\"async\" class=\"alignnone size-medium wp-image-525016\" src=\"https:\/\/www.europesays.com\/pl\/wp-content\/uploads\/2026\/08\/2026-08-29_073300-640x390.png\" alt=\"Burze prognozowane nad Lubelszczyzn\u0105. Ostrze\u017cenie IMGW dla 14 powiat\u00f3w\" width=\"500\" height=\"305\"  \/><\/p>\n<p><a href=\"https:\/\/fanipogody.pl\/\" rel=\"nofollow noopener\" target=\"_blank\">Informacje pogodowe<\/a><br \/><a href=\"https:\/\/fanipogody.pl\/burza-nad-polska-radar-opadow\/\" rel=\"nofollow noopener\" target=\"_blank\">Po\u0142o\u017cenie burz online<\/a><\/p>\n<p>\u0179r\u00f3d\u0142o: IMGW<\/p>\n<p>\n                                    <a href=\"https:\/\/www.google.com\/preferences\/source?q=lublin112.pl\" target=\"_blank\" rel=\"noopener noreferrer nofollow\" onclick=\"if (!window.__cfRLUnblockHandlers) return false; gtag(&#039;event&#039;, &#039;google_preferred_source_click&#039;, {&#010;                                           &#039;link_url&#039;: this.href,&#010;                                           &#039;link_text&#039;: &#039;Ustaw lublin112.pl jako preferowane \u017ar\u00f3d\u0142o&#039;&#010;                                       });\" style=\"text-align:center;display:block;\" data-cf-modified-7fa7f8c6738633e66a4c45ec-=\"\"><br \/>\n                                        <img decoding=\"async\" src=\"https:\/\/www.europesays.com\/pl\/wp-content\/uploads\/2026\/08\/1788001528_129_lublin112-google-source.webp\" alt=\"Ustaw lublin112.pl jako preferowane \u017ar\u00f3d\u0142o w Google\" style=\"max-width: 70%;\"\/><br \/>\n                                    <\/a><br \/>\n                                    <\/p>\n","protected":false},"excerpt":{"rendered":"Ostrze\u017cenie b\u0119dzie obowi\u0105zywa\u0107 od godz. 15.00 do 21.00. Prawdopodobie\u0144stwo wyst\u0105pienia niebezpiecznych zjawisk okre\u015blono na 80 procent. Alert obejmuje&hellip;\n","protected":false},"author":2,"featured_media":653575,"comment_status":"","ping_status":"","sticky":false,"template":"","format":"standard","meta":{"footnotes":"","_share_on_mastodon":"0"},"categories":[51612],"tags":[14276,69522,2732,1081,114797,32181,42,78,38,40,39,41,70916,61159],"class_list":["post-653574","post","type-post","status-publish","format-standard","has-post-thumbnail","category-lublin","tag-burze","tag-grad","tag-lubelszczyzna","tag-lublin","tag-opady-deszczu","tag-ostrzezenie-imgw","tag-pl","tag-pogoda","tag-poland","tag-polish","tag-polska","tag-polski","tag-silny-wiatr","tag-wojewodztwo-lubelskie"],"share_on_mastodon":{"url":"https:\/\/pubeurope.com\/@pl\/117178475694550574","error":""},"_links":{"self":[{"href":"https:\/\/www.europesays.com\/pl\/wp-json\/wp\/v2\/posts\/653574","targetHints":{"allow":["GET"]}}],"collection":[{"href":"https:\/\/www.europesays.com\/pl\/wp-json\/wp\/v2\/posts"}],"about":[{"href":"https:\/\/www.europesays.com\/pl\/wp-json\/wp\/v2\/types\/post"}],"author":[{"embeddable":true,"href":"https:\/\/www.europesays.com\/pl\/wp-json\/wp\/v2\/users\/2"}],"replies":[{"embeddable":true,"href":"https:\/\/www.europesays.com\/pl\/wp-json\/wp\/v2\/comments?post=653574"}],"version-history":[{"count":0,"href":"https:\/\/www.europesays.com\/pl\/wp-json\/wp\/v2\/posts\/653574\/revisions"}],"wp:featuredmedia":[{"embeddable":true,"href":"https:\/\/www.europesays.com\/pl\/wp-json\/wp\/v2\/media\/653575"}],"wp:attachment":[{"href":"https:\/\/www.europesays.com\/pl\/wp-json\/wp\/v2\/media?parent=653574"}],"wp:term":[{"taxonomy":"category","embeddable":true,"href":"https:\/\/www.europesays.com\/pl\/wp-json\/wp\/v2\/categories?post=653574"},{"taxonomy":"post_tag","embeddable":true,"href":"https:\/\/www.europesays.com\/pl\/wp-json\/wp\/v2\/tags?post=653574"}],"curies":[{"name":"wp","href":"https:\/\/api.w.org\/{rel}","templated":true}]}}