{"id":653630,"date":"2026-08-29T11:40:42","date_gmt":"2026-08-29T11:40:42","guid":{"rendered":"https:\/\/www.europesays.com\/pl\/653630\/"},"modified":"2026-08-29T11:40:42","modified_gmt":"2026-08-29T11:40:42","slug":"legia-warszawa-slask-wroclaw-11-punkt-maja-a-nic-nie-graja","status":"publish","type":"post","link":"https:\/\/www.europesays.com\/pl\/653630\/","title":{"rendered":"Legia Warszawa &#8211; \u015al\u0105sk Wroc\u0142aw 1:1. Punkt maj\u0105, a nic nie graj\u0105"},"content":{"rendered":"<p>Wydawa\u0142o si\u0119, \u017ce\u00a0Legia jest ju\u017c na\u00a0w\u0142a\u015bciwych torach, a\u00a0Marek Papszun wyciska z\u00a0niej wszystko, co\u00a0wycisn\u0105\u0107 si\u0119 da, ale\u00a0wyj\u0105tek od\u00a0rodz\u0105cej si\u0119 regu\u0142y mogli\u015bmy pozna\u0107 naprawd\u0119 szybko. \u015al\u0105sk przyjecha\u0142 do\u00a0Warszawy z\u00a0niez\u0142ym planem na\u00a0mecz i\u00a0prawie wykorzysta\u0142 \u0142ut szcz\u0119\u015bcia, kt\u00f3re ewidentnie mu\u00a0sprzyja\u0142o. Przynajmniej\u00a0 do\u00a0ostatnich sekund meczu\u2026<\/p>\n<p>Po\u017cegnanie Artura J\u0119drzejczyka na\u00a0pocz\u0105tek. Czasem bywa tak, \u017ce\u00a0takie sympatyczne wydarzenia pozostaj\u0105 jedynym wspomnieniem z\u00a0meczu, kt\u00f3remu\u00a0towarzysz\u0105. Albo\u00a0w\u0142a\u015bnie \u2013 kt\u00f3ry\u00a0im\u00a0towarzyszy. To\u00a0jednak nie\u00a0by\u0142 jedyny moment, w\u00a0kt\u00f3rym\u00a0realizator skupi\u0142 si\u0119 na\u00a0twarzy ko\u0144cz\u0105cego swoj\u0105 przygod\u0119 z\u00a0Legi\u0105 obro\u0144cy. Losy meczu zadba\u0142y o\u00a0jego dodatkow\u0105 ekspozycj\u0119.<\/p>\n<p>Kamery znalaz\u0142y J\u0119drzejczyka jeszcze wtedy, gdy\u00a0na\u00a0\u0142awce rezerwowych za\u0142amany reagowa\u0142 na\u00a0popisy jego koleg\u00f3w z\u00a0linii obrony.<\/p>\n<p>Legia \u2013 \u015al\u0105sk 1:1. Maszyna Papszuna dzia\u0142a dosk\u2026. No\u00a0c\u00f3\u017c, prawie<\/p>\n<p>Do\u00a0lidera przyje\u017cd\u017ca beniaminek. W\u00a0poszukiwaniu w\u00a0Ekstraklasie jakichkolwiek prawide\u0142, obstawia\u0107 nale\u017cy wygran\u0105 gospodarzy. Wobec kilku ostatnich spotka\u0144 Legii te\u017c mo\u017cna wierzy\u0107, \u017ce\u00a0ekipa z\u00a0Warszawy nauczy\u0142a si\u0119 dzi\u0119ki tajnym mocom Marka Papszuna punktowa\u0107 nawet w\u00a0trudnych meczach. I\u00a0tak, nauczy\u0142a si\u0119. Ale\u00a0nadal ma\u00a0w\u00a0sobie co\u015b z\u00a0Legii, kt\u00f3r\u0105 ogl\u0105dali\u015bmy jesieni\u0105 ubieg\u0142ego sezonu.<\/p>\n<p>Na\u00a0ty\u0142kach je\u017adzili w\u00a0przy akcji bramkowej \u015al\u0105ska najpierw Pi\u0105tkowski, a\u00a0p\u00f3\u017aniej fauluj\u0105cy na\u00a0rzut karny Augustyniak. W\u00a0obu wypadkach \u2013 cholera wie po\u00a0co\u00a0by\u0142y te\u00a0w\u015blizgo-wywrotki. Niepotrzebne, nierozs\u0105dne i\u00a0sk\u0142adaj\u0105ce si\u0119 na\u00a0katastrof\u0119, kt\u00f3r\u0105 na\u00a0gola dla go\u015bci zamieni\u0142 z\u00a0jedenastego metra Samiec-Talar.<\/p>\n<p dir=\"ltr\" lang=\"pl\">PIOTR SAMIEC-TALAR WCI\u0104\u017b W\u00a0\u015aWIETNEJ FORMIE! \ud83d\udd25\ud83d\udd1d Lider \u015al\u0105ska Wroc\u0142aw najpierw wykreowa\u0142 akcj\u0119, kt\u00f3ra\u00a0zako\u0144czy\u0142a si\u0119 rzutem karnym, a\u00a0potem wykorzysta\u0142 jedenastk\u0119! \ud83c\udfaf<\/p>\n<p>\ud83d\udcfa Ogl\u0105daj: <a href=\"https:\/\/t.co\/Khg2yEVJUo\" target=\"_blank\" rel=\"noopener noreferrer nofollow\">https:\/\/t.co\/Khg2yEVJUo<\/a> <a href=\"https:\/\/t.co\/CLndP42X02\" target=\"_blank\" rel=\"noopener noreferrer nofollow\">pic.twitter.com\/CLndP42X02<\/a><\/p>\n<p>\u2014\u00a0CANAL+ SPORT (@CANALPLUS_SPORT) <a href=\"https:\/\/x.com\/CANALPLUS_SPORT\/status\/2093417446048755841?ref_src=twsrc%5Etfw\" target=\"_blank\" rel=\"noopener noreferrer nofollow\">August 28, 2026<\/a><\/p>\n<p>\u015al\u0105sk zrobi\u0142 Legii to, czego mo\u017cna si\u0119 by\u0142o raczej spodziewa\u0107 po\u00a0ekipie gospodarzy. Dosta\u0142 drobny prezent, skorzysta\u0142, zamkn\u0105\u0142 mecz i\u00a0dalej robi\u0142 wszystko, by\u00a0cho\u0107 odrobin\u0119 nie\u00a0uchyli\u0107 wieczka. Niemal do\u00a0ko\u0144ca, ale\u00a0o\u00a0tym jeszcze co\u015b napiszemy.<\/p>\n<p>Legia baaardzo nieskuteczna<\/p>\n<p>Mo\u017ce b\u0119dzie w\u00a0tym nawet odrobina nadu\u017cycia, bo\u00a0klarownych, naprawd\u0119 gro\u017anych okazji Legioni\u015bci nie\u00a0mieli, ale\u00a0ich przewaga wyra\u017cona w\u00a0kreowaniu akcji pod\u00a0bramk\u0105 Niemczyckiego by\u0142a spora. \u015al\u0105sk przestawi\u0142 si\u0119, szczeg\u00f3lnie w\u00a0drugiej po\u0142owie, na\u00a0dzia\u0142ania obronne i\u00a0wynik zdaje si\u0119 potwierdza\u0107, \u017ce\u00a0taktyka ta\u00a0mia\u0142a sens.<\/p>\n<p>Legia odda\u0142a w\u00a0regulaminowym czasie niewiele celnych strza\u0142\u00f3w. Wi\u0119kszo\u015b\u0107 jej pr\u00f3b daleka by\u0142a od\u00a0celu, kilka zablokowali zawodnicy \u015al\u0105ska. Z\u00a0jednej strony spisuj\u0105cy si\u0119 ca\u0142kiem nie\u017ale, z\u00a0drugiej \u2013 korzystaj\u0105cy z\u00a0niemocy ataku podopiecznych Papszuna.<\/p>\n<p>Tych w\u00a0og\u00f3le musia\u0142 zachowywa\u0107 przy \u017cyciu Hindrich, kt\u00f3ry\u00a0na\u00a0nieco ponad kwadrans przed\u00a0ko\u0144cem regulaminowego czasu gry w\u00a0kr\u00f3tkim odst\u0119pie kapitalnie wygra\u0142 pojedynki z\u00a0Banaszakiem i\u00a0Marjanacem. Samiec-Talar zosta\u0142 okradziony z\u00a0pi\u0119knych asyst. Rumun utrzyma\u0142 Legi\u0119 w\u00a0meczu, da\u0142 jej jeszcze odrobin\u0119 wiary w\u00a0to, \u017ce\u00a0mo\u017cna wkula\u0107 cokolwiek do\u00a0bramki Niemczyckiego i\u00a0mie\u0107 z\u00a0tego punkt. Legii nie\u00a0by\u0142o sta\u0107 na\u00a0nic wi\u0119cej ni\u017c remis. Ale\u00a0w\u00a0gruncie rzeczy nie\u00a0zas\u0142u\u017cy\u0142a nawet na\u00a0niego.<\/p>\n<p>Znak firmowy Marka Papszuna<\/p>\n<p>Mia\u0142a jedn\u0105 okazj\u0119 co\u00a0najmniej \u015bwietn\u0105. Bardzo blisko bramki znalaz\u0142 si\u0119 w\u00a0niez\u0142ym kotle Zjawi\u0144ski, ale\u00a0zn\u00f3w \u2013 nic z\u00a0tego. Trafi\u0142a si\u0119 jednak jeszcze szansa w\u00a0doliczonym czasie gry. Szansa, kt\u00f3r\u0105 dru\u017cyna \u201espapszunizowana\u201d po\u00a0prostu wykorzystuje. Wierzy\u0107 si\u0119 wr\u0119cz nie\u00a0chce, \u017ce\u00a0mo\u017cna zagra\u0107 w\u00a0ofensywie tak\u00a0kiepski mecz i\u00a0jednocze\u015bnie wycisn\u0105\u0107 z\u00a0niego tak\u00a0wiele. Nie\u00a0dziwi pe\u0142na sza\u0142u reakcja Ante Simundzy po\u00a0straconej bramce. Wszystko uk\u0142ada\u0142o si\u0119 tak, jak powinno.<\/p>\n<p>A\u017c\u00a0pi\u0142k\u0119 pos\u0142a\u0142 w\u00a0pole karne Wszo\u0142ek, si\u0119gn\u0105\u0142 j\u0105\u00a0g\u0142ow\u0105 Adamski i\u00a0ca\u0142y plan run\u0105\u0142.<\/p>\n<p dir=\"ltr\" lang=\"pl\">LEGIA WARSZAWA STRZELA W\u00a0SAMEJ KO\u0143C\u00d3WCE! \u23f0 Tu\u017c przed\u00a0ostatnim gwizdkiem bramk\u0119 na\u00a0wag\u0119 remisu zdoby\u0142 Rafa\u0142 Adamski! \ud83d\udd25\ud83d\udd1d <a href=\"https:\/\/t.co\/0zUCi5XQJH\" target=\"_blank\" rel=\"noopener noreferrer nofollow\">pic.twitter.com\/0zUCi5XQJH<\/a><\/p>\n<p>\u2014\u00a0CANAL+ SPORT (@CANALPLUS_SPORT) <a href=\"https:\/\/x.com\/CANALPLUS_SPORT\/status\/2093436912308494568?ref_src=twsrc%5Etfw\" target=\"_blank\" rel=\"noopener noreferrer nofollow\">August 28, 2026<\/a><\/p>\n<p>Legia zgarn\u0119\u0142a punkt, kt\u00f3rego\u00a0nie\u00a0ma\u00a0za\u00a0co\u00a0jej tak\u00a0naprawd\u0119 przypisa\u0107. No\u00a0okej, mo\u017ce za\u00a0gr\u0119 Hindricha, kt\u00f3ry\u00a0par\u0119 strza\u0142\u00f3w zatrzyma\u0142 i\u00a0zn\u00f3w udowodni\u0142, \u017ce\u00a0jest by\u0107 mo\u017ce najmocniejszym punktem ca\u0142ego swojego zespo\u0142u. Z\u00a0nim mi\u0119dzy s\u0142upkami mo\u017cna przepycha\u0107 nawet takie mecze, jak ten.<\/p>\n<p>Fot.\u00a0Newspix<\/p>\n<p>                    <script async src=\"https:\/\/platform.twitter.com\/widgets.js\" charset=\"utf-8\"><\/script><\/p>\n","protected":false},"excerpt":{"rendered":"Wydawa\u0142o si\u0119, \u017ce\u00a0Legia jest ju\u017c na\u00a0w\u0142a\u015bciwych torach, a\u00a0Marek Papszun wyciska z\u00a0niej wszystko, co\u00a0wycisn\u0105\u0107 si\u0119 da, ale\u00a0wyj\u0105tek od\u00a0rodz\u0105cej si\u0119&hellip;\n","protected":false},"author":2,"featured_media":653631,"comment_status":"","ping_status":"","sticky":false,"template":"","format":"standard","meta":{"footnotes":"","_share_on_mastodon":"0"},"categories":[51607],"tags":[713,42,38,40,39,41,697,1853],"class_list":["post-653630","post","type-post","status-publish","format-standard","has-post-thumbnail","category-wroclaw","tag-legia-warszawa","tag-pl","tag-poland","tag-polish","tag-polska","tag-polski","tag-slask-wroclaw","tag-wroclaw"],"share_on_mastodon":{"url":"https:\/\/pubeurope.com\/@pl\/117178612036316228","error":""},"_links":{"self":[{"href":"https:\/\/www.europesays.com\/pl\/wp-json\/wp\/v2\/posts\/653630","targetHints":{"allow":["GET"]}}],"collection":[{"href":"https:\/\/www.europesays.com\/pl\/wp-json\/wp\/v2\/posts"}],"about":[{"href":"https:\/\/www.europesays.com\/pl\/wp-json\/wp\/v2\/types\/post"}],"author":[{"embeddable":true,"href":"https:\/\/www.europesays.com\/pl\/wp-json\/wp\/v2\/users\/2"}],"replies":[{"embeddable":true,"href":"https:\/\/www.europesays.com\/pl\/wp-json\/wp\/v2\/comments?post=653630"}],"version-history":[{"count":0,"href":"https:\/\/www.europesays.com\/pl\/wp-json\/wp\/v2\/posts\/653630\/revisions"}],"wp:featuredmedia":[{"embeddable":true,"href":"https:\/\/www.europesays.com\/pl\/wp-json\/wp\/v2\/media\/653631"}],"wp:attachment":[{"href":"https:\/\/www.europesays.com\/pl\/wp-json\/wp\/v2\/media?parent=653630"}],"wp:term":[{"taxonomy":"category","embeddable":true,"href":"https:\/\/www.europesays.com\/pl\/wp-json\/wp\/v2\/categories?post=653630"},{"taxonomy":"post_tag","embeddable":true,"href":"https:\/\/www.europesays.com\/pl\/wp-json\/wp\/v2\/tags?post=653630"}],"curies":[{"name":"wp","href":"https:\/\/api.w.org\/{rel}","templated":true}]}}