{"id":653706,"date":"2026-08-29T12:23:13","date_gmt":"2026-08-29T12:23:13","guid":{"rendered":"https:\/\/www.europesays.com\/pl\/653706\/"},"modified":"2026-08-29T12:23:13","modified_gmt":"2026-08-29T12:23:13","slug":"sondaz-nawrocki-oceniony-przez-polakow-wynik-zwraca-uwage","status":"publish","type":"post","link":"https:\/\/www.europesays.com\/pl\/653706\/","title":{"rendered":"Sonda\u017c: Nawrocki oceniony przez Polak\u00f3w. Wynik zwraca uwag\u0119"},"content":{"rendered":"\n<p>&#13;<br \/>\nW nowym sonda\u017cu United Surveys by\u00a0IBRiS dla\u00a0Wirtualnej Polski Polak\u00f3w <a href=\"https:\/\/dorzeczy.pl\/sondaz\/934816\/sondaz-58-proc-polakow-uwaza-nawrocki-dobrze-reprezentuje-polske-za-granica.html\" rel=\"nofollow noopener\" target=\"_blank\">zapytano o\u00a0ocen\u0119 dotychczasowej prezydentury<\/a> Karola Nawrockiego. &#13;\n<\/p>\n<p>Polacy w\u00a0sonda\u017cu ocenili prezydentur\u0119 Nawrockiego<\/p>\n<p>&#13;<br \/>\n\u0141\u0105cznie 49,2 proc. Polak\u00f3w dobrze ocenia prezydentur\u0119 Karola Nawrockiego. Odpowied\u017a &#8222;zdecydowanie dobrze&#8221; wybra\u0142o 32,2 proc. respondent\u00f3w, a\u00a0&#8222;raczej dobrze&#8221; \u2013\u00a017,0 proc. Polak\u00f3w. &#13;\n<\/p>\n<p>&#13;<br \/>\n38,1 proc. badanych w\u00a0sonda\u017cu, wyra\u017ca si\u0119 krytycznie o\u00a0prezydenturze Karola Nawrockiego, z\u00a0czego 25,4 proc. ocenia &#8222;zdecydowanie \u017ale&#8221;, za\u015b\u00a012,7 proc. \u2013\u00a0&#8222;raczej \u017ale&#8221;. &#13;\n<\/p>\n<p>&#13;<br \/>\nNiezdecydowanych w\u00a0sprawie tego, jak Karol Nawrocki sprawuje prezydentur\u0119, jest 12,7 proc. uczestnik\u00f3w sonda\u017cu. &#13;\n<\/p>\n<p>&#13;<br \/>\nW\u015br\u00f3d wyborc\u00f3w opozycji (PiS, Konfederacja, Konfederacja Korony Polskiej i\u00a0Razem) 78 proc. dobrze ocenia dzia\u0142ania prezydenta (w tym 63 proc. &#8222;zdecydowanie dobrze&#8221;). &#13;\n<\/p>\n<p>&#13;<br \/>\nJe\u015bli chodzi o\u00a0zwolennik\u00f3w koalicji rz\u0105dowej, to\u00a088 proc. wystawia g\u0142owie pa\u0144stwa ocen\u0119 negatywn\u0105 (w tym 65 proc. &#8222;zdecydowanie \u017ale&#8221;). &#13;\n<\/p>\n<p>Wysoki wynik prezydenta w\u015br\u00f3d m\u0142odych ludzi<\/p>\n<p>&#13;<br \/>\nW grupie pozosta\u0142ych wyborc\u00f3w przewa\u017caj\u0105 opinie pozytywne, stanowi\u0105ce \u0142\u0105cznie 51 proc. g\u0142os\u00f3w. &#13;\n<\/p>\n<p>&#13;<br \/>\nW sonda\u017cu o\u00a0zdanie zapytano r\u00f3wnie\u017c m\u0142odych ludzi. W\u00a0grupie najm\u0142odszych badanych \u2013\u00a0w\u00a0wieku od\u00a018 do\u00a029 lat \u2013\u00a073 proc. ocenia prezydenta pozytywnie (31 proc. &#8222;zdecydowanie dobrze&#8221; i\u00a042 proc. &#8222;raczej dobrze&#8221;). W\u00a0tej grupie wiekowej nikt nie\u00a0wskaza\u0142 odpowiedzi &#8222;zdecydowanie \u017ale&#8221;, a\u00a0negatywn\u0105 opini\u0119 wyrazi\u0142o7 proc. os\u00f3b. R\u00f3wnie wysoki poziom zaufania (73 proc.) Karol Nawrocki zanotowa\u0142 w\u015br\u00f3d 30-latk\u00f3w, gdzie ponad po\u0142owa (54 proc.) oceni\u0142a prezydenta &#8222;zdecydowanie dobrze&#8221;. &#13;\n<\/p>\n<p>&#13;<br \/>\nSonda\u017c zosta\u0142 zrealizowany przez United Surveys by\u00a0IBRIS na\u00a0zlecenie Wirtualnej Polski w\u00a0dniach 21-23 sierpnia 2026 roku, metod\u0105 mix-mode, \u0142\u0105cz\u0105c\u0105 wywiady internetowe CAWI oraz\u00a0telefoniczne wywiady kwestionariuszowe wspomagane komputerowo CATI, na\u00a0og\u00f3lnopolskiej pr\u00f3bie 1000 os\u00f3b. &#13;\n<\/p>\n<p>&#13;<br \/>\n   Czytaj te\u017c:<br \/><a href=\"https:\/\/dorzeczy.pl\/kraj\/935608\/sondaz-po-aferze-mroz-gorgon-polacy-ocenili-dzialania-rzadu.html\" rel=\"follow nofollow noopener\" data-schema=\"DORZECZY\" data-image=\"https:\/\/img.dorzeczy.pl\/_thumb\/02\/f2\/a080da584b2ffaba1a9c4fca4354.jpeg\" target=\"_blank\">Afera Mr\u00f3z-Gorgo\u0144. Polacy w\u00a0sonda\u017cu ocenili dzia\u0142ania rz\u0105du<\/a>   Czytaj te\u017c:<br \/><a href=\"https:\/\/dorzeczy.pl\/kraj\/935623\/sondaz-najgorszy-minister-edukacji-czarnek-nowacka-i-giertych.html\" rel=\"follow nofollow noopener\" data-schema=\"DORZECZY\" data-image=\"https:\/\/img.dorzeczy.pl\/_thumb\/50\/5b\/899a9c49b05c5c44d14d85dc9f54.jpeg\" target=\"_blank\">Polacy wybrali najgorszego ministra edukacji. Jest lider sonda\u017cu<\/a>&#13;<\/p>\n","protected":false},"excerpt":{"rendered":"&#13; W nowym sonda\u017cu United Surveys by\u00a0IBRiS dla\u00a0Wirtualnej Polski Polak\u00f3w zapytano o\u00a0ocen\u0119 dotychczasowej prezydentury Karola Nawrockiego. &#13; Polacy&hellip;\n","protected":false},"author":2,"featured_media":653707,"comment_status":"","ping_status":"","sticky":false,"template":"","format":"standard","meta":{"footnotes":"","_share_on_mastodon":"0"},"categories":[62712],"tags":[98,690,49,8136,127621,103,102,1005,89130,366],"class_list":["post-653706","post","type-post","status-publish","format-standard","has-post-thumbnail","category-karol-nawrocki","tag-dorzeczy","tag-karol-nawrocki","tag-kraj","tag-lidia-lemaniak","tag-mlodzi-ludzie","tag-obserwator-mediow","tag-opinie","tag-prezydent","tag-prezydentura","tag-sondaz"],"share_on_mastodon":{"url":"","error":""},"_links":{"self":[{"href":"https:\/\/www.europesays.com\/pl\/wp-json\/wp\/v2\/posts\/653706","targetHints":{"allow":["GET"]}}],"collection":[{"href":"https:\/\/www.europesays.com\/pl\/wp-json\/wp\/v2\/posts"}],"about":[{"href":"https:\/\/www.europesays.com\/pl\/wp-json\/wp\/v2\/types\/post"}],"author":[{"embeddable":true,"href":"https:\/\/www.europesays.com\/pl\/wp-json\/wp\/v2\/users\/2"}],"replies":[{"embeddable":true,"href":"https:\/\/www.europesays.com\/pl\/wp-json\/wp\/v2\/comments?post=653706"}],"version-history":[{"count":0,"href":"https:\/\/www.europesays.com\/pl\/wp-json\/wp\/v2\/posts\/653706\/revisions"}],"wp:featuredmedia":[{"embeddable":true,"href":"https:\/\/www.europesays.com\/pl\/wp-json\/wp\/v2\/media\/653707"}],"wp:attachment":[{"href":"https:\/\/www.europesays.com\/pl\/wp-json\/wp\/v2\/media?parent=653706"}],"wp:term":[{"taxonomy":"category","embeddable":true,"href":"https:\/\/www.europesays.com\/pl\/wp-json\/wp\/v2\/categories?post=653706"},{"taxonomy":"post_tag","embeddable":true,"href":"https:\/\/www.europesays.com\/pl\/wp-json\/wp\/v2\/tags?post=653706"}],"curies":[{"name":"wp","href":"https:\/\/api.w.org\/{rel}","templated":true}]}}