{"id":653758,"date":"2026-08-29T12:55:40","date_gmt":"2026-08-29T12:55:40","guid":{"rendered":"https:\/\/www.europesays.com\/pl\/653758\/"},"modified":"2026-08-29T12:55:40","modified_gmt":"2026-08-29T12:55:40","slug":"o-ktorej-superpuchar-polski-industria-kielce-orlen-wisla-plock-transmisja-live-stream-gdzie-obejrzec-w-tv-cksport-pl-sport-kielce-korona-kielce","status":"publish","type":"post","link":"https:\/\/www.europesays.com\/pl\/653758\/","title":{"rendered":"O kt\u00f3rej Superpuchar Polski: Industria Kielce \u2013 Orlen Wis\u0142a P\u0142ock? Transmisja, Live Stream. Gdzie obejrze\u0107 w TV? &#8211; CKsport.pl &#8211; Sport Kielce | Korona Kielce"},"content":{"rendered":"<p>Industria Kielce rozegra pierwsz\u0105 w sezonie 2026\/2027 \u201e\u015awi\u0119t\u0105 Sportow\u0105 Wojn\u0119\u201d z Orlenem Wis\u0142\u0105 P\u0142ock. O kt\u00f3rej godzinie pocz\u0105tek spotkania i gdzie najlepiej obejrze\u0107 pojedynek o Superpuchar Polski?<\/p>\n<p>Kielczanie przyst\u0105pi\u0105 do spotkania jako aktualni mistrzowie kraju i obro\u0144cy Superpucharu, natomiast P\u0142occzanie wywalczyli prawo gry dzi\u0119ki zdobyciu Pucharu Polski. Dla Industrii b\u0119dzie to szansa na historyczn\u0105, pierwsz\u0105 obron\u0119 trofeum, o kt\u00f3re szczypiorni\u015bci b\u0119d\u0105 rywalizowa\u0107 dopiero po raz trzeci.<\/p>\n<p>Bilans bezpo\u015brednich spotka\u0144 obu zespo\u0142\u00f3w w poprzednim sezonie by\u0142 niezwykle wyr\u00f3wnany. Rywalizacja rozpocz\u0119\u0142a si\u0119 w\u0142a\u015bnie od Superpucharu, gdy Industria wygra\u0142a w Atlas Arenie po serii rzut\u00f3w karnych <a href=\"https:\/\/www.cksport.pl\/pokazWiadomosc\/32141_kielecka_gablota_uzupelniona_industria_siegnela_po_orlen_superpuchar_polski.html\" rel=\"nofollow noopener\" target=\"_blank\">32:31<\/a>. Nast\u0119pnie dwa mecze ligowe pad\u0142y \u0142upem Orlen Wis\u0142y P\u0142ock \u2013 najpierw P\u0142occzanie zwyci\u0119\u017cyli w Hali Legion\u00f3w <a href=\"https:\/\/www.cksport.pl\/pokazWiadomosc\/32521_oslabiona_industria_przegrala_klasyk_wisla_znow_zdobyla_hale_legionow.html\" rel=\"nofollow noopener\" target=\"_blank\">32:27<\/a>, a p\u00f3\u017aniej przed w\u0142asn\u0105 publiczno\u015bci\u0105 ponownie okazali si\u0119 lepsi po rzutach karnych <a href=\"https:\/\/www.cksport.pl\/pokazWiadomosc\/33249_cztery_czerwone_kartki_i_walka_iskry_do_ostatniego_rzutu_karnego_plock_lepszy_po_epickim_starciu.html\" rel=\"nofollow noopener\" target=\"_blank\">31:32<\/a>. W p\u00f3\u0142finale Pucharu Polski \u201eNafciarze\u201d wygrali <a href=\"https:\/\/www.cksport.pl\/pokazWiadomosc\/33472_dziewietnascie_finalow_z_rzedu_i_koniec_industria_nie_obroni_pucharu_polski.html\" rel=\"nofollow noopener\" target=\"_blank\">25:30<\/a>, jednak decyduj\u0105ce s\u0142owo nale\u017ca\u0142o do ekipy ze stolicy wojew\u00f3dztwa \u015bwi\u0119tokrzyskiego. W fina\u0142ach ORLEN Superligi Industria najpierw triumfowa\u0142a w P\u0142ocku <a href=\"https:\/\/www.cksport.pl\/pokazWiadomosc\/33674_koncert_zolto_bialo_niebieskich_w_plocku_zloto_blisko.html\" rel=\"nofollow noopener\" target=\"_blank\">30:25<\/a>, a nast\u0119pnie przypiecz\u0119towa\u0142a odzyskanie mistrzostwa Polski efektownym zwyci\u0119stwem <a href=\"https:\/\/www.cksport.pl\/pokazWiadomosc\/33707_mistrz_mistrz_iskierka_tytul_wraca_do_kielc_w_wielkim_stylu.html\" rel=\"nofollow noopener\" target=\"_blank\">36:27<\/a> w Hali Legion\u00f3w.<\/p>\n<p>\u00a0<\/p>\n<p>Superpuchar Polski \u2022 M\u0119\u017cczy\u017ani<\/p>\n<p>Sobota, 29 sierpnia, godz. 19.00<\/p>\n<p>Atlas Arena \u0141\u00f3d\u017a<\/p>\n<p>\u00a0<\/p>\n<p><img decoding=\"async\" style=\"height: 140px; width: 140px; margin-bottom: 15px; object-fit: contain; background: #fff; padding: 10px; border-radius: 20px;\" src=\"https:\/\/www.europesays.com\/pl\/wp-content\/uploads\/2026\/08\/e1GDx4hAd4m3OP2MUjZsUblI3hAS2CVXmCLcWXth6jaHrk3H4rdCXloixp5PynltaBRIoiGUefc8K9qCYqcHBA.png\" alt=\"Industria Kielce\"\/><\/p>\n<p>Industria Kielce<\/p>\n<p>VS<\/p>\n<p><img decoding=\"async\" style=\"height: 140px; width: 140px; margin-bottom: 15px; object-fit: contain; background: #fff; padding: 10px; border-radius: 20px;\" src=\"https:\/\/www.europesays.com\/pl\/wp-content\/uploads\/2026\/08\/e1GDx4hAd4m3OP2MUjZsUblI3hAS2CVXmCLcWXth6jar3i5mLLgKUER7JceWOQvWFarGHB4-CQmhDdwISGvf2w.png\" alt=\"Orlen Wis\u0142a P\u0142ock\"\/><\/p>\n<p>Orlen Wis\u0142a P\u0142ock<\/p>\n<p>00 Dni<\/p>\n<p>00 Godz<\/p>\n<p>00 Min<\/p>\n<p>00 Sek<\/p>\n<p>Transmisja TV<\/p>\n<p><img decoding=\"async\" style=\"height: 166px; display: block; object-fit: contain;\" src=\"https:\/\/www.europesays.com\/pl\/wp-content\/uploads\/2026\/08\/polsatsport2_1.png\" alt=\"Polsat Sport 2\" width=\"129\"\/><\/p>\n<p>Fot. Materia\u0142y prasowe LOTTO Superligi<\/p>\n<p><a href=\"https:\/\/www.prokoder.pl\/\" target=\"_blank\" rel=\"noopener nofollow\"> <img decoding=\"async\" style=\"width: 100%; height: auto; display: block;\" src=\"https:\/\/www.europesays.com\/pl\/wp-content\/uploads\/2026\/08\/1788008139_613_prokoder_reklamy_drukarnia_kielce.jpg\" alt=\"Prokoder Reklamy Drukarnia Kielce\"\/> <\/a><\/p>\n<p>&#8212;&#8212;&#8212;&#8212;<br \/>\nDzi\u0119kujemy, \u017ce jeste\u015b z nami i wspierasz tw\u00f3rczo\u015b\u0107 dost\u0119pn\u0105 na CKsport.pl. Kliknij w link poni\u017cej i postaw naszej redakcji symboliczn\u0105 kaw\u0119.<\/p>\n<p><a href=\"https:\/\/buycoffee.to\/cksportpl\" target=\"_blank\" rel=\"noopener nofollow\"><img decoding=\"async\" style=\"width: 300px; display: block; margin-left: auto; margin-right: auto;\" src=\"https:\/\/buycoffee.to\/btn\/buycoffeeto-btn-primary.svg\" alt=\"Postaw mi kaw\u0119 na buycoffee.to\"\/><\/a><\/p>\n","protected":false},"excerpt":{"rendered":"Industria Kielce rozegra pierwsz\u0105 w sezonie 2026\/2027 \u201e\u015awi\u0119t\u0105 Sportow\u0105 Wojn\u0119\u201d z Orlenem Wis\u0142\u0105 P\u0142ock. O kt\u00f3rej godzinie pocz\u0105tek&hellip;\n","protected":false},"author":2,"featured_media":653759,"comment_status":"","ping_status":"","sticky":false,"template":"","format":"standard","meta":{"footnotes":"","_share_on_mastodon":"0"},"categories":[52097],"tags":[60263,1903,60262,56702,774,13763,42,38,40,39,41,34674,545],"class_list":["post-653758","post","type-post","status-publish","format-standard","has-post-thumbnail","category-orlen","tag-gdzie-obejrzec-w-tv","tag-industria-kielce","tag-live-stream","tag-o-ktorej","tag-orlen","tag-orlen-wisla-plock","tag-pl","tag-poland","tag-polish","tag-polska","tag-polski","tag-superpuchar-polski","tag-transmisja"],"share_on_mastodon":{"url":"https:\/\/pubeurope.com\/@pl\/117178907372088573","error":""},"_links":{"self":[{"href":"https:\/\/www.europesays.com\/pl\/wp-json\/wp\/v2\/posts\/653758","targetHints":{"allow":["GET"]}}],"collection":[{"href":"https:\/\/www.europesays.com\/pl\/wp-json\/wp\/v2\/posts"}],"about":[{"href":"https:\/\/www.europesays.com\/pl\/wp-json\/wp\/v2\/types\/post"}],"author":[{"embeddable":true,"href":"https:\/\/www.europesays.com\/pl\/wp-json\/wp\/v2\/users\/2"}],"replies":[{"embeddable":true,"href":"https:\/\/www.europesays.com\/pl\/wp-json\/wp\/v2\/comments?post=653758"}],"version-history":[{"count":0,"href":"https:\/\/www.europesays.com\/pl\/wp-json\/wp\/v2\/posts\/653758\/revisions"}],"wp:featuredmedia":[{"embeddable":true,"href":"https:\/\/www.europesays.com\/pl\/wp-json\/wp\/v2\/media\/653759"}],"wp:attachment":[{"href":"https:\/\/www.europesays.com\/pl\/wp-json\/wp\/v2\/media?parent=653758"}],"wp:term":[{"taxonomy":"category","embeddable":true,"href":"https:\/\/www.europesays.com\/pl\/wp-json\/wp\/v2\/categories?post=653758"},{"taxonomy":"post_tag","embeddable":true,"href":"https:\/\/www.europesays.com\/pl\/wp-json\/wp\/v2\/tags?post=653758"}],"curies":[{"name":"wp","href":"https:\/\/api.w.org\/{rel}","templated":true}]}}