{"id":653766,"date":"2026-08-29T13:00:13","date_gmt":"2026-08-29T13:00:13","guid":{"rendered":"https:\/\/www.europesays.com\/pl\/653766\/"},"modified":"2026-08-29T13:00:13","modified_gmt":"2026-08-29T13:00:13","slug":"folklor-na-pozegnanie-lata-w-teatrze-letnim","status":"publish","type":"post","link":"https:\/\/www.europesays.com\/pl\/653766\/","title":{"rendered":"Folklor na po\u017cegnanie lata w Teatrze Letnim"},"content":{"rendered":"<p>                        <a href=\"https:\/\/24kurier.pl\/media\/1uyhxbs1\/959162-materialy-organizatorow.jpg\" data-fancybox=\"gallery3\" data-caption=\"Festiwal rozpocznie si\u0119 w\u00a0niedziel\u0119, 30 sierpnia. Fot. materia\u0142y organizator\u00f3w\" rel=\"nofollow noopener\" target=\"_blank\">&#13;<br \/>\n                            &#13;<br \/>\n                            <img decoding=\"async\" src=\"https:\/\/www.europesays.com\/pl\/wp-content\/uploads\/2026\/08\/959162-materialy-organizatorow.jpg\" class=\"img-fluid figure-img\" alt=\"Folklor na po\u017cegnanie lata w Teatrze Letnim\"\/>&#13;<br \/>\n                        <\/a><\/p>\n<p>&#13;<br \/>\n                            Festiwal rozpocznie si\u0119 w\u00a0niedziel\u0119, 30 sierpnia. Fot. materia\u0142y organizator\u00f3w&#13;<br \/>\n                            &#13;<br \/>\n                                \u00a0&#13;<br \/>\n                            &#13;\n                        <\/p>\n<p>Na koniec wakacji Szczecin czeka pierwsza edycja Festiwalu Szczecin Folk. W programie: barwny korow\u00f3d przez Park Kasprowicza i Jasne B\u0142onia, koncert prezentuj\u0105cy folklor r\u00f3\u017cnych region\u00f3w Polski oraz warsztaty ta\u0144ca, \u015bpiewu i gry na instrumentach ludowych. Wst\u0119p na wszystkie wydarzenia jest wolny.<\/p>\n<p>&#13;<\/p>\n<p>REKLAMA<\/p>\n<p>&#13;<br \/>\n    &#13;<br \/>\n    &#13;<\/p>\n<p>Do rodziny projektu \u201eSzczecin Festival\u201d do\u0142\u0105czy\u0142a kolejna impreza. Szczecin Folk to efekt wsp\u00f3\u0142pracy Zespo\u0142u Pie\u015bni i Ta\u0144ca Szczecinianie \u2013 Honorowego Ambasadora Miasta Szczecin \u2013 oraz Szczeci\u0144skiej Agencji Artystycznej. Organizatorzy chc\u0105 przybli\u017cy\u0107 wsp\u00f3\u0142czesnej publiczno\u015bci folklor, tradycje i kultur\u0119 ludow\u0105 r\u00f3\u017cnych region\u00f3w kraju. Festiwal odb\u0119dzie si\u0119 30 i 31 sierpnia.<\/p>\n<p>\u2013 Festiwal ma na celu pokazanie pi\u0119kna folkloru, tradycji i bogactwa kultury ludowej na najpi\u0119kniejszej scenie plenerowej w naszym kraju, w Teatrze Letnim im. Heleny Majdaniec w Szczecinie \u2013 m\u00f3wi Krzysztof Kami\u0144ski, dyrektor muzyczny zespo\u0142u Szczecinianie.<\/p>\n<p>Festiwal rozpocznie si\u0119 w niedziel\u0119, 30 sierpnia. Zanim na scenie Teatru Letniego zabrzmi\u0105 pierwsze utwory, uczestnicy wydarzenia pojawi\u0105 si\u0119 w przestrzeni miasta. Mi\u0119dzy godzin\u0105 13.00 a 14.00 korow\u00f3d tancerzy, \u015bpiewak\u00f3w i muzyk\u00f3w wyruszy spod Teatru Letniego, przejdzie przez Park Kasprowicza i Jasne B\u0142onia, po czym wr\u00f3ci w to samo miejsce. O godz. 17.00 na scenie wyst\u0105pi Zesp\u00f3\u0142 Pie\u015bni i Ta\u0144ca Szczecinianie wraz z zaproszonym go\u015bciem \u2013 Zespo\u0142em Orawskie Roztoki z Lipnicy Wielkiej. Publiczno\u015b\u0107 zobaczy prezentacje artystyczne z r\u00f3\u017cnych region\u00f3w etnograficznych Polski, ze szczeg\u00f3lnym miejscem dla kultury Orawy \u2013 jej muzyki, ta\u0144ca, stroj\u00f3w i tradycji.<\/p>\n<p>Drugi dzie\u0144 festiwalu b\u0119dzie mia\u0142 charakter warsztatowy. W poniedzia\u0142ek, 31 sierpnia, w godzinach 10.00\u201313.00, w Teatrze Letnim uczestnicy b\u0119d\u0105 mogli pozna\u0107 brzmienie instrument\u00f3w pasterskich i ludowych, a na niekt\u00f3rych z nich tak\u017ce samodzielnie zagra\u0107. W programie znajd\u0105 si\u0119 r\u00f3wnie\u017c ta\u0144ce ludowe, tradycyjne zabawy i pie\u015bni oraz opowie\u015bci o dawnych zwyczajach i \u017cyciu mieszka\u0144c\u00f3w polskich region\u00f3w. Zar\u00f3wno podczas niedzielnego koncertu, jak i poniedzia\u0142kowych warsztat\u00f3w, obok sceny b\u0119dzie dzia\u0142a\u0107 stoisko z produktami regionalnymi i r\u0119kodzie\u0142em, przygotowane przez Orawskie Roztoki oraz ko\u0142a gospody\u0144 wiejskich.<\/p>\n<p>Festiwal Szczecin Folk organizuje Zesp\u00f3\u0142 Pie\u015bni i Ta\u0144ca Szczecinianie \u2013 Honorowy Ambasador Miasta Szczecin \u2013 wraz ze Szczeci\u0144sk\u0105 Agencj\u0105 Artystyczn\u0105, w ramach projektu \u201eSzczecin Festival\u201d. Zadanie finansuje Miasto Szczecin.<\/p>\n<p>(K)<\/p>\n<p>REKLAMA<\/p>\n<p>                                        <a data-fancybox=\"gallery3\" data-caption=\"Festiwal rozpocznie si\u0119 w\u00a0niedziel\u0119, 30 sierpnia. Fot. materia\u0142y organizator\u00f3w\" href=\"https:\/\/24kurier.pl\/media\/2ljduaft\/959161-materialy-organizatorow.jpg\" rel=\"nofollow noopener\" target=\"_blank\">&#13;<br \/>\n                                            <img decoding=\"async\" src=\"https:\/\/www.europesays.com\/pl\/wp-content\/uploads\/2026\/08\/959161-materialy-organizatorow.jpg\" class=\"img-fluid\" alt=\"Folklor na po\u017cegnanie lata w Teatrze Letnim\"\/>&#13;<br \/>\n                                        <\/a><\/p>\n","protected":false},"excerpt":{"rendered":"&#13; &#13; &#13; &#13; Festiwal rozpocznie si\u0119 w\u00a0niedziel\u0119, 30 sierpnia. Fot. materia\u0142y organizator\u00f3w&#13; &#13; \u00a0&#13; &#13; Na koniec&hellip;\n","protected":false},"author":2,"featured_media":653767,"comment_status":"","ping_status":"","sticky":false,"template":"","format":"standard","meta":{"footnotes":"","_share_on_mastodon":"0"},"categories":[51611],"tags":[6588,67719,42,38,40,39,41,2307],"class_list":["post-653766","post","type-post","status-publish","format-standard","has-post-thumbnail","category-szczecin","tag-festiwal","tag-folklor","tag-pl","tag-poland","tag-polish","tag-polska","tag-polski","tag-szczecin"],"share_on_mastodon":{"url":"https:\/\/pubeurope.com\/@pl\/117178928290801339","error":""},"_links":{"self":[{"href":"https:\/\/www.europesays.com\/pl\/wp-json\/wp\/v2\/posts\/653766","targetHints":{"allow":["GET"]}}],"collection":[{"href":"https:\/\/www.europesays.com\/pl\/wp-json\/wp\/v2\/posts"}],"about":[{"href":"https:\/\/www.europesays.com\/pl\/wp-json\/wp\/v2\/types\/post"}],"author":[{"embeddable":true,"href":"https:\/\/www.europesays.com\/pl\/wp-json\/wp\/v2\/users\/2"}],"replies":[{"embeddable":true,"href":"https:\/\/www.europesays.com\/pl\/wp-json\/wp\/v2\/comments?post=653766"}],"version-history":[{"count":0,"href":"https:\/\/www.europesays.com\/pl\/wp-json\/wp\/v2\/posts\/653766\/revisions"}],"wp:featuredmedia":[{"embeddable":true,"href":"https:\/\/www.europesays.com\/pl\/wp-json\/wp\/v2\/media\/653767"}],"wp:attachment":[{"href":"https:\/\/www.europesays.com\/pl\/wp-json\/wp\/v2\/media?parent=653766"}],"wp:term":[{"taxonomy":"category","embeddable":true,"href":"https:\/\/www.europesays.com\/pl\/wp-json\/wp\/v2\/categories?post=653766"},{"taxonomy":"post_tag","embeddable":true,"href":"https:\/\/www.europesays.com\/pl\/wp-json\/wp\/v2\/tags?post=653766"}],"curies":[{"name":"wp","href":"https:\/\/api.w.org\/{rel}","templated":true}]}}