{"id":653800,"date":"2026-08-29T13:19:13","date_gmt":"2026-08-29T13:19:13","guid":{"rendered":"https:\/\/www.europesays.com\/pl\/653800\/"},"modified":"2026-08-29T13:19:13","modified_gmt":"2026-08-29T13:19:13","slug":"tusk-zapowiada-ruch-w-sprawie-tk-ostra-reakcja-palacu-prezydenckiego-wprost","status":"publish","type":"post","link":"https:\/\/www.europesays.com\/pl\/653800\/","title":{"rendered":"Tusk zapowiada ruch w sprawie TK. Ostra reakcja Pa\u0142acu Prezydenckiego \u2013 Wprost"},"content":{"rendered":"\n<p>&#13;<br \/>\nPodczas Campusu Polska Przysz\u0142o\u015bci Donald Tusk m\u00f3wi\u0142 o\u00a0dzia\u0142aniach koalicji rz\u0105dz\u0105cej dotycz\u0105cych Trybuna\u0142u Konstytucyjnego. Premier zapowiedzia\u0142, \u017ce\u00a0maj\u0105 by\u0107 one zgodne z\u00a0prawem, cho\u0107 mog\u0105 wzbudzi\u0107 kontrowersje. &#13;\n<\/p>\n<p> \u2013 Nie\u00a0b\u0119d\u0119 pi\u0119knoduchem w\u00a0tej sprawie. We\u00a0wrze\u015bniu musz\u0119 mie\u0107 pewno\u015b\u0107, \u017ce\u00a0nasi s\u0119dziowie wejd\u0105 do\u00a0tego gmachu, \u017ce\u00a0to\u00a0b\u0119dzie wszystko zgodne z\u00a0prawem \u2013\u00a0o\u015bwiadczy\u0142 Donald Tusk. <\/p>\n<p>&#13;<br \/>\nSzef rz\u0105du przekonywa\u0142, \u017ce\u00a0zdecydowane dzia\u0142ania s\u0105 konieczne, aby\u00a0zmieni\u0107 sytuacj\u0119 w\u00a0TK. Odni\u00f3s\u0142 si\u0119 przy tym bezpo\u015brednio do\u00a0prezesa Trybuna\u0142u Bogdana \u015awi\u0119czkowskiego. &#13;\n<\/p>\n<p> \u2013 Mo\u017ce nie\u00a0b\u0119dzie estetyczne, mo\u017ce cz\u0119\u015b\u0107 z\u00a0was si\u0119 na\u00a0mnie obrazi, ale\u00a0pomy\u015blcie, czy\u00a0wi\u0119cej z\u00a0was nie\u00a0obrazi si\u0119 na\u00a0mnie, je\u015bli b\u0119d\u0119 sta\u0142 o\u00a0tak, z\u00a0rozdziawion\u0105 g\u0119b\u0105 i\u00a0nic si\u0119 nie\u00a0da zrobi\u0107 i\u00a0dalej \u015awi\u0119czkowski b\u0119dzie pomiata\u0142 s\u0119dziami \u2013\u00a0doda\u0142.Maciej Berek kandydatem do\u00a0TK. Jego nominacja wywo\u0142a\u0142a sp\u00f3r<\/p>\n<p>&#13;<br \/>\nWe wrze\u015bniu ko\u0144czy si\u0119 kadencja s\u0119dziego TK Justyna Piskorskiego. Koalicja Obywatelska zg\u0142osi\u0142a na\u00a0zwalniaj\u0105ce si\u0119 miejsce <a href=\"https:\/\/www.wprost.pl\/kraj\/12424119\/maciej-berek-w-tk-konstytucjonalista-ma-ale-prawa-reka.html\" rel=\"nofollow noopener\" target=\"_blank\">Macieja Berka<\/a>, prawnika i\u00a0by\u0142ego cz\u0142onka rz\u0105du Donalda Tuska. &#13;\n<\/p>\n<p>&#13;<br \/>\nPremier przedstawia\u0142 Berka jako do\u015bwiadczonego i\u00a0niezale\u017cnego prawnika, kt\u00f3ry ma\u00a0pom\u00f3c w\u00a0naprawie sytuacji w\u00a0Trybunale. Kandydatura spotka\u0142a si\u0119 jednak z\u00a0krytyk\u0105 dziewi\u0119ciu organizacji spo\u0142ecznych. Ich przedstawiciele wskazuj\u0105, \u017ce\u00a0przej\u015bcie bezpo\u015brednio z\u00a0rz\u0105du do\u00a0TK mo\u017ce pog\u0142\u0119bi\u0107 w\u0105tpliwo\u015bci dotycz\u0105ce politycznego charakteru tej instytucji. &#13;\n<\/p>\n<p>Pa\u0142ac Prezydencki reaguje na\u00a0s\u0142owa o\u00a0\u201enaszych s\u0119dziach\u201d w\u00a0TK<\/p>\n<p>&#13;<br \/>\nDo wypowiedzi premiera odni\u00f3s\u0142 si\u0119 Marcin Przydacz, sekretarz stanu i\u00a0szef Biura Polityki Mi\u0119dzynarodowej Prezydenta RP. W\u00a0angloj\u0119zycznym wpisie na\u00a0platformie X zwr\u00f3ci\u0142 uwag\u0119 na\u00a0u\u017cyte przez Tuska sformu\u0142owanie \u201enasi s\u0119dziowie\u201d. Zdaniem Przydacza s\u0142owa premiera pokazuj\u0105 stan niezale\u017cno\u015bci s\u0105downictwa w\u00a0Polsce. Do\u00a0wpisu do\u0142\u0105czy\u0142 hasztag odnosz\u0105cy si\u0119 do\u00a0praworz\u0105dno\u015bci. &#13;\n<\/p>\n<p>&#13;<br \/>\n   Czytaj te\u017c:<br \/><a href=\"https:\/\/www.wprost.pl\/kraj\/12426990\/campus-polska-donald-tusk-o-pit-0-dla-mlodych-rzad-nie-rozszerzy-ulgi.html\" rel=\"follow nofollow noopener\" data-schema=\"WPROST\" data-image=\"https:\/\/img.wprost.pl\/_thumb\/1b\/d4\/967fac04684df66d455b51b75600.jpeg\" target=\"_blank\">Tusk powiedzia\u0142 to\u00a0m\u0142odym wprost. Zamiast gwizd\u00f3w otrzyma\u0142 owacj\u0119<\/a>   Czytaj te\u017c:<br \/><a href=\"https:\/\/www.wprost.pl\/kraj\/12426774\/maciej-berek-w-tk-donald-tusk-na-campusie-polska-tlumaczy-powody.html\" rel=\"follow nofollow noopener\" data-schema=\"WPROST\" data-image=\"https:\/\/img.wprost.pl\/_thumb\/a0\/e2\/6c1315dcd082ab58f8c3aa3d2d93.jpeg\" target=\"_blank\">Pomys\u0142 Tuska wywo\u0142a\u0142 burz\u0119. \u201eNie mam zamiaru kapitulowa\u0107\u201d<\/a>&#13;<\/p>\n","protected":false},"excerpt":{"rendered":"&#13; Podczas Campusu Polska Przysz\u0142o\u015bci Donald Tusk m\u00f3wi\u0142 o\u00a0dzia\u0142aniach koalicji rz\u0105dz\u0105cej dotycz\u0105cych Trybuna\u0142u Konstytucyjnego. Premier zapowiedzia\u0142, \u017ce\u00a0maj\u0105 by\u0107&hellip;\n","protected":false},"author":2,"featured_media":653801,"comment_status":"","ping_status":"","sticky":false,"template":"","format":"standard","meta":{"footnotes":"","_share_on_mastodon":"0"},"categories":[62713],"tags":[1345,14121,49,2460,907,11829,61647,8233,8232,43315],"class_list":["post-653800","post","type-post","status-publish","format-standard","has-post-thumbnail","category-donald-tusk","tag-donald-tusk","tag-kancelaria-prezydenta","tag-kraj","tag-palac-prezydencki","tag-polityka","tag-sedziowie","tag-stanislaw-wegrowski","tag-tk","tag-trybunal-konstytucyjny","tag-wprost"],"share_on_mastodon":{"url":"https:\/\/pubeurope.com\/@pl\/117179001498395036","error":""},"_links":{"self":[{"href":"https:\/\/www.europesays.com\/pl\/wp-json\/wp\/v2\/posts\/653800","targetHints":{"allow":["GET"]}}],"collection":[{"href":"https:\/\/www.europesays.com\/pl\/wp-json\/wp\/v2\/posts"}],"about":[{"href":"https:\/\/www.europesays.com\/pl\/wp-json\/wp\/v2\/types\/post"}],"author":[{"embeddable":true,"href":"https:\/\/www.europesays.com\/pl\/wp-json\/wp\/v2\/users\/2"}],"replies":[{"embeddable":true,"href":"https:\/\/www.europesays.com\/pl\/wp-json\/wp\/v2\/comments?post=653800"}],"version-history":[{"count":0,"href":"https:\/\/www.europesays.com\/pl\/wp-json\/wp\/v2\/posts\/653800\/revisions"}],"wp:featuredmedia":[{"embeddable":true,"href":"https:\/\/www.europesays.com\/pl\/wp-json\/wp\/v2\/media\/653801"}],"wp:attachment":[{"href":"https:\/\/www.europesays.com\/pl\/wp-json\/wp\/v2\/media?parent=653800"}],"wp:term":[{"taxonomy":"category","embeddable":true,"href":"https:\/\/www.europesays.com\/pl\/wp-json\/wp\/v2\/categories?post=653800"},{"taxonomy":"post_tag","embeddable":true,"href":"https:\/\/www.europesays.com\/pl\/wp-json\/wp\/v2\/tags?post=653800"}],"curies":[{"name":"wp","href":"https:\/\/api.w.org\/{rel}","templated":true}]}}