{"id":653802,"date":"2026-08-29T13:20:39","date_gmt":"2026-08-29T13:20:39","guid":{"rendered":"https:\/\/www.europesays.com\/pl\/653802\/"},"modified":"2026-08-29T13:20:39","modified_gmt":"2026-08-29T13:20:39","slug":"karol-nawrocki-i-weto-ws-edziennika-blyskawiczna-reakcja-men-wprost","status":"publish","type":"post","link":"https:\/\/www.europesays.com\/pl\/653802\/","title":{"rendered":"Karol Nawrocki i weto ws. eDziennika. B\u0142yskawiczna reakcja MEN \u2013 Wprost"},"content":{"rendered":"\n<p>&#13;<br \/>\nW pi\u0105tek 28 sierpnia Karol Nawrocki podpisa\u0142 cztery ustawy i\u00a0zawetowa\u0142 trzy kolejne. Jedna z\u00a0tych, pod\u00a0kt\u00f3rymi nie\u00a0pojawi\u0142 si\u0119 podpis prezydenta, <a href=\"https:\/\/www.wprost.pl\/kraj\/12426093\/karol-nawrocki-zawetowal-trzy-kolejne-ustawy-cios-w-men.html\" target=\"_blank\" rel=\"nofollow noopener\">dotyczy pa\u0144stwowego eDziennika dla\u00a0szk\u00f3\u0142<\/a>. G\u0142owa pa\u0144stwa podkre\u015bli\u0142a, \u017ce\u00a0sama idea wprowadzania cyfrowych rozwi\u0105za\u0144 w\u00a0postaci eDziennika jest s\u0142uszna, ale\u00a0\u2013 w\u00a0jego ocenie \u2013\u00a0niezrozumia\u0142y jest spos\u00f3b podej\u015bcia MEN do\u00a0realizacji wdro\u017cenia tych rozwi\u0105za\u0144. &#13;\n<\/p>\n<p>Nawrocki zawetowa\u0142 kolejne ustawy. \u201eBezpiecze\u0144stwo musi by\u0107 absolutnym priorytetem\u201d<\/p>\n<p>&#13;<br \/>\nKarol Nawrocki podkre\u015bla\u0142, jak wa\u017cne jest bezpiecze\u0144stwo dzieci. Zaznaczy\u0142, \u017ce\u00a0ustawa przewiduje stworzenie centralnego systemu, zawieraj\u0105cego wra\u017cliwe dane uczni\u00f3w: numery PESEL, zdj\u0119cia, oceny, frekwencj\u0119, a\u00a0tak\u017ce informacje o\u00a0specjalnych potrzebach edukacyjnych. \u2013\u00a0Je\u017celi tworzymy tak ogromn\u0105 baz\u0119 danych, jej bezpiecze\u0144stwo musi by\u0107 absolutnym priorytetem. Tymczasem ustawa nie\u00a0daje wystarczaj\u0105cych gwarancji dotycz\u0105cych zabezpieczenia tych informacji i\u00a0dost\u0119pu do\u00a0nich \u2013\u00a0oceni\u0142 w\u00a0nagraniu opublikowanym na\u00a0portalu X. &#13;\n<\/p>\n<p>&#13;<br \/>\nPrezydent zwr\u00f3ci\u0142 tak\u017ce uwag\u0119 na\u00a0koszty. Jak poda\u0142, budowa systemu ma\u00a0poch\u0142on\u0105\u0107 ponad 200 mln z\u0142. \u2013\u00a0Pa\u0144stwo musi potrafi\u0107 jasno wykaza\u0107, \u017ce\u00a0taki wydatek jest konieczny i\u00a0racjonalny \u2013\u00a0zaznaczy\u0142 Karol Nawrocki. Prezydent podkre\u015bli\u0142, \u017ce\u00a0nie jest przeciwny wprowadzeniu eDziennika, ale\u00a0ustawa musi by\u0107 dobrze przygotowana. \u2013\u00a0Warunki s\u0105 proste: konsultacje z\u00a0nauczycielami i\u00a0ekspertami, realne zabezpieczenie danych dzieci oraz\u00a0rozs\u0105dne i\u00a0przejrzyste koszty \u2013\u00a0wskaza\u0142 Nawrocki. &#13;\n<\/p>\n<p>MEN reaguje na\u00a0weto Karola Nawrockiego. Jest te\u017c komentarz Gawkowskiego<\/p>\n<p>&#13;<br \/>\nDo decyzji prezydenta b\u0142yskawicznie odnios\u0142a si\u0119 Barbara Nowacka. \u201eLobbystyczne weto do\u00a0ustawy o\u00a0bezp\u0142atnym, pa\u0144stwowym e-dzienniku\u201d \u2013\u00a0napisa\u0142a szefowa MEN. &#13;\n<\/p>\n<p>&#13;<br \/>\nG\u0142os w\u00a0sprawie zabra\u0142 te\u017c Krzysztof Gawkowski. \u201ePrezydent zawetowa\u0142 ustaw\u0119 o\u00a0pa\u0144stwowym eDzienniku. To\u00a0jest weto przeciwko cyfryzacji polskiej szko\u0142y i\u00a0bezpiecze\u0144stwu danych naszych dzieci\u201d \u2013\u00a0napisa\u0142 minister cyfryzacji. &#13;\n<\/p>\n<p>&#13;<br \/>\n\u201eDzi\u015b dane uczni\u00f3w, nauczycieli i\u00a0rodzic\u00f3w s\u0105 w\u00a0r\u0119kach prywatnych, zagranicznych dostawc\u00f3w. To\u00a0oni kontroluj\u0105 systemy, pobieraj\u0105 op\u0142aty i\u00a0buduj\u0105 biznes na\u00a0danych polskiej szko\u0142y. Pa\u0144stwo chcia\u0142o wzi\u0105\u0107 za\u00a0te dane odpowiedzialno\u015b\u0107. Prezydent woli odda\u0107 dane dzieci zagranicznym firmom. I\u00a0jeszcze m\u00f3wi, \u017ce\u00a0prywatne firmy lepiej ochroni\u0105 dane dzieci ni\u017c\u00a0pa\u0144stwo, pewnie tak, jak prywatna firma ochroni\u0142a dane medyczne Polak\u00f3w, a\u00a0teraz to\u00a0s\u0142u\u017cby Pa\u0144stwa musz\u0105 po\u00a0tym sprz\u0105ta\u0107\u201d \u2013\u00a0czytamy dalej. &#13;\n<\/p>\n<p>\u201eTo jest prezent dla\u00a0zagranicznego biznesu. Wygra\u0142 lobbing. Przegra\u0142a polska szko\u0142a. Wstyd Prezydencie Nawrocki. I\u00a0g\u0142upota!\u201d \u2013\u00a0oceni\u0142 Gawkowski. <\/p>\n<p>&#13;<br \/>\n   Czytaj te\u017c:<br \/><a href=\"https:\/\/www.wprost.pl\/kraj\/12425682\/nawrocki-i-wydarzenie-w-juracie-wrze-ws-skolima-rodzice-z-apelem.html\" rel=\"follow nofollow noopener\" data-schema=\"WPROST\" data-image=\"https:\/\/img.wprost.pl\/_thumb\/0c\/b5\/7cc846480fb3da67523ab0417975.jpeg\" target=\"_blank\">Koncert Skolima w\u00a0Juracie zostanie odwo\u0142any? Jest apel do\u00a0Nawrockiego. \u201e\u0141ami\u0105 si\u0119 nasze serca\u201d<\/a>   Czytaj te\u017c:<br \/><a href=\"https:\/\/www.wprost.pl\/edukacja\/12424188\/gromy-na-men-przed-nowym-rokiem-szkolnym-wsrod-nauczycieli-wrze.html\" rel=\"follow nofollow noopener\" data-schema=\"WPROST\" data-image=\"https:\/\/img.wprost.pl\/_thumb\/d7\/2d\/0d926a065e0c1275bbe375e9a476.jpeg\" target=\"_blank\">MEN oblewa najwa\u017cniejszy egzamin? Nauczyciele grzmi\u0105. \u201eDom p\u0142onie, a\u00a0kto\u015b odmalowuje \u015bciany\u201d<\/a>&#13;<\/p>\n","protected":false},"excerpt":{"rendered":"&#13; W pi\u0105tek 28 sierpnia Karol Nawrocki podpisa\u0142 cztery ustawy i\u00a0zawetowa\u0142 trzy kolejne. Jedna z\u00a0tych, pod\u00a0kt\u00f3rymi nie\u00a0pojawi\u0142 si\u0119&hellip;\n","protected":false},"author":2,"featured_media":653803,"comment_status":"","ping_status":"","sticky":false,"template":"","format":"standard","meta":{"footnotes":"","_share_on_mastodon":"0"},"categories":[62712],"tags":[11309,3622,127452,690,49,64711,5359,59734,907,43315,10666],"class_list":["post-653802","post","type-post","status-publish","format-standard","has-post-thumbnail","category-karol-nawrocki","tag-barbara-nowacka","tag-edukacja","tag-edziennik","tag-karol-nawrocki","tag-kraj","tag-magdalena-frindt","tag-men","tag-opinie-i-komentarze","tag-polityka","tag-wprost","tag-zycie"],"share_on_mastodon":{"url":"https:\/\/pubeurope.com\/@pl\/117179005414906505","error":""},"_links":{"self":[{"href":"https:\/\/www.europesays.com\/pl\/wp-json\/wp\/v2\/posts\/653802","targetHints":{"allow":["GET"]}}],"collection":[{"href":"https:\/\/www.europesays.com\/pl\/wp-json\/wp\/v2\/posts"}],"about":[{"href":"https:\/\/www.europesays.com\/pl\/wp-json\/wp\/v2\/types\/post"}],"author":[{"embeddable":true,"href":"https:\/\/www.europesays.com\/pl\/wp-json\/wp\/v2\/users\/2"}],"replies":[{"embeddable":true,"href":"https:\/\/www.europesays.com\/pl\/wp-json\/wp\/v2\/comments?post=653802"}],"version-history":[{"count":0,"href":"https:\/\/www.europesays.com\/pl\/wp-json\/wp\/v2\/posts\/653802\/revisions"}],"wp:featuredmedia":[{"embeddable":true,"href":"https:\/\/www.europesays.com\/pl\/wp-json\/wp\/v2\/media\/653803"}],"wp:attachment":[{"href":"https:\/\/www.europesays.com\/pl\/wp-json\/wp\/v2\/media?parent=653802"}],"wp:term":[{"taxonomy":"category","embeddable":true,"href":"https:\/\/www.europesays.com\/pl\/wp-json\/wp\/v2\/categories?post=653802"},{"taxonomy":"post_tag","embeddable":true,"href":"https:\/\/www.europesays.com\/pl\/wp-json\/wp\/v2\/tags?post=653802"}],"curies":[{"name":"wp","href":"https:\/\/api.w.org\/{rel}","templated":true}]}}