{"id":653812,"date":"2026-08-29T13:31:11","date_gmt":"2026-08-29T13:31:11","guid":{"rendered":"https:\/\/www.europesays.com\/pl\/653812\/"},"modified":"2026-08-29T13:31:11","modified_gmt":"2026-08-29T13:31:11","slug":"zaglebie-lubin-pogon-szczecin-gdzie-transmisja-dzisiejszego-starcia","status":"publish","type":"post","link":"https:\/\/www.europesays.com\/pl\/653812\/","title":{"rendered":"Zag\u0142\u0119bie Lubin &#8211; Pogo\u0144 Szczecin. Gdzie transmisja dzisiejszego starcia?"},"content":{"rendered":"<p class=\"wp-block-paragraph\">O\u00a0kolejn\u0105 wygran\u0105 i\u00a0komplet punkt\u00f3w Pogo\u0144 Szczecin zawalczy w\u00a0Lubinie, gdzie dzisiaj, o\u00a0godzinie 20:15, czeka j\u0105\u00a0starcie z\u00a0miejscowym Zag\u0142\u0119biem w\u00a0ramach 6. kolejki PKO BP\u00a0Ekstraklasy. Gdzie b\u0119dzie mo\u017cna obejrze\u0107 rywalizacj\u0119 Portowc\u00f3w z\u00a0Miedziowymi?<\/p>\n<p>Zag\u0142\u0119bie Lubin \u2013 Pogo\u0144 Szczecin. Transmisja meczu:<\/p>\n<p class=\"wp-block-paragraph\">Dzisiejszy mecz b\u0119dzie mo\u017cna obejrze\u0107 zar\u00f3wno w\u00a0telewizji, jak i\u00a0drog\u0105 internetow\u0105. Gdzie dok\u0142adnie?<\/p>\n<p class=\"has-medium-font-size wp-block-paragraph\">Telewizja: Canal+ Sport 3, Canal+ 4K<\/p>\n<p class=\"has-medium-font-size wp-block-paragraph\">Internet: Canal+ Online, Ekstraklasa TV<\/p>\n<p class=\"wp-block-yoast-seo-estimated-reading-time yoast-reading-time__wrapper\">1 minuta<\/p>\n<p class=\"p24-last-updated\">Ostatnia aktualizacja: 29\/08\/2026<\/p>\n<p>Wy\u015bwietle\u0144:  35<\/p>\n<p><img loading=\"lazy\" decoding=\"async\" alt=\"Avatar photo\" src=\"https:\/\/www.europesays.com\/pl\/wp-content\/uploads\/2026\/08\/1788010271_287_411997b8e6057b4340773c01ccc226b2x120.jpg\"  class=\"avatar avatar-120 photo lazyload\" height=\"120\" width=\"120\" style=\"--smush-placeholder-width: 120px; --smush-placeholder-aspect-ratio: 120\/120;\" data-\/>Damian Sosna<\/p>\n<p>Redaktor\/dziennikarz portalu Pogo\u0144 24.info. Kibic Pogoni Szczecin i\u00a0pasjonat pi\u0142ki no\u017cnej.<\/p>\n<p>            \u00a0 <a href=\"https:\/\/pogon24.info\/tag\/zagpog\/\" rel=\"tag nofollow noopener\" target=\"_blank\">#ZAGPOG<\/a>, <a href=\"https:\/\/pogon24.info\/tag\/informacje\/\" rel=\"tag nofollow noopener\" target=\"_blank\">Informacje<\/a>, <a href=\"https:\/\/pogon24.info\/tag\/i-zespol\/\" rel=\"tag nofollow noopener\" target=\"_blank\">Pierwszy zesp\u00f3\u0142<\/a>, <a href=\"https:\/\/pogon24.info\/tag\/pko-bp-ekstraklasa\/\" rel=\"tag nofollow noopener\" target=\"_blank\">PKO BP Ekstraklasa<\/a>, <a href=\"https:\/\/pogon24.info\/tag\/runda-jesienna\/\" rel=\"tag nofollow noopener\" target=\"_blank\">Runda jesienna<\/a>, <a href=\"https:\/\/pogon24.info\/tag\/sezon-2026-2027\/\" rel=\"tag nofollow noopener\" target=\"_blank\">Sezon 2026\/2027<\/a>, <a href=\"https:\/\/pogon24.info\/tag\/transmisja\/\" rel=\"tag nofollow noopener\" target=\"_blank\">Transmisja<\/a>, <a href=\"https:\/\/pogon24.info\/tag\/zapowiedz-meczu\/\" rel=\"tag nofollow noopener\" target=\"_blank\">Zapowied\u017a meczu<\/a><\/p>\n","protected":false},"excerpt":{"rendered":"O\u00a0kolejn\u0105 wygran\u0105 i\u00a0komplet punkt\u00f3w Pogo\u0144 Szczecin zawalczy w\u00a0Lubinie, gdzie dzisiaj, o\u00a0godzinie 20:15, czeka j\u0105\u00a0starcie z\u00a0miejscowym Zag\u0142\u0119biem w\u00a0ramach 6.&hellip;\n","protected":false},"author":2,"featured_media":653813,"comment_status":"","ping_status":"","sticky":false,"template":"","format":"standard","meta":{"footnotes":"","_share_on_mastodon":"0"},"categories":[51611],"tags":[127640,399,82175,2573,42,38,40,39,41,97464,88769,2307,545,88770],"class_list":["post-653812","post","type-post","status-publish","format-standard","has-post-thumbnail","category-szczecin","tag-zagpog","tag-informacje","tag-pierwszy-zespol","tag-pko-bp-ekstraklasa","tag-pl","tag-poland","tag-polish","tag-polska","tag-polski","tag-runda-jesienna","tag-sezon-2026-2027","tag-szczecin","tag-transmisja","tag-zapowiedz-meczu"],"share_on_mastodon":{"url":"https:\/\/pubeurope.com\/@pl\/117179048561502251","error":""},"_links":{"self":[{"href":"https:\/\/www.europesays.com\/pl\/wp-json\/wp\/v2\/posts\/653812","targetHints":{"allow":["GET"]}}],"collection":[{"href":"https:\/\/www.europesays.com\/pl\/wp-json\/wp\/v2\/posts"}],"about":[{"href":"https:\/\/www.europesays.com\/pl\/wp-json\/wp\/v2\/types\/post"}],"author":[{"embeddable":true,"href":"https:\/\/www.europesays.com\/pl\/wp-json\/wp\/v2\/users\/2"}],"replies":[{"embeddable":true,"href":"https:\/\/www.europesays.com\/pl\/wp-json\/wp\/v2\/comments?post=653812"}],"version-history":[{"count":0,"href":"https:\/\/www.europesays.com\/pl\/wp-json\/wp\/v2\/posts\/653812\/revisions"}],"wp:featuredmedia":[{"embeddable":true,"href":"https:\/\/www.europesays.com\/pl\/wp-json\/wp\/v2\/media\/653813"}],"wp:attachment":[{"href":"https:\/\/www.europesays.com\/pl\/wp-json\/wp\/v2\/media?parent=653812"}],"wp:term":[{"taxonomy":"category","embeddable":true,"href":"https:\/\/www.europesays.com\/pl\/wp-json\/wp\/v2\/categories?post=653812"},{"taxonomy":"post_tag","embeddable":true,"href":"https:\/\/www.europesays.com\/pl\/wp-json\/wp\/v2\/tags?post=653812"}],"curies":[{"name":"wp","href":"https:\/\/api.w.org\/{rel}","templated":true}]}}