{"id":653826,"date":"2026-08-29T13:40:26","date_gmt":"2026-08-29T13:40:26","guid":{"rendered":"https:\/\/www.europesays.com\/pl\/653826\/"},"modified":"2026-08-29T13:40:26","modified_gmt":"2026-08-29T13:40:26","slug":"nieoczekiwany-zwrot-w-prognozach-temperatury-szykuje-sie-powazne-tapniecie","status":"publish","type":"post","link":"https:\/\/www.europesays.com\/pl\/653826\/","title":{"rendered":"Nieoczekiwany zwrot w prognozach temperatury. Szykuje si\u0119 powa\u017cne t\u0105pni\u0119cie"},"content":{"rendered":"<p>Du\u017cym zawirowaniom w <a href=\"https:\/\/wiadomosci.onet.pl\/temperatura\" id=\"63eef512-1409-436c-877f-83760114254f\" rel=\"nofollow noopener\" target=\"_blank\">temperaturze<\/a> towarzyszy\u0107 ma regularna w\u0119dr\u00f3wka przez Polsk\u0119 front\u00f3w atmosferycznych, st\u0105d cz\u0119sto b\u0119dzie si\u0119 chmurzy\u0107, pada\u0107 i grzmie\u0107, czasami mocno. Tak jak pisali\u015bmy ju\u017c dzi\u015b rano w Onecie, najwi\u0119cej wody <a href=\"https:\/\/wiadomosci.onet.pl\/pogoda\/moze-spasc-nawet-60-mm-deszczu-nowe-fale-ulew-wtargna-do-polski-pogoda\/12814kp\" id=\"fb783aeb-1e3b-48e1-8108-9f28361729c0\" rel=\"nofollow noopener\" target=\"_blank\">w ci\u0105gu nadchodz\u0105cego tygodnia spadnie na p\u00f3\u0142nocy kraju, zw\u0142aszcza nad morzem.<\/a> Nie wykluczamy tam sum przekraczaj\u0105cych 50 mm. Natomiast na po\u0142udniowym wschodzie uzbiera si\u0119 \u015brednio do 10 mm deszczu.Policzyli\u015bmy, kt\u00f3re miasta najgorzej znosz\u0105 upa\u0142y. Sprawd\u017a nasz ranking.<img class=\"ods-a-photo ods-a-photo--background\" src=\"https:\/\/www.europesays.com\/pl\/wp-content\/uploads\/2026\/08\/1788010822_725_PMkk9lBaHR0cHM6Ly9vY2RuLmV1L3B1bHNjbXMvTURBXy9iYTBhZWM2NzBiOTI0NDA0N2U0NDJjMTg2MmUzMDQwYS5wbmeRlQLNA.jpeg\" height=\"199\" width=\"450\" alt=\"Indeks podatno\u015bci na upa\u0142y\" loading=\"lazy\" fetchpriority=\"low\" decoding=\"async\"\/>Czekaj\u0105 nas bardzo du\u017ce wahania temperatury. Wiemy, gdzie odczujemy je najmocniejMapy anomalii temperatury pokazuj\u0105, \u017ce przez wi\u0119kszo\u015b\u0107 pierwszej po\u0142owy wrze\u015bnia utrzyma si\u0119 w <a href=\"https:\/\/wiadomosci.onet.pl\/polska\" id=\"8af9597d-dfe1-402a-9c81-8581bad2dc47\" rel=\"nofollow noopener\" target=\"_blank\">Polsce<\/a> podzia\u0142 na rze\u015bk\u0105 p\u00f3\u0142noc i cieplejsze po\u0142udnie kraju. Wyr\u00f3wnane warto\u015bci na termometrach zobaczymy prawdopodobnie jeszcze w niedziel\u0119 i poniedzia\u0142ek. W\u00f3wczas s\u0142upki rt\u0119ci wska\u017c\u0105 od 24 do 28 st. C, a na pocz\u0105tku tygodnia na po\u0142udniowym wschodzie nawet 30 st. C. Nast\u0119pnie zr\u00f3\u017cnicowanie zacznie si\u0119 pog\u0142\u0119bia\u0107.<img class=\"ods-a-photo ods-a-photo--background\" src=\"https:\/\/www.europesays.com\/pl\/wp-content\/uploads\/2026\/08\/IV4k9lBaHR0cHM6Ly9vY2RuLmV1L3B1bHNjbXMvTURBXy82NWU5NmY2YTIwYTAxYTQ5YWQ5ODNkZjZlY2IzMjRkYi5wbmeRkwXNB.jpeg\" height=\"665\" width=\"940\" alt=\"Na po\u0142udnie od Polski b\u0119dzie du\u017co cieplej ni\u017c zwykle, natomiast na p\u00f3\u0142noc od naszego kraju znacznie ch\u0142odniej\" loading=\"lazy\" fetchpriority=\"auto\" decoding=\"auto\" url=\"https:\/\/ocdn.eu\/pulscms\/MDA_\/65e96f6a20a01a49ad983df6ecb324db.png\" description=\"Na po\u0142udnie od Polski b\u0119dzie du\u017co cieplej ni\u017c zwykle, natomiast na p\u00f3\u0142noc od naszego kraju znacznie ch\u0142odniej\" author=\"https:\/\/forest-fire.emergency.copernicus.eu\/apps\/effis.longterm.forecasts\/\" source=\"\" link=\"\"\/><\/p>\n<p>https:\/\/forest-fire.emergency.copernicus.eu\/apps\/effis.longterm.forecasts\/<\/p>\n<p>Na po\u0142udnie od Polski b\u0119dzie du\u017co cieplej ni\u017c zwykle, natomiast na p\u00f3\u0142noc od naszego kraju znacznie ch\u0142odniej<\/p>\n<p>Od wtorku, co najmniej do ko\u0144ca tygodnia, od Pomorza po Mazury termometry coraz rzadziej maj\u0105 wzrasta\u0107 powy\u017cej 20 st. C. Niewykluczone, \u017ce pojawi\u0105 si\u0119 pojedyncze dni, gdy odnotujemy tam tylko 17-18 st. C, zw\u0142aszcza nad morzem. Dzi\u0119ki du\u017cemu zachmurzeniu i opadom noce nie zapowiadaj\u0105 si\u0119 jednak szczeg\u00f3lnie zimne i przewa\u017cnie przynios\u0105 mi\u0119dzy 10 a 15 st. C.<\/p>\n<p>Dalszy ci\u0105g artyku\u0142u pod materia\u0142em wideoIm dalej na po\u0142udnie, tym b\u0119dzie cieplej. W centrum i na po\u0142udniu s\u0142upki rt\u0119ci regularnie powinny si\u0119ga\u0107 23-26 st. C, a prognozy nie wykluczaj\u0105, \u017ce czasami z po\u0142udnia dmuchnie na tyle gor\u0105cym powietrzem, \u017ce przez chwil\u0119 zobaczymy jeszcze <a href=\"https:\/\/wiadomosci.onet.pl\/upal\" id=\"7ed989a4-78ad-448c-a0f3-018a94243827\" rel=\"nofollow noopener\" target=\"_blank\">upa\u0142y<\/a> do ok. 30 st. C. Najwi\u0119ksza szansa jest na to w Ma\u0142opolsce i na Podkarpaciu. Nawet w ch\u0142odniejszych okresach wojew\u00f3dztwa po\u0142udniowe zwykle powinny by\u0107 wyra\u017anie cieplejsze ni\u017c Pomorze czy Podlasie.<img class=\"ods-a-photo ods-a-photo--background\" src=\"https:\/\/www.europesays.com\/pl\/wp-content\/uploads\/2026\/08\/uKKk9lBaHR0cHM6Ly9vY2RuLmV1L3B1bHNjbXMvTURBXy8zMThjMDYwODRmMTkyOTY3YWRiYTY3OTgyMDFmNjYzMC5wbmeRkwXNB.jpeg\" height=\"504\" width=\"940\" alt=\"Prognoza temperatury w Polsce w kolejnych dniach\" loading=\"lazy\" fetchpriority=\"auto\" decoding=\"auto\" url=\"https:\/\/ocdn.eu\/pulscms\/MDA_\/318c06084f192967adba6798201f6630.png\" description=\"Prognoza temperatury w Polsce w kolejnych dniach\" author=\"IMGW-PIB METEO POLSKA\" source=\"\" link=\"\"\/><\/p>\n<p>IMGW-PIB METEO POLSKA<\/p>\n<p>Prognoza temperatury w Polsce w kolejnych dniach<\/p>\n<p>Wed\u0142ug obecnych prognoz podobna pogoda mo\u017ce zdominowa\u0107 w tym roku wrzesie\u0144. W ca\u0142ej Polsce powinien on by\u0107 cieplejszy ni\u017c zwykle, niemniej na po\u0142udniu te odchylenia b\u0119d\u0105 wy\u017csze ni\u017c na p\u00f3\u0142nocy. Jednocze\u015bnie to na \u015al\u0105sku, w Ma\u0142opolsce czy na Podkarpaciu spodziewane s\u0105 najwi\u0119ksze niedobory opad\u00f3w. Tymczasem nad morzem czy na Suwalszczy\u017anie wrzesie\u0144 zapowiada si\u0119 wilgotno.<\/p>\n<p><img class=\"ods-a-photo ods-a-photo--background\" src=\"https:\/\/www.europesays.com\/pl\/wp-content\/uploads\/2026\/08\/LTBk9lBaHR0cHM6Ly9vY2RuLmV1L3B1bHNjbXMvTURBXy85MTUxYjNkMmM3ZGM0ZWRiNWVmMTQ4MjcyNjk3ZTI5NC5wbmeRkwXNB.jpeg\" height=\"658\" width=\"940\" alt=\"Na po\u0142udnie od Polski b\u0119dzie du\u017co cieplej ni\u017c zwykle, natomiast na p\u00f3\u0142noc od naszego kraju znacznie ch\u0142odniej\" loading=\"lazy\" fetchpriority=\"auto\" decoding=\"auto\" url=\"https:\/\/ocdn.eu\/pulscms\/MDA_\/9151b3d2c7dc4edb5ef148272697e294.png\" description=\"Na po\u0142udnie od Polski b\u0119dzie du\u017co cieplej ni\u017c zwykle, natomiast na p\u00f3\u0142noc od naszego kraju znacznie ch\u0142odniej\" author=\"wxcharts\" source=\"\" link=\"\"\/><\/p>\n<p>wxcharts<\/p>\n<p>Na po\u0142udnie od Polski b\u0119dzie du\u017co cieplej ni\u017c zwykle, natomiast na p\u00f3\u0142noc od naszego kraju znacznie ch\u0142odniej<\/p>\n","protected":false},"excerpt":{"rendered":"Du\u017cym zawirowaniom w temperaturze towarzyszy\u0107 ma regularna w\u0119dr\u00f3wka przez Polsk\u0119 front\u00f3w atmosferycznych, st\u0105d cz\u0119sto b\u0119dzie si\u0119 chmurzy\u0107, pada\u0107&hellip;\n","protected":false},"author":2,"featured_media":653827,"comment_status":"","ping_status":"","sticky":false,"template":"","format":"standard","meta":{"footnotes":"","_share_on_mastodon":"0"},"categories":[12],"tags":[61195,1715,48,3865,46,42,78,38,40,39,41,47],"class_list":["post-653826","post","type-post","status-publish","format-standard","has-post-thumbnail","category-polska","tag-bottomfeed_styl","tag-lato","tag-nat_styl","tag-ochlodzenie","tag-omp","tag-pl","tag-pogoda","tag-poland","tag-polish","tag-polska","tag-polski","tag-screening_general"],"share_on_mastodon":{"url":"https:\/\/pubeurope.com\/@pl\/117179084958770017","error":""},"_links":{"self":[{"href":"https:\/\/www.europesays.com\/pl\/wp-json\/wp\/v2\/posts\/653826","targetHints":{"allow":["GET"]}}],"collection":[{"href":"https:\/\/www.europesays.com\/pl\/wp-json\/wp\/v2\/posts"}],"about":[{"href":"https:\/\/www.europesays.com\/pl\/wp-json\/wp\/v2\/types\/post"}],"author":[{"embeddable":true,"href":"https:\/\/www.europesays.com\/pl\/wp-json\/wp\/v2\/users\/2"}],"replies":[{"embeddable":true,"href":"https:\/\/www.europesays.com\/pl\/wp-json\/wp\/v2\/comments?post=653826"}],"version-history":[{"count":0,"href":"https:\/\/www.europesays.com\/pl\/wp-json\/wp\/v2\/posts\/653826\/revisions"}],"wp:featuredmedia":[{"embeddable":true,"href":"https:\/\/www.europesays.com\/pl\/wp-json\/wp\/v2\/media\/653827"}],"wp:attachment":[{"href":"https:\/\/www.europesays.com\/pl\/wp-json\/wp\/v2\/media?parent=653826"}],"wp:term":[{"taxonomy":"category","embeddable":true,"href":"https:\/\/www.europesays.com\/pl\/wp-json\/wp\/v2\/categories?post=653826"},{"taxonomy":"post_tag","embeddable":true,"href":"https:\/\/www.europesays.com\/pl\/wp-json\/wp\/v2\/tags?post=653826"}],"curies":[{"name":"wp","href":"https:\/\/api.w.org\/{rel}","templated":true}]}}