{"id":653828,"date":"2026-08-29T13:41:12","date_gmt":"2026-08-29T13:41:12","guid":{"rendered":"https:\/\/www.europesays.com\/pl\/653828\/"},"modified":"2026-08-29T13:41:12","modified_gmt":"2026-08-29T13:41:12","slug":"informator-stolicy-bielany-walcza-z-uciazliwym-odorem-samorzad-interweniuje-w-ministerstwie","status":"publish","type":"post","link":"https:\/\/www.europesays.com\/pl\/653828\/","title":{"rendered":"Informator Stolicy &#8211; Bielany walcz\u0105 z uci\u0105\u017cliwym odorem. Samorz\u0105d interweniuje w ministerstwie"},"content":{"rendered":"<p style=\"text-align:justify\">Podczas rozmowy z Anit\u0105 Sowi\u0144sk\u0105, podsekretarz stanu w MKi\u015a, samorz\u0105dowcy przedstawili skal\u0119 problemu oraz dane dotycz\u0105ce zg\u0142osze\u0144 mieszka\u0144c\u00f3w i pomiar\u00f3w. Szczeg\u00f3lnie uci\u0105\u017cliwo\u015bci maj\u0105 dotyczy\u0107 rejon\u00f3w Radiowa, W\u00f3lki W\u0119glowej, Plac\u00f3wki i M\u0142ocin.<\/p>\n<p style=\"text-align:justify\">Jak przekaza\u0142 burmistrz, w Departamencie Ochrony Powietrza i Negocjacji Klimatycznych trwaj\u0105 prace nad nowymi regulacjami dotycz\u0105cymi uci\u0105\u017cliwo\u015bci zapachowych. Planowane rozwi\u0105zania maj\u0105 u\u0142atwi\u0107 identyfikowanie \u017ar\u00f3de\u0142 odor\u00f3w, ich monitorowanie oraz podejmowanie dzia\u0142a\u0144 naprawczych. W\u0142adze Bielan zadeklarowa\u0142y gotowo\u015b\u0107 do wsp\u00f3\u0142pracy przy dalszych pracach.<\/p>\n<p>Kolejne spotkanie we wrze\u015bniu<\/p>\n<p style=\"text-align:justify\">3 wrze\u015bnia odb\u0119dzie si\u0119 nadzwyczajne posiedzenie Komisji Ochrony \u015arodowiska po\u015bwi\u0119cone problemowi odor\u00f3w na Bielanach. W spotkaniu maj\u0105 uczestniczy\u0107 m.in. przedstawiciele Wojew\u00f3dzkiego Inspektoratu Ochrony \u015arodowiska, Urz\u0119du Marsza\u0142kowskiego oraz firm zajmuj\u0105cych si\u0119 przetwarzaniem odpad\u00f3w.<\/p>\n<p style=\"text-align:justify\">Reprezentacja Dzielnicy zapowiada dalsze dzia\u0142ania na rzecz ograniczenia uci\u0105\u017cliwo\u015bci zapachowych, kt\u00f3re od miesi\u0119cy zg\u0142aszaj\u0105 mieszka\u0144cy.<\/p>\n<p style=\"text-align:justify\">fot. UD Bielany<\/p>\n","protected":false},"excerpt":{"rendered":"Podczas rozmowy z Anit\u0105 Sowi\u0144sk\u0105, podsekretarz stanu w MKi\u015a, samorz\u0105dowcy przedstawili skal\u0119 problemu oraz dane dotycz\u0105ce zg\u0142osze\u0144 mieszka\u0144c\u00f3w&hellip;\n","protected":false},"author":2,"featured_media":653829,"comment_status":"","ping_status":"","sticky":false,"template":"","format":"standard","meta":{"footnotes":"","_share_on_mastodon":"0"},"categories":[51605],"tags":[38847,127642,127488,42,38,40,39,41,591,435],"class_list":["post-653828","post","type-post","status-publish","format-standard","has-post-thumbnail","category-warszawa","tag-bielany","tag-burmistrz-bielan","tag-odor","tag-pl","tag-poland","tag-polish","tag-polska","tag-polski","tag-srodowisko","tag-warszawa"],"share_on_mastodon":{"url":"https:\/\/pubeurope.com\/@pl\/117179087892542131","error":""},"_links":{"self":[{"href":"https:\/\/www.europesays.com\/pl\/wp-json\/wp\/v2\/posts\/653828","targetHints":{"allow":["GET"]}}],"collection":[{"href":"https:\/\/www.europesays.com\/pl\/wp-json\/wp\/v2\/posts"}],"about":[{"href":"https:\/\/www.europesays.com\/pl\/wp-json\/wp\/v2\/types\/post"}],"author":[{"embeddable":true,"href":"https:\/\/www.europesays.com\/pl\/wp-json\/wp\/v2\/users\/2"}],"replies":[{"embeddable":true,"href":"https:\/\/www.europesays.com\/pl\/wp-json\/wp\/v2\/comments?post=653828"}],"version-history":[{"count":0,"href":"https:\/\/www.europesays.com\/pl\/wp-json\/wp\/v2\/posts\/653828\/revisions"}],"wp:featuredmedia":[{"embeddable":true,"href":"https:\/\/www.europesays.com\/pl\/wp-json\/wp\/v2\/media\/653829"}],"wp:attachment":[{"href":"https:\/\/www.europesays.com\/pl\/wp-json\/wp\/v2\/media?parent=653828"}],"wp:term":[{"taxonomy":"category","embeddable":true,"href":"https:\/\/www.europesays.com\/pl\/wp-json\/wp\/v2\/categories?post=653828"},{"taxonomy":"post_tag","embeddable":true,"href":"https:\/\/www.europesays.com\/pl\/wp-json\/wp\/v2\/tags?post=653828"}],"curies":[{"name":"wp","href":"https:\/\/api.w.org\/{rel}","templated":true}]}}