{"id":653844,"date":"2026-08-29T13:49:14","date_gmt":"2026-08-29T13:49:14","guid":{"rendered":"https:\/\/www.europesays.com\/pl\/653844\/"},"modified":"2026-08-29T13:49:14","modified_gmt":"2026-08-29T13:49:14","slug":"odsuniety-od-zespolu-i-bez-pieniedzy-portugalczycy-pisza-o-polaku","status":"publish","type":"post","link":"https:\/\/www.europesays.com\/pl\/653844\/","title":{"rendered":"Odsuni\u0119ty od zespo\u0142u i bez pieni\u0119dzy. Portugalczycy pisz\u0105 o Polaku"},"content":{"rendered":"\n<p class=\"contentpart contentpart--default contentpart--text\" data-position=\"0\">Pod koniec czerwca 2024 r. <a href=\"https:\/\/sportowefakty.wp.pl\/pilka-nozna\/bartlomiej-wdowik\" rel=\"nofollow noopener\" target=\"_blank\">Bart\u0142omiej Wdowik<\/a>\u00a0podpisa\u0142 kontrakt z <a href=\"https:\/\/sportowefakty.wp.pl\/pilka-nozna\/sporting-braga\" rel=\"nofollow noopener\" target=\"_blank\">SC Brag\u0105<\/a>\u00a0na cztery lata. Nie zdo\u0142a\u0142 jednak wywalczy\u0107 sobie miejsca w portugalskim zespole. Zagra\u0142 tylko w jednym meczu, a nast\u0119pnie zosta\u0142 wypo\u017cyczony do <a href=\"https:\/\/sportowefakty.wp.pl\/pilka-nozna\/hannover-96\" rel=\"nofollow noopener\" target=\"_blank\">Hannoveru 96<\/a>.<\/p>\n<p class=\"contentpart contentpart--default contentpart--text\" data-position=\"1\">W kolejnym sezonie wyst\u0119powa\u0142 w\u00a0<a href=\"https:\/\/sportowefakty.wp.pl\/pilka-nozna\/jagiellonia-bialystok\" rel=\"nofollow noopener\" target=\"_blank\">Jagiellonii Bia\u0142ystok<\/a>, tak\u017ce na zasadzie wypo\u017cyczenia. Latem 25-latek wr\u00f3ci\u0142 do Bragi, jednak jego sytuacja nie uleg\u0142a poprawie. Z Portugalii nap\u0142yn\u0119\u0142y niepokoj\u0105ce wie\u015bci.<\/p>\n<p>  <img decoding=\"async\" src=\"https:\/\/v.wpimg.pl\/X3dwLnN2d1IFFTpdYUl6R0ZNbgcnEHQREVV2TGEGbUtRT2MdOlZ2RBQUKABgQjQcDRotCStBd1IAAWMeIlM7VgwYIAorQAdEFFk_GCkQJQ\" alt=\"\" width=\"45\" height=\"58\" loading=\"lazy\"\/>  <\/p>\n<p class=\"contentpart contentpart--default contentpart--text\" data-position=\"2\">ZOBACZ WIDEO: B\u0119dzie bola\u0142o. Ale sami tego chcieli\u015bmy<\/p>\n<p class=\"contentpart contentpart--default contentpart--text\" data-position=\"4\">Dziennik &#8222;Record&#8221; poda\u0142, \u017ce Wdowik &#8211; a tak\u017ce Portugalczyk Joao Marques i Urugwajczyk Thiago Helguera &#8211; zosta\u0142 odsuni\u0119ty od trening\u00f3w z pierwszym zespo\u0142em.<\/p>\n<p class=\"contentpart contentpart--default contentpart--text\" data-position=\"5\">Ale to nie wszystko. &#8222;Record&#8221; informuje o zaleg\u0142o\u015bciach z wyp\u0142atami wobec wspomnianej tr\u00f3jki. Wdowik, Marques i Helguera nie otrzymali lipcowych wynagrodze\u0144. Zwr\u00f3cili si\u0119\u00a0do zwi\u0105zku zawodowego pi\u0142karzy z pro\u015bb\u0105 o pomoc w rozwi\u0105zaniu sprawy.<\/p>\n<p class=\"contentpart contentpart--default contentpart--text\" data-position=\"6\">Wszystko wskazuje wi\u0119c na to, \u017ce jednokrotny reprezentant Polski nie ma przysz\u0142o\u015bci w Bradze i ponownie trafi do innego klubu. W lipcu zainteresowany nim by\u0142 Widzew \u0141\u00f3d\u017a, lecz do porozumienia nie dosz\u0142o.<\/p>\n","protected":false},"excerpt":{"rendered":"Pod koniec czerwca 2024 r. Bart\u0142omiej Wdowik\u00a0podpisa\u0142 kontrakt z SC Brag\u0105\u00a0na cztery lata. Nie zdo\u0142a\u0142 jednak wywalczy\u0107 sobie&hellip;\n","protected":false},"author":2,"featured_media":653845,"comment_status":"","ping_status":"","sticky":false,"template":"","format":"standard","meta":{"footnotes":"","_share_on_mastodon":"0"},"categories":[5],"tags":[19669,32,33,36,37,19668,27,2615,34,35,28,31,25,269,42,38,40,39,41,8563,29,30,26],"class_list":["post-653844","post","type-post","status-publish","format-standard","has-post-thumbnail","category-naglowki","tag-bartlomiej-wdowik","tag-breaking-news","tag-breakingnews","tag-featured-news","tag-featurednews","tag-hannover-96","tag-headlines","tag-jagiellonia-bialystok","tag-latest-news","tag-latestnews","tag-naglowki","tag-najwazniejsze-artykuly","tag-news","tag-pilka-nozna","tag-pl","tag-poland","tag-polish","tag-polska","tag-polski","tag-sc-braga","tag-top-stories","tag-topstories","tag-wiadomosci"],"share_on_mastodon":{"url":"https:\/\/pubeurope.com\/@pl\/117179120360496296","error":""},"_links":{"self":[{"href":"https:\/\/www.europesays.com\/pl\/wp-json\/wp\/v2\/posts\/653844","targetHints":{"allow":["GET"]}}],"collection":[{"href":"https:\/\/www.europesays.com\/pl\/wp-json\/wp\/v2\/posts"}],"about":[{"href":"https:\/\/www.europesays.com\/pl\/wp-json\/wp\/v2\/types\/post"}],"author":[{"embeddable":true,"href":"https:\/\/www.europesays.com\/pl\/wp-json\/wp\/v2\/users\/2"}],"replies":[{"embeddable":true,"href":"https:\/\/www.europesays.com\/pl\/wp-json\/wp\/v2\/comments?post=653844"}],"version-history":[{"count":0,"href":"https:\/\/www.europesays.com\/pl\/wp-json\/wp\/v2\/posts\/653844\/revisions"}],"wp:featuredmedia":[{"embeddable":true,"href":"https:\/\/www.europesays.com\/pl\/wp-json\/wp\/v2\/media\/653845"}],"wp:attachment":[{"href":"https:\/\/www.europesays.com\/pl\/wp-json\/wp\/v2\/media?parent=653844"}],"wp:term":[{"taxonomy":"category","embeddable":true,"href":"https:\/\/www.europesays.com\/pl\/wp-json\/wp\/v2\/categories?post=653844"},{"taxonomy":"post_tag","embeddable":true,"href":"https:\/\/www.europesays.com\/pl\/wp-json\/wp\/v2\/tags?post=653844"}],"curies":[{"name":"wp","href":"https:\/\/api.w.org\/{rel}","templated":true}]}}