{"id":653940,"date":"2026-08-29T14:49:11","date_gmt":"2026-08-29T14:49:11","guid":{"rendered":"https:\/\/www.europesays.com\/pl\/653940\/"},"modified":"2026-08-29T14:49:11","modified_gmt":"2026-08-29T14:49:11","slug":"tusk-ostrzega-przed-rosja-fico-odpowiada-wprost","status":"publish","type":"post","link":"https:\/\/www.europesays.com\/pl\/653940\/","title":{"rendered":"Tusk ostrzega przed Rosj\u0105. Fico odpowiada \u2013 Wprost"},"content":{"rendered":"\n<p>&#13;<br \/>\nDonald Tusk odby\u0142 rozmow\u0119 z\u00a0sekretarzem generalnym NATO Markiem Ruttem. Jak poinformowa\u0142 premier, dotyczy\u0142a ona sytuacji w\u00a0regionie oraz\u00a0na\u00a0froncie ukrai\u0144sko-rosyjskim. \u201eTak jak ostrzega\u0142em, eskalacja ze\u00a0strony Rosji post\u0119puje\u201d \u2013\u00a0napisa\u0142 Donald Tusk w\u00a0serwisie X. &#13;\n<\/p>\n<p>Tusk: Musimy by\u0107 przygotowani na\u00a0r\u00f3\u017cne scenariusze<\/p>\n<p>&#13;<br \/>\nSzef rz\u0105du oceni\u0142, \u017ce\u00a0Ukraina potrzebuje wi\u0119kszego wsparcia w\u00a0zakresie obrony powietrznej. Podkre\u015bli\u0142, \u017ce\u00a0ma to\u00a0bezpo\u015brednie znaczenie r\u00f3wnie\u017c dla\u00a0bezpiecze\u0144stwa Polski, a\u00a0odpowiedzialno\u015b\u0107 za\u00a0udzielenie pomocy spoczywa na\u00a0ca\u0142ej Europie. \u201eNajbli\u017csze p\u00f3\u0142 roku b\u0119dzie rozstrzygaj\u0105ce i\u00a0musimy by\u0107 przygotowani jako Polska i\u00a0NATO na\u00a0r\u00f3\u017cne scenariusze\u201d \u2013\u00a0ostrzeg\u0142 premier. &#13;\n<\/p>\n<p>&#13;<br \/>\nTusk doda\u0142, \u017ce\u00a0nie mo\u017cna wykluczy\u0107 rosyjskiej prowokacji wymierzonej w\u00a0kt\u00f3rego\u015b z\u00a0cz\u0142onk\u00f3w Sojuszu P\u00f3\u0142nocnoatlantyckiego. Nie\u00a0sprecyzowa\u0142, jak\u0105 form\u0119 mog\u0142yby przyj\u0105\u0107 takie dzia\u0142ania. &#13;\n<\/p>\n<p>Fico: Bez Rosji nie\u00a0b\u0119dzie pokoju w\u00a0Europie<\/p>\n<p>&#13;<br \/>\nOdmienne stanowisko przedstawi\u0142 premier S\u0142owacji Robert Fico. Jak cytuje dzisiaj s\u0142owackiego polityka rosyjska pa\u0144stwowa agencja TASS, premier S\u0142owacji m\u00f3wi\u0142 na\u00a0antenie telewizji TA3, \u017ce\u00a0bezpiecze\u0144stwa w\u00a0Europie nie\u00a0mo\u017cna budowa\u0107 bez udzia\u0142u Rosji. \u2013\u00a0Bezpiecze\u0144stwa i\u00a0pokoju w\u00a0Europie nie\u00a0mo\u017cna zapewni\u0107 bez Rosji. Mo\u017cna je\u00a0osi\u0105gn\u0105\u0107 wy\u0142\u0105cznie z\u00a0Rosj\u0105 \u2013\u00a0powiedzia\u0142 Fico. &#13;\n<\/p>\n<p>&#13;<br \/>\nS\u0142owacki premier zaznaczy\u0142, \u017ce\u00a0\u201eRosj\u0119 nale\u017cy krytykowa\u0107, gdy pope\u0142nia b\u0142\u0119dy, ale\u00a0nie powinno si\u0119 jej demonizowa\u0107 ani wypycha\u0107 z\u00a0Europy\u201d. Jego zdaniem zachodnie pa\u0144stwa musz\u0105 zaakceptowa\u0107 Rosj\u0119 jako r\u00f3wnorz\u0119dnego partnera. &#13;\n<\/p>\n<p>&#13;<br \/>\nFico przekonywa\u0142 r\u00f3wnie\u017c, \u017ce\u00a0Unia Europejska jest projektem pokojowym, a\u00a0nie narz\u0119dziem walki z\u00a0Rosj\u0105. Oceni\u0142, \u017ce\u00a0Wsp\u00f3lnocie potrzeba obecnie wi\u0119cej dyplomacji i\u00a0plan\u00f3w wspieraj\u0105cych gospodark\u0119, a\u00a0nie kolejnych dostaw uzbrojenia. &#13;\n<\/p>\n<p>Rosja mo\u017ce przygotowywa\u0107 eskalacj\u0119<\/p>\n<p>&#13;<br \/>\nTusk m\u00f3wi\u0142 o\u00a0rosn\u0105cym zagro\u017ceniu ze\u00a0strony Rosji r\u00f3wnie\u017c podczas <a href=\"https:\/\/www.wprost.pl\/kraj\/12426990\/campus-polska-donald-tusk-o-pit-0-dla-mlodych-rzad-nie-rozszerzy-ulgi.html\" title=\"Tusk powiedzia\u0142 to\u00a0m\u0142odym wprost. Zamiast gwizd\u00f3w otrzyma\u0142 owacj\u0119\" target=\"_blank\" rel=\"nofollow noopener\">Campusu Polska Przysz\u0142o\u015bci<\/a>. Przekonywa\u0142, \u017ce\u00a0Moskwa mo\u017ce szykowa\u0107 si\u0119 do\u00a0zwi\u0119kszenia napi\u0119cia zar\u00f3wno na\u00a0froncie w\u00a0Ukrainie, jak i\u00a0w\u00a0ca\u0142ym regionie. &#13;\n<\/p>\n<p>&#13;<br \/>\nWed\u0142ug informacji przywo\u0142anych przez premiera Rosja mo\u017ce planowa\u0107 mobilizacj\u0119 nawet 600 tys. \u017co\u0142nierzy. \u201eNajbli\u017csze p\u00f3\u0142 roku b\u0119dzie rozstrzygaj\u0105ce i\u00a0musimy by\u0107 przygotowani jako Polska i\u00a0NATO na\u00a0r\u00f3\u017cne scenariusze\u201d \u2013\u00a0oceni\u0142 Donald Tusk. &#13;\n<\/p>\n<p>Szef CIA polecia\u0142 do\u00a0Moskwy<\/p>\n<p>&#13;<br \/>\nWpis i\u00a0wypowiedzi polityk\u00f3w pojawi\u0142y si\u0119 kilka dni po\u00a0niespodziewanej wizycie dyrektora CIA Johna Ratcliffe\u2019a w\u00a0Moskwie. Wed\u0142ug \u201eThe Wall Street Journal\u201d szef ameryka\u0144skiego wywiadu mia\u0142 przestrzec Rosj\u0119 przed atakiem na\u00a0pa\u0144stwo NATO. &#13;\n<\/p>\n<p>&#13;<br \/>\n\u0179r\u00f3d\u0142a Reutersa potwierdzi\u0142y, \u017ce\u00a0podczas rozm\u00f3w poruszono mo\u017cliwo\u015b\u0107 rosyjskich dzia\u0142a\u0144 przeciwko cz\u0142onkom Sojuszu. Szczeg\u00f3lne obawy dotycz\u0105 Estonii, \u0141otwy i\u00a0Litwy. &#13;\n<\/p>\n<p>&#13;<br \/>\nPrezydent USA Donald Trump umniejsza\u0142 jednak znaczenie wizyty i\u00a0zapewnia\u0142, \u017ce\u00a0W\u0142adimir Putin nie\u00a0zaatakuje terytorium NATO. Kreml r\u00f3wnie\u017c odrzuci\u0142 doniesienia o\u00a0mo\u017cliwej agresji. &#13;\n<\/p>\n<p>&#13;<br \/>\n   Czytaj te\u017c:<br \/><a href=\"https:\/\/www.wprost.pl\/kraj\/12427020\/tusk-zapowiada-ruch-w-sprawie-tk-ostra-reakcja-palacu-prezydenckiego.html\" rel=\"follow nofollow noopener\" data-schema=\"WPROST\" data-image=\"https:\/\/img.wprost.pl\/_thumb\/d9\/8f\/924f2433bb46624bda948d1935e5.jpeg\" target=\"_blank\">Rewolucja w\u00a0TK ju\u017c pewna. Zapowied\u017a Tuska rozsierdzi\u0142a Pa\u0142ac Prezydencki<\/a>   Czytaj te\u017c:<br \/><a href=\"https:\/\/www.wprost.pl\/kraj\/12426300\/polska-nie-chce-glowic-nuklearnych-burza-po-slowach-wiceszefa-mon.html\" rel=\"follow nofollow noopener\" data-schema=\"WPROST\" data-image=\"https:\/\/img.wprost.pl\/_thumb\/a3\/48\/7cacbb3e1f0630c90e139c6xxa52.jpeg\" target=\"_blank\">Kosiniak-Kamysz wyci\u0105gnie konsekwencje wobec wiceszefa MON? Przydacz: Kuriozalna wypowied\u017a<\/a>&#13;<\/p>\n","protected":false},"excerpt":{"rendered":"&#13; Donald Tusk odby\u0142 rozmow\u0119 z\u00a0sekretarzem generalnym NATO Markiem Ruttem. Jak poinformowa\u0142 premier, dotyczy\u0142a ona sytuacji w\u00a0regionie oraz\u00a0na\u00a0froncie&hellip;\n","protected":false},"author":2,"featured_media":653941,"comment_status":"","ping_status":"","sticky":false,"template":"","format":"standard","meta":{"footnotes":"","_share_on_mastodon":"0"},"categories":[62713],"tags":[14131,1345,2364,49,843,75,41745,160,907,10588,87,596,80,415,71,43315],"class_list":["post-653940","post","type-post","status-publish","format-standard","has-post-thumbnail","category-donald-tusk","tag-cia","tag-donald-tusk","tag-estonia","tag-kraj","tag-litwa","tag-lotwa","tag-mark-rutte","tag-nato","tag-polityka","tag-robert-fico","tag-rosja","tag-slowacja","tag-swiat","tag-ukraina","tag-usa","tag-wprost"],"share_on_mastodon":{"url":"https:\/\/pubeurope.com\/@pl\/117179355381868454","error":""},"_links":{"self":[{"href":"https:\/\/www.europesays.com\/pl\/wp-json\/wp\/v2\/posts\/653940","targetHints":{"allow":["GET"]}}],"collection":[{"href":"https:\/\/www.europesays.com\/pl\/wp-json\/wp\/v2\/posts"}],"about":[{"href":"https:\/\/www.europesays.com\/pl\/wp-json\/wp\/v2\/types\/post"}],"author":[{"embeddable":true,"href":"https:\/\/www.europesays.com\/pl\/wp-json\/wp\/v2\/users\/2"}],"replies":[{"embeddable":true,"href":"https:\/\/www.europesays.com\/pl\/wp-json\/wp\/v2\/comments?post=653940"}],"version-history":[{"count":0,"href":"https:\/\/www.europesays.com\/pl\/wp-json\/wp\/v2\/posts\/653940\/revisions"}],"wp:featuredmedia":[{"embeddable":true,"href":"https:\/\/www.europesays.com\/pl\/wp-json\/wp\/v2\/media\/653941"}],"wp:attachment":[{"href":"https:\/\/www.europesays.com\/pl\/wp-json\/wp\/v2\/media?parent=653940"}],"wp:term":[{"taxonomy":"category","embeddable":true,"href":"https:\/\/www.europesays.com\/pl\/wp-json\/wp\/v2\/categories?post=653940"},{"taxonomy":"post_tag","embeddable":true,"href":"https:\/\/www.europesays.com\/pl\/wp-json\/wp\/v2\/tags?post=653940"}],"curies":[{"name":"wp","href":"https:\/\/api.w.org\/{rel}","templated":true}]}}