{"id":653944,"date":"2026-08-29T14:51:17","date_gmt":"2026-08-29T14:51:17","guid":{"rendered":"https:\/\/www.europesays.com\/pl\/653944\/"},"modified":"2026-08-29T14:51:17","modified_gmt":"2026-08-29T14:51:17","slug":"siec-dino-planuje-budowe-kolejnego-marketu-w-powiecie-jasielskim","status":"publish","type":"post","link":"https:\/\/www.europesays.com\/pl\/653944\/","title":{"rendered":"Sie\u0107\u00a0Dino planuje budow\u0119\u00a0kolejnego marketu w powiecie jasielskim"},"content":{"rendered":"<p class=\"wp-block-paragraph\">Sie\u0107 sklep\u00f3w Dino nie zwalnia tempa. Jak uda\u0142o nam si\u0119 nieoficjalnie dowiedzie\u0107, w naszym powiecie powstanie kolejny market pod tym szyldem. Tym razem inwestycja jest planowana w Trzcinicy. <\/p>\n<p class=\"wp-block-paragraph\">Gdzie dok\u0142adnie mia\u0142by powsta\u0107 nowy budynek? Inwestor wybra\u0142 niezwykle dogodn\u0105 lokalizacj\u0119. Z naszych informacji wynika, \u017ce market stanie bezpo\u015brednio przy drodze krajowej. Sklep ma by\u0107 zbudowany tu\u017c przy skr\u0119cie z DK 28 w kierunku centrum Trzcinicy, miejscowego ko\u015bcio\u0142a oraz cmentarza.<\/p>\n<p><img loading=\"lazy\" data-lazyloaded=\"1\" decoding=\"async\" width=\"1024\" height=\"654\" src=\"https:\/\/www.europesays.com\/pl\/wp-content\/uploads\/2026\/08\/dino-trzcinica-1024x654.jpg\" alt=\"\" class=\"wp-image-31396\"\/><\/p>\n<p class=\"wp-block-paragraph\">\u2013 Dino to og\u00f3lnopolska sie\u0107 oraz wiod\u0105cy gracz w perspektywicznym i rosn\u0105cym segmencie \u015bredniej wielko\u015bci supermarket\u00f3w zlokalizowanych w pobli\u017cu miejsc zamieszkania klient\u00f3w. Dino to tak\u017ce jedna z najszybciej rosn\u0105cych sieci, pod wzgl\u0119dem liczby sklep\u00f3w i warto\u015bci sprzeda\u017cy, na ca\u0142ym rynku handlu detalicznego artyku\u0142ami spo\u017cywczymi w Polsce \u2013 czytamy na stronie sieci sklep\u00f3w Dino.<\/p>\n<p class=\"wp-block-paragraph\">Obecnie inwestycja jest na etapie procedowania pozwolenia na budow\u0119. Je\u015bli obiekt powstanie b\u0119dzie drugim sklepem DINO w naszym powiecie. Pierwszy znajduje si\u0119 przy ulicy 17-go Stycznia w Ja\u015ble.<\/p>\n<p>\u00a9 Materia\u0142 chroniony prawem autorskim &#8211; wszelkie prawa zastrze\u017cone. Dalsze rozpowszechnianie artyku\u0142u za zgod\u0105 wydawcy.<\/p>\n","protected":false},"excerpt":{"rendered":"Sie\u0107 sklep\u00f3w Dino nie zwalnia tempa. Jak uda\u0142o nam si\u0119 nieoficjalnie dowiedzie\u0107, w naszym powiecie powstanie kolejny market&hellip;\n","protected":false},"author":2,"featured_media":653945,"comment_status":"","ping_status":"","sticky":false,"template":"","format":"standard","meta":{"footnotes":"","_share_on_mastodon":"0"},"categories":[52249],"tags":[857,41997,42,38,40,39,41],"class_list":["post-653944","post","type-post","status-publish","format-standard","has-post-thumbnail","category-dino-polska","tag-dino","tag-dino-polska","tag-pl","tag-poland","tag-polish","tag-polska","tag-polski"],"share_on_mastodon":{"url":"https:\/\/pubeurope.com\/@pl\/117179364175485539","error":""},"_links":{"self":[{"href":"https:\/\/www.europesays.com\/pl\/wp-json\/wp\/v2\/posts\/653944","targetHints":{"allow":["GET"]}}],"collection":[{"href":"https:\/\/www.europesays.com\/pl\/wp-json\/wp\/v2\/posts"}],"about":[{"href":"https:\/\/www.europesays.com\/pl\/wp-json\/wp\/v2\/types\/post"}],"author":[{"embeddable":true,"href":"https:\/\/www.europesays.com\/pl\/wp-json\/wp\/v2\/users\/2"}],"replies":[{"embeddable":true,"href":"https:\/\/www.europesays.com\/pl\/wp-json\/wp\/v2\/comments?post=653944"}],"version-history":[{"count":0,"href":"https:\/\/www.europesays.com\/pl\/wp-json\/wp\/v2\/posts\/653944\/revisions"}],"wp:featuredmedia":[{"embeddable":true,"href":"https:\/\/www.europesays.com\/pl\/wp-json\/wp\/v2\/media\/653945"}],"wp:attachment":[{"href":"https:\/\/www.europesays.com\/pl\/wp-json\/wp\/v2\/media?parent=653944"}],"wp:term":[{"taxonomy":"category","embeddable":true,"href":"https:\/\/www.europesays.com\/pl\/wp-json\/wp\/v2\/categories?post=653944"},{"taxonomy":"post_tag","embeddable":true,"href":"https:\/\/www.europesays.com\/pl\/wp-json\/wp\/v2\/tags?post=653944"}],"curies":[{"name":"wp","href":"https:\/\/api.w.org\/{rel}","templated":true}]}}