{"id":653992,"date":"2026-08-29T15:19:27","date_gmt":"2026-08-29T15:19:27","guid":{"rendered":"https:\/\/www.europesays.com\/pl\/653992\/"},"modified":"2026-08-29T15:19:27","modified_gmt":"2026-08-29T15:19:27","slug":"dino-cazares-fear-factory-zawsze-wyprzedzalo-przyszlosc-teraz-ai-jest-wszedzie","status":"publish","type":"post","link":"https:\/\/www.europesays.com\/pl\/653992\/","title":{"rendered":"Dino Cazares: Fear Factory zawsze wyprzedza\u0142o przysz\u0142o\u015b\u0107. Teraz AI jest wsz\u0119dzie"},"content":{"rendered":"<p>Uda\u0142o nam si\u0119 z\u0142apa\u0107 na kr\u00f3tk\u0105 rozmow\u0119 z Dino Cazaresem na kilka dni przed koncertami Fear Factory w Polsce. Gitarzysta zespo\u0142u opowiedzia\u0142 nam o nowej erze Fear Factory, nadchodz\u0105cym singlu \u201eRoboticist\u201d, nowym wokali\u015bcie Milo Silvestro oraz fascynacji technologi\u0105 i sztuczn\u0105 inteligencj\u0105, kt\u00f3ra od lat jest jednym z najwa\u017cniejszych temat\u00f3w tw\u00f3rczo\u015bci grupy. Dino wspomnia\u0142 r\u00f3wnie\u017c o charakterystycznym brzmieniu swoich gitar, muzycznych inspiracjach oraz prze\u0142omowej przygodzie z soundtrackiem do \u201eMortal Kombat\u201d.<\/p>\n","protected":false},"excerpt":{"rendered":"Uda\u0142o nam si\u0119 z\u0142apa\u0107 na kr\u00f3tk\u0105 rozmow\u0119 z Dino Cazaresem na kilka dni przed koncertami Fear Factory w&hellip;\n","protected":false},"author":2,"featured_media":653993,"comment_status":"","ping_status":"","sticky":false,"template":"","format":"standard","meta":{"footnotes":"","_share_on_mastodon":"0"},"categories":[52249],"tags":[857,41997,42,38,40,39,41],"class_list":["post-653992","post","type-post","status-publish","format-standard","has-post-thumbnail","category-dino-polska","tag-dino","tag-dino-polska","tag-pl","tag-poland","tag-polish","tag-polska","tag-polski"],"share_on_mastodon":{"url":"https:\/\/pubeurope.com\/@pl\/117179473363100880","error":""},"_links":{"self":[{"href":"https:\/\/www.europesays.com\/pl\/wp-json\/wp\/v2\/posts\/653992","targetHints":{"allow":["GET"]}}],"collection":[{"href":"https:\/\/www.europesays.com\/pl\/wp-json\/wp\/v2\/posts"}],"about":[{"href":"https:\/\/www.europesays.com\/pl\/wp-json\/wp\/v2\/types\/post"}],"author":[{"embeddable":true,"href":"https:\/\/www.europesays.com\/pl\/wp-json\/wp\/v2\/users\/2"}],"replies":[{"embeddable":true,"href":"https:\/\/www.europesays.com\/pl\/wp-json\/wp\/v2\/comments?post=653992"}],"version-history":[{"count":0,"href":"https:\/\/www.europesays.com\/pl\/wp-json\/wp\/v2\/posts\/653992\/revisions"}],"wp:featuredmedia":[{"embeddable":true,"href":"https:\/\/www.europesays.com\/pl\/wp-json\/wp\/v2\/media\/653993"}],"wp:attachment":[{"href":"https:\/\/www.europesays.com\/pl\/wp-json\/wp\/v2\/media?parent=653992"}],"wp:term":[{"taxonomy":"category","embeddable":true,"href":"https:\/\/www.europesays.com\/pl\/wp-json\/wp\/v2\/categories?post=653992"},{"taxonomy":"post_tag","embeddable":true,"href":"https:\/\/www.europesays.com\/pl\/wp-json\/wp\/v2\/tags?post=653992"}],"curies":[{"name":"wp","href":"https:\/\/api.w.org\/{rel}","templated":true}]}}