{"id":654010,"date":"2026-08-29T15:33:45","date_gmt":"2026-08-29T15:33:45","guid":{"rendered":"https:\/\/www.europesays.com\/pl\/654010\/"},"modified":"2026-08-29T15:33:45","modified_gmt":"2026-08-29T15:33:45","slug":"piestiwal-wraca-do-wroclaw-fashion-outlet-przed-nami-najbardziej-merdajacy-weekend-sezonu","status":"publish","type":"post","link":"https:\/\/www.europesays.com\/pl\/654010\/","title":{"rendered":"Piestiwal wraca do Wroc\u0142aw Fashion Outlet! Przed nami najbardziej merdaj\u0105cy weekend sezonu"},"content":{"rendered":"<p style=\"text-align: null;\">Kluczowym elementem Piestiwalu we Wroc\u0142aw Fashion Outlet jest akcja #KarmaWraca prowadzona na rzecz Wroc\u0142awskiego Schroniska dla Bezdomnych Zwierz\u0105t. Za ka\u017cde publicznie opublikowane zdj\u0119cie oznaczone hashtagami #karmawraca i #wroclawfashionoutlet centrum przeka\u017ce schronisku 1 kg wysokiej jako\u015bci karmy. To prosty spos\u00f3b, by podczas wydarzenia po\u0142\u0105czy\u0107 dobr\u0105 zabaw\u0119 z realnym wsparciem dla bezdomnych zwierz\u0105t.<\/p>\n<p style=\"text-align: null;\">Jednym z g\u0142\u00f3wnych punkt\u00f3w wydarzenia b\u0119d\u0105 spotkania z autorkami i autorami znanych profili po\u015bwi\u0119conych codzienno\u015bci z psem. To okazja do wymiany do\u015bwiadcze\u0144, zadania pyta\u0144 i poznania historii stoj\u0105cych za popularnymi kontami w mediach spo\u0142eczno\u015bciowych.<\/p>\n<p>    Wi\u0119cej z Twojej okolicy<a class=\"componentsRecommendationsSingleArticle__link\" href=\"https:\/\/naszemiasto.pl\/pies-z-obwodnicy-walbrzycha-trafil-do-schroniska-na-beethovena-byl-mocno-wystraszony-ale-odnalezli-go-wlasciciele\/ar\/c1p2-29296267\" data-ec=\"componentsRecommendationsSingleArticle\" data-event-position-el=\"link\" data-ecp=\"url=https:\/\/naszemiasto.pl\/pies-z-obwodnicy-walbrzycha-trafil-do-schroniska-na-beethovena-byl-mocno-wystraszony-ale-odnalezli-go-wlasciciele\/ar\/c1p2-29296267,title=Pies z obwodnicy Wa&#x142;brzycha trafi&#x142; do schroniska. Odnale&#x17A;li go w&#x142;a&#x15B;ciciele\" rel=\"nofollow noopener\" target=\"_blank\"><img decoding=\"async\" class=\"componentsRecommendationsSingleArticle__tileImg\" loading=\"lazy\" src=\"https:\/\/www.europesays.com\/pl\/wp-content\/uploads\/2026\/08\/26082611c2_974754751_small.jpg\" data-image-type=\"articles\" alt=\"Pies z obwodnicy Wa&#x142;brzycha trafi&#x142; do schroniska. Odnale&#x17A;li go w&#x142;a&#x15B;ciciele\"\/>Pies z obwodnicy Wa\u0142brzycha trafi\u0142 do schroniska. Odnale\u017ali go w\u0142a\u015bciciele<\/p>\n<p class=\"componentsRecommendationsSingleArticle__lead\">Policjantki z wa\u0142brzyskiej drog\u00f3wki okaza\u0142y du\u017co serca i uratowa\u0142y psa b\u0142\u0105kaj\u0105cego si\u0119 po obwodnicy Wa\u0142brzycha. Zwierz\u0119 by\u0142o w \u015bmiertelnym niebezpiecze\u0144stwie, ale i stwarza\u0142o zagro\u017cenie dla kierowc\u00f3w &#8230;<\/p>\n<p><img decoding=\"async\" class=\"atomsPartialImageAvatar atomsPartialImageAvatar--textSubtle\" data-event-position-context=\"atomsPartialImageAvatar\" alt=\"Adrianna Szurman\" width=\"24\" height=\"24\" src=\"https:\/\/www.europesays.com\/pl\/wp-content\/uploads\/2026\/08\/6759bea595167_icon.jpg\" loading=\"lazy\"\/>Adrianna Szurman<\/a><\/p>\n<p style=\"text-align: null;\">17:00: Paulina z profilu @zmienna.aura podzieli si\u0119 do\u015bwiadczeniami z opieki nad adoptowanym, reaktywnym border collie. Ze wzgl\u0119du na dobrostan i komfort psa, Aura nie b\u0119dzie obecna na miejscu.<\/p>\n<p style=\"text-align: null;\">18:00: Spotkanie z tw\u00f3rczyni\u0105 profilu @piesek.chalka.<\/p>\n<p style=\"text-align: null;\">17:00: Panel ze znanym duetem @dinkalife_<\/p>\n<p style=\"text-align: null;\">18:00: Rozmowa z autork\u0105 kana\u0142u @pan_hektor.<\/p>\n<p style=\"text-align: null;\">Psie sprawunki i profesjonalne porady: Strefa pop-up oraz Beauty<\/p>\n<p style=\"text-align: null;\">Przez ca\u0142\u0105 sobot\u0119 i niedziel\u0119 (09:00-21:00) odwiedzaj\u0105cy b\u0119d\u0105 mogli pozna\u0107 ofert\u0119 wyselekcjonowanych marek w ramach stref pop-up.<\/p>\n<p style=\"text-align: null;\">Woofland zaprezentuje dopracowane akcesoria dla ps\u00f3w. Husse zaoferuje karmy klasy super premium. SOIL poka\u017ce autorsk\u0105 ceramik\u0119 ozdobion\u0105 psimi motywami.<\/p>\n<p style=\"text-align: null;\">Opiekunowie dbaj\u0105cy o sier\u015b\u0107 i sk\u00f3r\u0119 swoich pupili dostan\u0105 tak\u017ce przestrze\u0144 do konsultacji. W godzinach 10:00-18:00 dzia\u0142a\u0107 b\u0119dzie Strefa Beauty stworzona we wsp\u00f3\u0142pracy z salonem Strefa Psa. Na miejscu b\u0119dzie mo\u017cna skonsultowa\u0107 dob\u00f3r kosmetyk\u00f3w, sprawdzi\u0107 produkty oraz skorzysta\u0107 z drobnych zabieg\u00f3w piel\u0119gnacyjnych dla czworonog\u00f3w.<\/p>\n<p style=\"text-align: null;\">Modowy charakter miejsca znajdzie swoje odzwierciedlenie w atrakcjach przygotowanych dla go\u015bci i ich zwierz\u0105t.<\/p>\n<p style=\"text-align: null;\">Fotografka Monika Jakimiuk (@jakimiuk.art) wykona bezp\u0142atne, profesjonalne zdj\u0119cia pupilom.<\/p>\n<p style=\"text-align: null;\">Nasz fotograf b\u0119dzie szuka\u0107 najbardziej zgranych i stylowych par \u2013 opiekuna i psa. Wybrane duety zostan\u0105 nagrodzone kartami podarunkowymi do Wroc\u0142aw Fashion Outlet, a ich zdj\u0119cia trafi\u0105 do kana\u0142\u00f3w spo\u0142eczno\u015bciowych centrum.<\/p>\n<p>      Zakupy z upominkiem podczas niedzieli handlowej<\/p>\n<p style=\"text-align: null;\">Fina\u0142 Piestiwalu zbiega si\u0119 z niedziel\u0105 handlow\u0105 (30 sierpnia). Dla kupuj\u0105cych przygotowano akcj\u0119 promocyjn\u0105: zakupy o \u0142\u0105cznej warto\u015bci minimum 750 z\u0142 (w tym co najmniej jeden paragon w ramach Fashion Club) uprawniaj\u0105 do odbioru r\u0119cznie robionego kubka z psim motywem od pracowni SOIL.<\/p>\n<p style=\"text-align: null;\">Nagrody wydawane s\u0105 w Punkcie Informacyjnym po weryfikacji dowod\u00f3w zakupu oraz aplikacji lub karty klubowej. Akcja trwa do wyczerpania zapas\u00f3w.<\/p>\n<p style=\"text-align: null;\">Wroc\u0142aw Fashion Outlet serdecznie zaprasza do udzia\u0142u w Piestiwalu ju\u017c 29 i 30 sierpnia! Szczeg\u00f3ly i regulamin akcji #KarmaWraca dost\u0119pne s\u0105 na oficjalnej stronie Wroc\u0142aw Fashion Outlet.<\/p>\n","protected":false},"excerpt":{"rendered":"Kluczowym elementem Piestiwalu we Wroc\u0142aw Fashion Outlet jest akcja #KarmaWraca prowadzona na rzecz Wroc\u0142awskiego Schroniska dla Bezdomnych Zwierz\u0105t.&hellip;\n","protected":false},"author":2,"featured_media":654011,"comment_status":"","ping_status":"","sticky":false,"template":"","format":"standard","meta":{"footnotes":"","_share_on_mastodon":"0"},"categories":[51607],"tags":[6183,127654,42,38,40,39,41,127652,1853,127653],"class_list":["post-654010","post","type-post","status-publish","format-standard","has-post-thumbnail","category-wroclaw","tag-pies","tag-piestiwal","tag-pl","tag-poland","tag-polish","tag-polska","tag-polski","tag-stylowe-duo","tag-wroclaw","tag-wroclaw-fashion-outlet"],"share_on_mastodon":{"url":"https:\/\/pubeurope.com\/@pl\/117179528873383795","error":""},"_links":{"self":[{"href":"https:\/\/www.europesays.com\/pl\/wp-json\/wp\/v2\/posts\/654010","targetHints":{"allow":["GET"]}}],"collection":[{"href":"https:\/\/www.europesays.com\/pl\/wp-json\/wp\/v2\/posts"}],"about":[{"href":"https:\/\/www.europesays.com\/pl\/wp-json\/wp\/v2\/types\/post"}],"author":[{"embeddable":true,"href":"https:\/\/www.europesays.com\/pl\/wp-json\/wp\/v2\/users\/2"}],"replies":[{"embeddable":true,"href":"https:\/\/www.europesays.com\/pl\/wp-json\/wp\/v2\/comments?post=654010"}],"version-history":[{"count":0,"href":"https:\/\/www.europesays.com\/pl\/wp-json\/wp\/v2\/posts\/654010\/revisions"}],"wp:featuredmedia":[{"embeddable":true,"href":"https:\/\/www.europesays.com\/pl\/wp-json\/wp\/v2\/media\/654011"}],"wp:attachment":[{"href":"https:\/\/www.europesays.com\/pl\/wp-json\/wp\/v2\/media?parent=654010"}],"wp:term":[{"taxonomy":"category","embeddable":true,"href":"https:\/\/www.europesays.com\/pl\/wp-json\/wp\/v2\/categories?post=654010"},{"taxonomy":"post_tag","embeddable":true,"href":"https:\/\/www.europesays.com\/pl\/wp-json\/wp\/v2\/tags?post=654010"}],"curies":[{"name":"wp","href":"https:\/\/api.w.org\/{rel}","templated":true}]}}