{"id":654028,"date":"2026-08-29T15:43:14","date_gmt":"2026-08-29T15:43:14","guid":{"rendered":"https:\/\/www.europesays.com\/pl\/654028\/"},"modified":"2026-08-29T15:43:14","modified_gmt":"2026-08-29T15:43:14","slug":"pellet-drozeje-ile-trzeba-zaplacic-za-tone-w-skladach-opalu-na-podhalu","status":"publish","type":"post","link":"https:\/\/www.europesays.com\/pl\/654028\/","title":{"rendered":"Pellet dro\u017ceje. Ile trzeba zap\u0142aci\u0107 za ton\u0119 w sk\u0142adach opa\u0142u na Podhalu?"},"content":{"rendered":"<p style=\"font-weight:bold;font-size:18px;text-align:justify\">Sezon grzewczy jeszcze si\u0119 nie rozpocz\u0105\u0142, a ceny pelletu ju\u017c rosn\u0105. Sprawdzili\u015bmy ile w wybranych sk\u0142adach opa\u0142u na Podhalu, kosztuje tona popularnego paliwa opa\u0142owego. R\u00f3\u017cnice mi\u0119dzy poszczeg\u00f3lnymi miejscami si\u0119gaj\u0105 kilkuset z\u0142otych.<\/p>\n<p>Ceny r\u00f3\u017cni\u0105 si\u0119 w zale\u017cno\u015bci od producenta, rodzaju surowc\u00f3w, a tak\u017ce konkretnego sprzedawcy. Ka\u017cda z firm przyjmuje inn\u0105 polityk\u0119 &#8211; niekt\u00f3re sprzedaj\u0105 paliwo opa\u0142owe w kilkunastokilogramowych workach, inne w paletach, kt\u00f3re nie zawsze wa\u017c\u0105 ton\u0119. Pytali\u015bmy wi\u0119c o cen\u0119 tony pelletu. <\/p>\n<p>W wybranym sk\u0142adzie opa\u0142u w Poroninie tona pelletu kosztuje obecnie 2300 z\u0142. W Nowym Targu za tak\u0105 sam\u0105 ilo\u015b\u0107 trzeba zap\u0142aci\u0107 2480 z\u0142. W Pieni\u0105\u017ckowicach cena za ton\u0119 popularnego paliwa opa\u0142owego wynosi 2200 z\u0142, natomiast w wybranym sk\u0142adzie opa\u0142u w Rabce-Zdroju &#8211; 2440 z\u0142.<\/p>\n<p>&#8211; Na razie ceny stoj\u0105 w miejscu od dw\u00f3ch tygodni, nie wiemy co b\u0119dzie dalej &#8211; m\u00f3wi nam sprzedawca pelletu z Nowego Targu. <\/p>\n<p>UOKiK wskazuje przyczyny wzrost\u00f3w<br \/>Na wzrost cen zwraca uwag\u0119 r\u00f3wnie\u017c Urz\u0105d Ochrony Konkurencji i Konsument\u00f3w. UOKiK wskazuje, \u017ce problem zwi\u0105zany jest przede wszystkim z niewystarczaj\u0105c\u0105 poda\u017c\u0105 pelletu produkowanego z krajowych zasob\u00f3w.<\/p>\n<p>&#8211; Nasza analiza jednoznacznie wskazuje, \u017ce przyczyn\u0105 wzrostu cen pelletu s\u0105 problemy systemowe, w szczeg\u00f3lno\u015bci niedostosowanie poda\u017cy pelletu z krajowych zasob\u00f3w do popularno\u015bci piec\u00f3w na drewno, w tym dofinansowanych z programu Czyste Powietrze. Z du\u017cym prawdopodobie\u0144stwem wyst\u0105pi\u0105 one r\u00f3wnie\u017c w najbli\u017cszym sezonie grzewczym &#8211; czytamy w stanowisku prezesa UOKiK, Tomasza Chr\u00f3stnego.<\/p>\n<p>Jak wskazuje, dzia\u0142ania ograniczaj\u0105ce skutki problemu le\u017c\u0105 przede wszystkim po stronie rz\u0105du, w szczeg\u00f3lno\u015bci Ministerstwa Energii oraz Ministerstwa Klimatu i \u015arodowiska, kt\u00f3re nadzoruje PGL Lasy Pa\u0144stwowe. <br \/>ip\/&#13;\n\t\t\t\t\t\t\t<\/p>\n","protected":false},"excerpt":{"rendered":"Sezon grzewczy jeszcze si\u0119 nie rozpocz\u0105\u0142, a ceny pelletu ju\u017c rosn\u0105. Sprawdzili\u015bmy ile w wybranych sk\u0142adach opa\u0142u na&hellip;\n","protected":false},"author":2,"featured_media":654029,"comment_status":"","ping_status":"","sticky":false,"template":"","format":"standard","meta":{"footnotes":"","_share_on_mastodon":"0"},"categories":[16],"tags":[9833,9834,9832,9840,113,9835,9836,112,9841,9860,9858,3760,9849,9846,9847,1089,9842,9843,9848,9837,9838,1568,25,9829,9828,9859,42,6253,9827,78,9855,38,40,39,41,9839,9844,9831,9851,9857,9850,9853,9830,3492,9845,9852,9856,26,9854,1092,1570,9507],"class_list":["post-654028","post","type-post","status-publish","format-standard","has-post-thumbnail","category-biznes","tag-bailka-tatrzanska","tag-bialka-tatrzanska","tag-bialka","tag-bialy-dunajec","tag-biznes","tag-bukowina","tag-bukowina-tatrzanska","tag-business","tag-czarny-dunajec","tag-dunajec","tag-gorce","tag-gory","tag-gron","tag-gronkow","tag-gronkow-lesnica","tag-imprezy","tag-klikuszowa","tag-lasek","tag-lasnica","tag-male-ciche","tag-murzasichle","tag-narty","tag-news","tag-nowy-targ","tag-p24","tag-pieniny","tag-pl","tag-podhale","tag-podhale24","tag-pogoda","tag-pogoda-na-narty","tag-poland","tag-polish","tag-polska","tag-polski","tag-poronin","tag-pyzowka","tag-rabka","tag-skitour","tag-skutery-sniezne","tag-snowboard","tag-stoki-narciarskie","tag-szczawnica","tag-tatry","tag-waksmund","tag-warunki-narciarskie","tag-warunki-pogodowe","tag-wiadomosci","tag-wyciagi","tag-wydarzenia","tag-zakopane","tag-zakopianka"],"share_on_mastodon":{"url":"","error":"Validation failed: Text character limit of 500 exceeded"},"_links":{"self":[{"href":"https:\/\/www.europesays.com\/pl\/wp-json\/wp\/v2\/posts\/654028","targetHints":{"allow":["GET"]}}],"collection":[{"href":"https:\/\/www.europesays.com\/pl\/wp-json\/wp\/v2\/posts"}],"about":[{"href":"https:\/\/www.europesays.com\/pl\/wp-json\/wp\/v2\/types\/post"}],"author":[{"embeddable":true,"href":"https:\/\/www.europesays.com\/pl\/wp-json\/wp\/v2\/users\/2"}],"replies":[{"embeddable":true,"href":"https:\/\/www.europesays.com\/pl\/wp-json\/wp\/v2\/comments?post=654028"}],"version-history":[{"count":0,"href":"https:\/\/www.europesays.com\/pl\/wp-json\/wp\/v2\/posts\/654028\/revisions"}],"wp:featuredmedia":[{"embeddable":true,"href":"https:\/\/www.europesays.com\/pl\/wp-json\/wp\/v2\/media\/654029"}],"wp:attachment":[{"href":"https:\/\/www.europesays.com\/pl\/wp-json\/wp\/v2\/media?parent=654028"}],"wp:term":[{"taxonomy":"category","embeddable":true,"href":"https:\/\/www.europesays.com\/pl\/wp-json\/wp\/v2\/categories?post=654028"},{"taxonomy":"post_tag","embeddable":true,"href":"https:\/\/www.europesays.com\/pl\/wp-json\/wp\/v2\/tags?post=654028"}],"curies":[{"name":"wp","href":"https:\/\/api.w.org\/{rel}","templated":true}]}}