{"id":654040,"date":"2026-08-29T15:51:21","date_gmt":"2026-08-29T15:51:21","guid":{"rendered":"https:\/\/www.europesays.com\/pl\/654040\/"},"modified":"2026-08-29T15:51:21","modified_gmt":"2026-08-29T15:51:21","slug":"foto-jakuszyce-znow-zyly-bieganiem-rekordowy-letni-bieg-piastow-z-kghm","status":"publish","type":"post","link":"https:\/\/www.europesays.com\/pl\/654040\/","title":{"rendered":"[FOTO] Jakuszyce zn\u00f3w \u017cy\u0142y bieganiem. Rekordowy Letni Bieg Piast\u00f3w z KGHM"},"content":{"rendered":"<p>Polana Jakuszycka w sobot\u0119 nale\u017ca\u0142a do biegaczy. Rekordowa frekwencja, setki kibic\u00f3w, g\u00f3rskie trasy i mn\u00f3stwo atrakcji towarzyszy\u0142y 14. Letniemu Biegowi Piast\u00f3w w Szklarskiej Por\u0119bie-Jakuszycach. Jednym z najwa\u017cniejszych punkt\u00f3w trzydniowego festiwalu by\u0142a sobotnia rywalizacja w p\u00f3\u0142maratonie na 22 km i ultramaratonie na 50 km. Wydarzenie odbywa si\u0119 pod patronatem KGHM Polska Mied\u017a S.A.<\/p>\n<p>S\u0105 takie miejsca, w kt\u00f3rych sport wydaje si\u0119 czym\u015b naturalnym. Jakuszyce bez w\u0105tpienia do nich nale\u017c\u0105. Zim\u0105 kr\u00f3luj\u0105 tutaj narty biegowe, latem le\u015bne dukty przejmuj\u0105 biegacze i rowerzy\u015bci. W sobot\u0119, 29 sierpnia, legendarna Polana Jakuszycka ponownie wype\u0142ni\u0142a si\u0119 sportowcami. Na trasach 14. Letniego Biegu Piast\u00f3w rywalizowali do\u015bwiadczeni zawodnicy, amatorzy i pracownicy KGHM. Przy trasach i w okolicach mety nie brakowa\u0142o kibic\u00f3w.<\/p>\n<p>\u2013 To ju\u017c czternasta edycja Letniego Biegu Piast\u00f3w, czyli trzydniowego Festiwalu Bieg\u00f3w G\u00f3rskich. Zawodnicy maj\u0105 do wyboru osiem dystans\u00f3w. Najkr\u00f3tszy liczy sze\u015b\u0107 kilometr\u00f3w, nast\u0119pnie mamy 13 kilometr\u00f3w, p\u00f3\u0142maraton oraz ultramaraton na dystansie 50 kilometr\u00f3w \u2013 m\u00f3wi Kaja Sznajdrowicz-Kr\u0119cichwost, dyrektor zarz\u0105dzaj\u0105ca Biegu Piast\u00f3w.<\/p>\n<p>Sportowe emocje rozpocz\u0119\u0142y si\u0119 ju\u017c w pi\u0105tek. Wtedy uczestnicy pobiegli siedem kilometr\u00f3w w Biegu \u015aniadaniowym. Nie chodzi\u0142o w nim jednak o miejsca i sekundy.<\/p>\n<p>\u2013 To by\u0142 typowy bieg towarzyski. Chcieli\u015bmy si\u0119 spotka\u0107, pozna\u0107, a p\u00f3\u017aniej wsp\u00f3lnie zje\u015b\u0107 \u015bniadanie. Nie zapominamy te\u017c o najm\u0142odszych. Od wielu lat organizujemy zawody dla dzieci. W sobot\u0119 odby\u0142a si\u0119 Wyprawa Zucha na kilometr, a w niedziel\u0119 przyjad\u0105 do nas przedszkolaki, kt\u00f3re wystartuj\u0105 na 300 metr\u00f3w. To biegi bez presji i rywalizacji. Ka\u017cde dziecko otrzymuje na mecie medal \u2013 podkre\u015bla Sznajdrowicz-Kr\u0119cichwost.<\/p>\n<p class=\"bbcode\">::photoreport{&#8222;type&#8221;:&#8221;see-button&#8221;,&#8221;item&#8221;:&#8221;10601&#8243;}<\/p>\n<p>50 kilometr\u00f3w po G\u00f3rach Izerskich<\/p>\n<p>Najwi\u0119kszym wyzwaniem soboty by\u0142 ultramaraton. 50 kilometr\u00f3w po izerskich trasach wymaga\u0142o nie tylko mocnych n\u00f3g, ale r\u00f3wnie\u017c odpowiedniego roz\u0142o\u017cenia si\u0142.<\/p>\n<p>W\u015br\u00f3d m\u0119\u017cczyzn najszybszy by\u0142 Tomasz Koz\u0142owicz z Wielkiej Lipy, reprezentuj\u0105cy Oborygeni. Pokona\u0142 tras\u0119 w czasie 3:22:42. Drugie miejsce zaj\u0105\u0142 Tomasz Pasik \u2013 3:33:00, a trzeci by\u0142 Grzegorz Bieniek \u2013 3:53:20.<\/p>\n<p>W rywalizacji kobiet bezkonkurencyjna okaza\u0142a si\u0119 Dominika Stelmach z Warszawy. Zawodniczka RK Athletics uzyska\u0142a 3:44:01. Drug\u0105 Klaudi\u0119 Petters wyprzedzi\u0142a o niespe\u0142na siedem minut. Trzecie miejsce zaj\u0119\u0142a Monika Trompeta z czasem 4:37:42.<\/p>\n<p>Na li\u015bcie wynik\u00f3w mocno zaznaczyli swoj\u0105 obecno\u015b\u0107 r\u00f3wnie\u017c biegacze zwi\u0105zani z Zag\u0142\u0119biem Miedziowym. Daniel \u0141aszkiewicz z G\u0142ogowa, reprezentuj\u0105cy Ultra KGHM HG, uko\u0144czy\u0142 ultramaraton na 20. miejscu z czasem 4:35:45.<\/p>\n<p>P\u00f3\u0142maraton szybki, ale wymagaj\u0105cy<\/p>\n<p>Nie mniej emocji dostarczy\u0142 dystans 22 kilometr\u00f3w. Tutaj zwyci\u0119\u017cy\u0142 Czech Fabi\u00e1n \u0160to\u010dek, kt\u00f3ry zameldowa\u0142 si\u0119 na mecie po 1:27:23. Zaledwie 52 sekundy p\u00f3\u017aniej finiszowa\u0142 Wojciech Pachnik z Chojnowa. Trzeci Riho Kirsipuu straci\u0142 do zwyci\u0119zcy nieco ponad trzy minuty.<\/p>\n<p>Pachnik mia\u0142 dodatkowy pow\u00f3d do zadowolenia. Zosta\u0142 najlepszym zawodnikiem klasyfikacji pracownik\u00f3w KGHM.<\/p>\n<p>\u2013 Cel minimum to by\u0142a wygrana klasyfikacji KGHM. Musz\u0119 przyzna\u0107, \u017ce niewiele biegam bieg\u00f3w g\u00f3rskich czy ulicznych. Biegam g\u0142\u00f3wnie na orientacj\u0119 i w takim martwym sezonie, czyli w wakacje i zim\u0105, troch\u0119 wychodz\u0119 poza swoj\u0105 stref\u0119 komfortu. Mo\u017cna powiedzie\u0107, \u017ce to by\u0142 m\u00f3j debiut na po\u0142\u00f3wce, wi\u0119c nie wiedzia\u0142em, czego si\u0119 spodziewa\u0107. Nie powiem, \u017ce by\u0142y realne nadzieje na walk\u0119 o pierwsz\u0105 tr\u00f3jk\u0119 \u2013 przyzna\u0142 Wojciech Pachnik.<\/p>\n<p>W\u015br\u00f3d kobiet 22-kilometrow\u0105 tras\u0119 najszybciej pokona\u0142a Natalia Kuczera z Nowej Soli \u2013 1:42:56. Druga by\u0142a Emilia Romanowicz \u2013 1:43:34, a trzecia Katarzyna Choma z Jeleniej G\u00f3ry \u2013 1:47:11.<\/p>\n<p>W klasyfikacji pracownic KGHM zwyci\u0119\u017cy\u0142a Karolina Borowska, kt\u00f3ra uko\u0144czy\u0142a p\u00f3\u0142maraton w czasie 1:54:22. Drugie miejsce w tej klasyfikacji zaj\u0119\u0142a Edyta Kuriata z Polkowic \u2013 1:58:59, a trzecia Ma\u0142gorzata Tomaszewicz z Lubina \u2013 2:28:18.<\/p>\n<p>Z wolontariatu prosto na tras\u0119<\/p>\n<p>Ciekaw\u0105 histori\u0119 napisa\u0142 Marek Wachnik z KGHM Polska Mied\u017a S.A. Przez kilka lat przyje\u017cd\u017ca\u0142 do Jakuszyc jako wolontariusz. Obserwowa\u0142 zawodnik\u00f3w i pomaga\u0142 przy organizacji. W ko\u0144cu postanowi\u0142 sam stan\u0105\u0107 na starcie p\u00f3\u0142maratonu.<\/p>\n<p>\u2013 To by\u0142 m\u00f3j pierwszy start na p\u00f3\u0142maratonie w Jakuszycach. Od kilku lat przyje\u017cd\u017ca\u0142em tutaj jako wolontariusz KGHM i zawsze mog\u0142em obserwowa\u0107, jak biegacze pokonuj\u0105 t\u0119 tras\u0119. Takim moim ma\u0142ym marzeniem by\u0142o wystartowa\u0107. Biega\u0142em wcze\u015bniej po p\u0142askim, ale w g\u00f3rach nie mia\u0142em okazji si\u0119 sprawdzi\u0107. W ubieg\u0142ym roku, b\u0119d\u0105c tutaj na wolontariacie, powiedzia\u0142em sobie, \u017ce chc\u0119 wystartowa\u0107 \u2013 opowiada.<\/p>\n<p>Jak przyzna\u0142, G\u00f3ry Izerskie szybko zweryfikowa\u0142y przygotowanie.<\/p>\n<p>\u2013 Pocz\u0105tek jest zdecydowanie bardzo szybki, ale po 14. kilometrze zaczynaj\u0105 si\u0119 ci\u0119\u017cary. Jest du\u017co podbieg\u00f3w. W g\u0142owie mia\u0142em kilka kryzys\u00f3w. Najtrudniejsze by\u0142o pouk\u0142ada\u0107 sobie t\u0119 drug\u0105 po\u0142ow\u0119 biegu, kiedy wiesz, \u017ce masz jeszcze sporo dystansu, a zaczynaj\u0105 si\u0119 przewy\u017cszenia. Trzeba by\u0142o sobie powiedzie\u0107, \u017ceby si\u0119 nie zatrzymywa\u0107 i ca\u0142y czas goni\u0107 \u2013 dodaje Marek Wachnik.<\/p>\n<p>Na mecie mia\u0142 1:50:38. To da\u0142o mu 26. miejsce w\u015br\u00f3d wszystkich m\u0119\u017cczyzn. W klasyfikacji pracownik\u00f3w KGHM by\u0142 drugi, za Wojciechem Pachnikiem.<\/p>\n<p>\u2013 Je\u017celi kto\u015b nigdy nie biega\u0142 w biegach g\u00f3rskich, to warto zacz\u0105\u0107 w\u0142a\u015bnie tutaj. To bardzo dobra i szybka trasa, s\u0105 fajne zbiegi, jest malowniczo, a przede wszystkim atmosfera jest bardzo dobra \u2013 podsumowa\u0142.<\/p>\n<p>Mo\u017cna by\u0142o nawet\u2026 skoczy\u0107 na nartach<\/p>\n<p>Letni Bieg Piast\u00f3w ju\u017c dawno przesta\u0142 by\u0107 wydarzeniem wy\u0142\u0105cznie dla os\u00f3b z numerem startowym na koszulce. W sobot\u0119 Polana Jakuszycka przypomina\u0142a sportowe miasteczko. By\u0142y stoiska, animacje, konkursy i warsztaty. Du\u017cym zainteresowaniem cieszy\u0142a si\u0119 strefa KGHM z zabawami i zagadkami.<\/p>\n<p>By\u0142a r\u00f3wnie\u017c mo\u017cliwo\u015b\u0107 wykonania czego\u015b, co w \u015brodku lata w pierwszej chwili brzmi do\u015b\u0107 zaskakuj\u0105co \u2013 skoku na nartach. Do Jakuszyc przyjecha\u0142a mobilna skocznia Akademii Lotnika Polskiego Zwi\u0105zku Narciarskiego. Na miejscu pojawi\u0142 si\u0119 jej ambasador Jakub Kot, by\u0142y skoczek narciarski. Najm\u0142odsi mogli wi\u0119c poczu\u0107 namiastk\u0119 tego, czego zawodnicy do\u015bwiadczaj\u0105 na prawdziwych skoczniach.<\/p>\n<p>\u2013 Zale\u017cy nam na tym, \u017ceby Bieg Piast\u00f3w kojarzy\u0142 si\u0119 nie tylko stricte z zawodami, ale r\u00f3wnie\u017c z miejscem, do kt\u00f3rego mog\u0105 przyjecha\u0107 ca\u0142e rodziny i aktywnie sp\u0119dzi\u0107 czas. Mamy mobiln\u0105 skoczni\u0119 narciarsk\u0105 PZN, warsztaty grawerowania w szkle, akcj\u0119 prewencyjn\u0105 Pa\u0144stwowej Stra\u017cy Po\u017carnej, dzia\u0142ania ekologiczne z KGHM i mn\u00f3stwo animacji z nagrodami \u2013 wylicza Kaja Sznajdrowicz-Kr\u0119cichwost.<\/p>\n<p>Nie tylko sport. Wa\u017cne s\u0105 te\u017c pszczo\u0142y<\/p>\n<p>W\u015br\u00f3d stoisk mo\u017cna by\u0142o znale\u017a\u0107 r\u00f3wnie\u017c miejsce przygotowane przez Le\u015bny Kompleks Promocyjny Sudety Zachodnie. Tam sport schodzi\u0142 na chwil\u0119 na dalszy plan. Bohaterami by\u0142y zapylacze.<\/p>\n<p>\u2013 Mamy w Polsce ponad 470 r\u00f3\u017cnych gatunk\u00f3w pszczo\u0142owatych. S\u0105 te\u017c osy, motyle, trzmiele i inne owady, kt\u00f3re czasem wydaj\u0105 nam si\u0119 gro\u017ane, a tak naprawd\u0119 nam pomagaj\u0105. Dzi\u0119ki zapylaczom mamy owoce, warzywa, a tak\u017ce cz\u0119\u015b\u0107 zb\u00f3\u017c \u2013 t\u0142umaczy Katarzyna M\u0119cina z Nadle\u015bnictwa \u015awierad\u00f3w.<\/p>\n<p>Dzieci mog\u0142y nie tylko dowiedzie\u0107 si\u0119 czego\u015b o przyrodzie, ale r\u00f3wnie\u017c zabra\u0107 ze sob\u0105 konkretn\u0105 pami\u0105tk\u0119.<\/p>\n<p>\u2013 Stoisko tworzymy wsp\u00f3lnie jako Nadle\u015bnictwo Szklarska Por\u0119ba i Nadle\u015bnictwo \u015awierad\u00f3w. Wsp\u00f3\u0142pracuje z nami KGHM Polska Mied\u017a. KGHM ufundowa\u0142 drewniane domki dla owad\u00f3w. Dzieci wykonuj\u0105 u nas prace plastyczne i w nagrod\u0119 otrzymuj\u0105 taki domek, kt\u00f3ry mog\u0105 p\u00f3\u017aniej powiesi\u0107 w swoim ogrodzie \u2013 dodaje Katarzyna M\u0119cina.<\/p>\n<p>KGHM z Biegiem Piast\u00f3w od niemal 30 lat<\/p>\n<p>Obecno\u015b\u0107 miedziowego koncernu w Jakuszycach nie jest przypadkowa. Wsp\u00f3\u0142praca z Biegiem Piast\u00f3w trwa ju\u017c niemal trzy dekady.<\/p>\n<p>\u2013 KGHM wspiera nas prawie od 30 lat. Nie wyobra\u017camy sobie tak naprawd\u0119 \u017cadnego Biegu Piast\u00f3w \u2013 zimowego, letniego czy rowerowego \u2013 bez tego wsparcia i zaanga\u017cowania. Dzi\u0119ki temu mo\u017cemy robi\u0107 to, co robimy. Mo\u017cemy liczy\u0107 na wolontariuszy, kt\u00f3rzy obs\u0142uguj\u0105 punkty \u017cywieniowe, ale te\u017c pomagaj\u0105 przy dodatkowych atrakcjach i animacjach \u2013 podkre\u015bla dyrektor zarz\u0105dzaj\u0105ca Biegu Piast\u00f3w.<\/p>\n<p>Dla KGHM to jednocze\u015bnie okazja do promowania aktywno\u015bci w\u015br\u00f3d pracownik\u00f3w i mieszka\u0144c\u00f3w Zag\u0142\u0119bia Miedziowego.<\/p>\n<p>\u2013 To przepi\u0119kne miejsce, by\u0107 mo\u017ce jedno z najpi\u0119kniejszych w Polsce do uprawiania sport\u00f3w wytrzyma\u0142o\u015bciowych, biegania, MTB czy zim\u0105 narciarstwa klasycznego. Dla nas jest niezwykle wa\u017cne, poniewa\u017c popularyzujemy zdrowy tryb \u017cycia i r\u00f3wnowag\u0119 mi\u0119dzy \u017cyciem rodzinnym, prac\u0105 zawodow\u0105 a zdrowiem \u2013 m\u00f3wi Tomasz Grabski, dyrektor Departamentu Komunikacji Spo\u0142ecznej i Sponsoringu KGHM Polska Mied\u017a S.A.<\/p>\n<p>Jak podkre\u015bla, Jakuszyce sta\u0142y si\u0119 dla sp\u00f3\u0142ki miejscem szczeg\u00f3lnym.<\/p>\n<p>\u2013 Wa\u017cne jest, \u017ceby nasi pracownicy mogli w takich warunkach odpocz\u0105\u0107, zadba\u0107 o zdrowie i zrelaksowa\u0107 si\u0119 po ci\u0119\u017ckiej pracy. To jest takie nasze miejsce, miejsce KGHM. Dlatego od lat uczestniczymy tutaj w r\u00f3\u017cnych wydarzeniach i wspieramy ten o\u015brodek. Chcemy by\u0107 coraz bardziej aktywni, \u017ceby nasi pracownicy, ale nie tylko oni, lecz r\u00f3wnie\u017c mieszka\u0144cy Zag\u0142\u0119bia Miedziowego mogli si\u0119 tutaj spotyka\u0107 i uprawia\u0107 sport \u2013 dodaje Tomasz Grabski.<\/p>\n<p>Sobotni obraz Jakuszyc najlepiej pokazywa\u0142, dlaczego ta impreza od lat przyci\u0105ga ludzi z ca\u0142ej Polski i zagranicy. Jedni walczyli z czasem i w\u0142asnymi s\u0142abo\u015bciami przez 50 kilometr\u00f3w. Inni po raz pierwszy pr\u00f3bowali biegania po g\u00f3rach. Dzieci skaka\u0142y na nartach, poznawa\u0142y \u015bwiat zapylaczy i odbiera\u0142y medale. Kibice czekali przy mecie na swoich bliskich.<\/p>\n<p>A wszystko w samym sercu G\u00f3r Izerskich \u2013 w miejscu, kt\u00f3re zim\u0105 i latem niezmiennie \u017cyje sportem.<\/p>\n","protected":false},"excerpt":{"rendered":"Polana Jakuszycka w sobot\u0119 nale\u017ca\u0142a do biegaczy. Rekordowa frekwencja, setki kibic\u00f3w, g\u00f3rskie trasy i mn\u00f3stwo atrakcji towarzyszy\u0142y 14.&hellip;\n","protected":false},"author":2,"featured_media":654041,"comment_status":"","ping_status":"","sticky":false,"template":"","format":"standard","meta":{"footnotes":"","_share_on_mastodon":"0"},"categories":[52220],"tags":[3953,52221,42,38,40,39,41],"class_list":["post-654040","post","type-post","status-publish","format-standard","has-post-thumbnail","category-kghm","tag-kghm","tag-kghm-polska-miedz","tag-pl","tag-poland","tag-polish","tag-polska","tag-polski"],"share_on_mastodon":{"url":"https:\/\/pubeurope.com\/@pl\/117179599192729854","error":""},"_links":{"self":[{"href":"https:\/\/www.europesays.com\/pl\/wp-json\/wp\/v2\/posts\/654040","targetHints":{"allow":["GET"]}}],"collection":[{"href":"https:\/\/www.europesays.com\/pl\/wp-json\/wp\/v2\/posts"}],"about":[{"href":"https:\/\/www.europesays.com\/pl\/wp-json\/wp\/v2\/types\/post"}],"author":[{"embeddable":true,"href":"https:\/\/www.europesays.com\/pl\/wp-json\/wp\/v2\/users\/2"}],"replies":[{"embeddable":true,"href":"https:\/\/www.europesays.com\/pl\/wp-json\/wp\/v2\/comments?post=654040"}],"version-history":[{"count":0,"href":"https:\/\/www.europesays.com\/pl\/wp-json\/wp\/v2\/posts\/654040\/revisions"}],"wp:featuredmedia":[{"embeddable":true,"href":"https:\/\/www.europesays.com\/pl\/wp-json\/wp\/v2\/media\/654041"}],"wp:attachment":[{"href":"https:\/\/www.europesays.com\/pl\/wp-json\/wp\/v2\/media?parent=654040"}],"wp:term":[{"taxonomy":"category","embeddable":true,"href":"https:\/\/www.europesays.com\/pl\/wp-json\/wp\/v2\/categories?post=654040"},{"taxonomy":"post_tag","embeddable":true,"href":"https:\/\/www.europesays.com\/pl\/wp-json\/wp\/v2\/tags?post=654040"}],"curies":[{"name":"wp","href":"https:\/\/api.w.org\/{rel}","templated":true}]}}