{"id":654044,"date":"2026-08-29T15:54:20","date_gmt":"2026-08-29T15:54:20","guid":{"rendered":"https:\/\/www.europesays.com\/pl\/654044\/"},"modified":"2026-08-29T15:54:20","modified_gmt":"2026-08-29T15:54:20","slug":"swieto-zieleni-i-przysmakow-w-bialymstoku","status":"publish","type":"post","link":"https:\/\/www.europesays.com\/pl\/654044\/","title":{"rendered":"\u015awi\u0119to zieleni i przysmak\u00f3w w Bia\u0142ymstoku"},"content":{"rendered":"<p class=\"news__lead\">Mieszka\u0144c\u00f3w Bia\u0142egostoku oraz ca\u0142ego regionu czeka wyj\u0105tkowe wydarzenie. W weekend, 29 i 30 sierpnia 2026 roku, w \u015bcis\u0142ym centrum miasta przed Teatrem Dramatycznym im. Aleksandra W\u0119gierki odb\u0119dzie si\u0119 jubileuszowa, XXV edycja Jarmarku Ogrodniczego \u201eKresowy Ogr\u00f3d\u201d. W godzinach od 9:00 do 17:00 plac przed teatrem zamieni si\u0119 w barwne centrum ro\u015blinnych inspiracji, r\u0119kodzie\u0142a oraz tradycyjnych podlaskich wyrob\u00f3w.<\/p>\n<p>                                                                                                                                                                                                                                                                                    <a name=\"topic_0\">Ogrodniczy raj i unikalne okazy<\/a>  <\/p>\n<p>Na mi\u0142o\u015bnik\u00f3w zieleni oraz pasjonat\u00f3w ogrodnictwa czeka\u0107 b\u0119dzie bogata oferta przygotowana przez wystawc\u00f3w z ca\u0142ej Polski. Na stoiskach pojawi\u0105 si\u0119 drzewa i krzewy ozdobne oraz owocowe, pn\u0105cza, byliny, cebule kwiatowe i ro\u015bliny rabatowe. Zadowoleni b\u0119d\u0105 zar\u00f3wno w\u0142a\u015bciciele du\u017cych ogrod\u00f3w czy dzia\u0142ek, jak i osoby szukaj\u0105ce ro\u015blin na balkony i tarasy. Kolekcjonerzy kwiat\u00f3w doniczkowych znajd\u0105 tu rzadkie nowo\u015bci i flora rarytasy.<\/p>\n<p>  <a name=\"topic_1\">Fachowe poradnictwo i najnowsze trendy<\/a>  <\/p>\n<p>Jarmark to nie tylko okazja do zakup\u00f3w, ale tak\u017ce \u015bwietna przestrze\u0144 do wymiany do\u015bwiadcze\u0144. Na miejscu obecni b\u0119d\u0105 profesjonalni specjali\u015bci tworz\u0105cy na co dzie\u0144 tereny zielone. Wystawcy ch\u0119tnie podziel\u0105 si\u0119 wiedz\u0105 dotycz\u0105c\u0105 piel\u0119gnacji konkretnych gatunk\u00f3w i wska\u017c\u0105 najnowsze trendy w aran\u017cacji przestrzeni ogrodowych i balkonowych, pomagaj\u0105c w wyborze odpowiednich odmian.<\/p>\n<p>  <a name=\"topic_2\">Kulinarna podr\u00f3\u017c po regionalnych smakach<\/a>  <\/p>\n<p>Wydarzeniu towarzyszy\u0107 b\u0119dzie jarmark produkt\u00f3w tradycyjnych i lokalnych trunk\u00f3w. Odwiedzaj\u0105cy b\u0119d\u0105 mogli zaopatrzy\u0107 si\u0119 w naturalne miody i miody pitne, swojskie w\u0119dliny, chrupi\u0105ce pieczywo, kunsztowne sery, domowe pierogi, a tak\u017ce \u015bwie\u017c\u0105 cha\u0142w\u0119. Nie zabraknie tradycyjnych nalewek, rzemie\u015blniczego piwa oraz orze\u017awiaj\u0105cych lemoniad przygotowywanych wed\u0142ug lokalnych receptur.<\/p>\n<p>  <a name=\"topic_3\">Atrakcje dla najm\u0142odszych uczestnik\u00f3w<\/a>  <\/p>\n<p>Organizatorzy pomy\u015bleli r\u00f3wnie\u017c o rodzinach z dzie\u0107mi. Na najm\u0142odszych go\u015bci czeka\u0107 b\u0119dzie strefa zabaw z placem zabaw, kolorowymi balonami i zabawkami. Na os\u0142od\u0119 przygotowano stoiska ze \u015bwie\u017cymi goframi oraz lodami, co czyni jarmark doskona\u0142ym pomys\u0142em na sp\u0119dzenie weekendowego spaceru w centrum Bia\u0142egostoku.<\/p>\n<p>Wybieracie si\u0119 w ten weekend na Jarmark &#8222;Kresowy Ogr\u00f3d&#8221;? Jakie ro\u015bliny lub regionalne przysmaki planujecie kupi\u0107? Dajcie zna\u0107 w komentarzach!<\/p>\n<p>PS<\/p>\n<p>                                                                                                                                                                                                        ]]><\/p>\n","protected":false},"excerpt":{"rendered":"Mieszka\u0144c\u00f3w Bia\u0142egostoku oraz ca\u0142ego regionu czeka wyj\u0105tkowe wydarzenie. W weekend, 29 i 30 sierpnia 2026 roku, w \u015bcis\u0142ym&hellip;\n","protected":false},"author":2,"featured_media":654045,"comment_status":"","ping_status":"","sticky":false,"template":"","format":"standard","meta":{"footnotes":"","_share_on_mastodon":"0"},"categories":[51614],"tags":[2151,127659,12956,47254,127658,20186,127655,55707,71089,127662,42,26617,38,40,39,41,127661,127664,127663,2612,127660,127657,127656,800,52537,71003,52536],"class_list":["post-654044","post","type-post","status-publish","format-standard","has-post-thumbnail","category-bialystok","tag-bialystok","tag-byliny-i-cebule-kwiatowe","tag-centrum-handlowe","tag-centrum-przesiadkowe","tag-drzewa-i-krzewy-owocowe","tag-jarmark","tag-jarmark-kresowy-ogrod","tag-komitet-obrony-demokracji","tag-lody","tag-miody-i-miody-pitne","tag-pl","tag-plac-zabaw","tag-poland","tag-polish","tag-polska","tag-polski","tag-porady-ogrodnicze","tag-regionalne-produkty-i-nalewki","tag-regionalne-produkty-i-nalewkibialystok","tag-rodzina","tag-rosliny-na-balkon-i-taras","tag-rosliny-ozdobne","tag-targ-ogrodniczy","tag-teatr","tag-teatr-dramatyczny","tag-tereny-zielone","tag-tor-wschodzacy-bialystok"],"share_on_mastodon":{"url":"https:\/\/pubeurope.com\/@pl\/117179611047403042","error":""},"_links":{"self":[{"href":"https:\/\/www.europesays.com\/pl\/wp-json\/wp\/v2\/posts\/654044","targetHints":{"allow":["GET"]}}],"collection":[{"href":"https:\/\/www.europesays.com\/pl\/wp-json\/wp\/v2\/posts"}],"about":[{"href":"https:\/\/www.europesays.com\/pl\/wp-json\/wp\/v2\/types\/post"}],"author":[{"embeddable":true,"href":"https:\/\/www.europesays.com\/pl\/wp-json\/wp\/v2\/users\/2"}],"replies":[{"embeddable":true,"href":"https:\/\/www.europesays.com\/pl\/wp-json\/wp\/v2\/comments?post=654044"}],"version-history":[{"count":0,"href":"https:\/\/www.europesays.com\/pl\/wp-json\/wp\/v2\/posts\/654044\/revisions"}],"wp:featuredmedia":[{"embeddable":true,"href":"https:\/\/www.europesays.com\/pl\/wp-json\/wp\/v2\/media\/654045"}],"wp:attachment":[{"href":"https:\/\/www.europesays.com\/pl\/wp-json\/wp\/v2\/media?parent=654044"}],"wp:term":[{"taxonomy":"category","embeddable":true,"href":"https:\/\/www.europesays.com\/pl\/wp-json\/wp\/v2\/categories?post=654044"},{"taxonomy":"post_tag","embeddable":true,"href":"https:\/\/www.europesays.com\/pl\/wp-json\/wp\/v2\/tags?post=654044"}],"curies":[{"name":"wp","href":"https:\/\/api.w.org\/{rel}","templated":true}]}}