{"id":654058,"date":"2026-08-29T16:02:28","date_gmt":"2026-08-29T16:02:28","guid":{"rendered":"https:\/\/www.europesays.com\/pl\/654058\/"},"modified":"2026-08-29T16:02:28","modified_gmt":"2026-08-29T16:02:28","slug":"fatalna-legia-uratowana-w-koncowce-slask-ma-czego-zalowac","status":"publish","type":"post","link":"https:\/\/www.europesays.com\/pl\/654058\/","title":{"rendered":"Fatalna Legia uratowana w ko\u0144c\u00f3wce. \u015al\u0105sk ma czego \u017ca\u0142owa\u0107"},"content":{"rendered":"\n<p class=\"contentpart contentpart--default contentpart--text\" data-position=\"0\">Mia\u0142 mie\u0107 swoje \u015bwi\u0119to &#8222;J\u0119dza&#8221;, a tymczasem na boisku by\u0142a n\u0119dza. Legia Warszawa zaprezentowa\u0142a si\u0119 bardzo \u017ale w meczu ze \u015al\u0105skiem Wroc\u0142aw, zas\u0142ugiwa\u0142a na pora\u017ck\u0119, ale najpierw przy \u017cyciu utrzyma\u0142 j\u0105 Otto Hindrich, a w czwartej minucie doliczonego czasu gry bramk\u0119 na wag\u0119 remisu zdoby\u0142 Rafa\u0142 Adamski.<\/p>\n<p class=\"contentpart contentpart--default contentpart--text\" data-position=\"1\">Zanosi\u0142o si\u0119 na pierwsz\u0105 przegran\u0105 lidera Ekstraklasy w sezonie 2026\/27. I jednocze\u015bnie pierwsz\u0105 wyjazdow\u0105 wygrana beniaminka.\u00a0Dodajmy, \u017ce by\u0142oby to jak najbardziej sprawiedliwe. Gdyby nie fenomenalny Hindrich, sko\u0144czy\u0142oby si\u0119 totaln\u0105 klap\u0105. Jednak nawet rumu\u0144ski bramkarz by\u0142 bezradny, gdy w 35. minucie za wykonywanie rzutu karnego wzi\u0105\u0142 si\u0119 Piotr Samiec-Talar. Tyle tylko, \u017ce go\u015bcie nie zdo\u0142ali utrzyma\u0107 prowadzenia. Dzielnie si\u0119 bronili, ale w tej decyduj\u0105cej akcji czego\u015b zabrak\u0142o &#8211; Adamski sfinalizowa\u0142 dobre do\u015brodkowanie Paw\u0142a Wszo\u0142ka.<\/p>\n<p>  <img decoding=\"async\" src=\"https:\/\/v.wpimg.pl\/X3dwLnN2d1IFFTpdYUl6R0ZNbgcnEHQREVV2TGEGbUtRT2MdOlZ2RBQUKABgQjQcDRotCStBd1IAAWMeIlM7VgwYIAorQAdEFFk_GCkQJQ\" alt=\"\" width=\"45\" height=\"58\" loading=\"lazy\"\/>  <\/p>\n<p class=\"contentpart contentpart--default contentpart--text\" data-position=\"2\">Tak czy inaczej &#8211; do kogo mo\u017ce mie\u0107 teraz pretensje trener Marek Papszun? Naj\u0142atwiej by\u0142oby powiedzie\u0107, \u017ce do analityka, kt\u00f3ry nieuwa\u017cnie &#8222;szpiegowa\u0142&#8221; \u015al\u0105sk na \u015brodowym treningu.<\/p>\n<p class=\"contentpart contentpart--default contentpart--text\" data-position=\"3\">ZOBACZ WIDEO: Polak \u017cyje w Hiszpanii jak w raju. &#8222;Nie musz\u0119 si\u0119 martwi\u0107 o jutro&#8221;<\/p>\n<p class=\"contentpart contentpart--default contentpart--text\" data-position=\"5\">Najlepszy moment Legii? Na samym pocz\u0105tku, gdy efektownie po\u017cegnany zosta\u0142 Artur J\u0119drzejczyk. To by\u0142o symboliczne kopni\u0119cie pi\u0142ki, po kt\u00f3rym 38-latek zosta\u0142 zmieniony (<a href=\"https:\/\/sportowefakty.wp.pl\/pilka-nozna\/1270719\/kibice-legii-pozegnali-legende-oprawa-robila-wrazenie\" rel=\"nofollow noopener\" target=\"_blank\">&#8212;&#8211;&gt; WI\u0118CEJ<\/a>).<\/p>\n<p class=\"contentpart contentpart--default contentpart--text\" data-position=\"6\">\u015al\u0105sk pocz\u0105tkowo da\u0142 si\u0119 zepchn\u0105\u0107 do obrony, ale wraz z up\u0142ywem czasu nabiera\u0142 coraz wi\u0119cej pewno\u015bci siebie. I w ko\u0144cu przeprowadzi\u0142 kluczow\u0105 akcj\u0119. A w zasadzie wykorzysta\u0142 bezmy\u015blne zachowanie Rafa\u0142a Augustyniaka, kt\u00f3ry wykona\u0142 absurdalny w\u015blizg we w\u0142asnym polu karnym i faulowa\u0142 Enissa Shabaniego. A &#8222;jedenastk\u0119&#8221; &#8211; jak wspomnieli\u015bmy &#8211; bardzo pewnie wykorzysta\u0142 najlepszy na boisku Samiec-Talar.<\/p>\n<p>  <img decoding=\"async\" src=\"https:\/\/v.wpimg.pl\/X3dwLnN2d1IFFTpdYUl6R0ZNbgcnEHQREVV2TGEGbUtRT2MdOlZ2RBQUKABgQjQcDRotCStBd1IAAWMeIlM7VgwYIAorQAdEFFk_GCkQJQ\" alt=\"\" width=\"45\" height=\"58\" loading=\"lazy\"\/>  <\/p>\n<p class=\"contentpart contentpart--default contentpart--text\" data-position=\"7\">A co do rzutu karnego, to z niewyja\u015bnionych powod\u00f3w siedz\u0105cy w centrum VAR Tomasz Musia\u0142 zawo\u0142a\u0142 s\u0119dziego Marcina Szczerbowicza do monitora. &#8222;Jedenastka&#8221; by\u0142a klarowna i oczywista, natomiast Musia\u0142 uzna\u0142, \u017ce arbiter g\u0142\u00f3wny pope\u0142ni\u0142 b\u0142\u0105d. On jednak nie wycofa\u0142 si\u0119 ze swojej decyzji.<\/p>\n<p class=\"contentpart contentpart--default contentpart--text\" data-position=\"8\">Wracaj\u0105c na boisko &#8211; pierwsza po\u0142owa kiepska, druga troch\u0119 lepsza. I \u015al\u0105sk powinien w Warszawie wygra\u0107. I to nie 1:0, lecz w 73. i 75. minucie stuprocentowych sytuacji nie wykorzystali Przemys\u0142aw Banaszak i Luka Marjanac. I c\u00f3\u017c, jak to cz\u0119sto bywa &#8211; kolejny raz sprawdzi\u0142o si\u0119 ulubione powiedzenie Dariusza Szpakowskiego.<\/p>\n<p class=\"contentpart contentpart--default contentpart--text\" data-position=\"9\"><a href=\"https:\/\/sportowefakty.wp.pl\/pilka-nozna\/legia-warszawa\" rel=\"nofollow noopener\" target=\"_blank\">Legia Warszawa<\/a>\u00a0&#8211; <a href=\"https:\/\/sportowefakty.wp.pl\/pilka-nozna\/slask-wroclaw\" rel=\"nofollow noopener\" target=\"_blank\">\u015al\u0105sk Wroc\u0142aw<\/a>\u00a01:1 (0:1)<br \/>0:1 Piotr Samiec-Talar (k.) 35&#8242;<br \/>1:1 Rafa\u0142 Adamski 90+4&#8242;<\/p>\n<p class=\"contentpart contentpart--default contentpart--text\" data-position=\"10\">Sk\u0142ady:<\/p>\n<p class=\"contentpart contentpart--default contentpart--text\" data-position=\"11\">Legia: Otto Hindrich &#8211; Pawe\u0142 Wszo\u0142ek, Kamil Pi\u0105tkowski, Rafa\u0142 Augustyniak, Robert Deziel Jr (85&#8242; Mileta Rajovi\u0107), Ruben Vinagre &#8211; Michal Sevcik (46&#8242; Wojciech Urba\u0144ski), Artur J\u0119drzejczyk (2&#8242; Bartosz Kapustka), Henrique Arreiol (77&#8242; Mateusz Szczepaniak) &#8211; \u0141ukasz Zjawi\u0144ski, Jan Kuchta (77&#8242; Rafa\u0142 Adamski).<\/p>\n<p>  <img decoding=\"async\" src=\"https:\/\/v.wpimg.pl\/X3dwLnN2d1IFFTpdYUl6R0ZNbgcnEHQREVV2TGEGbUtRT2MdOlZ2RBQUKABgQjQcDRotCStBd1IAAWMeIlM7VgwYIAorQAdEFFk_GCkQJQ\" alt=\"\" width=\"45\" height=\"58\" loading=\"lazy\"\/>  <\/p>\n<p class=\"contentpart contentpart--default contentpart--text\" data-position=\"12\">\u015al\u0105sk: Karol Niemczycki &#8211; Micha\u0142 Rosiak, Jehor Macenko (82&#8242; Dominik Szala), Lamine Ba, Mariusz Malec, Marc Llinares &#8211; Piotr Samiec-Talar, Eniss Shabani (64&#8242; Jorge Yriarte), Grzegorz Tomasiewicz &#8211; Malaly Dembele (69&#8242; Przemys\u0142aw Banaszak), Luka Marjanac.<\/p>\n<p class=\"contentpart contentpart--default contentpart--text\" data-position=\"13\">\u017b\u00f3\u0142te kartki: Wszo\u0142ek (Legia) oraz Shabani, Rosiak (\u015al\u0105sk).<\/p>\n<p class=\"contentpart contentpart--default contentpart--text\" data-position=\"14\">S\u0119dzia: Marcin Szczerbowicz (Olsztyn).<\/p>\n","protected":false},"excerpt":{"rendered":"Mia\u0142 mie\u0107 swoje \u015bwi\u0119to &#8222;J\u0119dza&#8221;, a tymczasem na boisku by\u0142a n\u0119dza. Legia Warszawa zaprezentowa\u0142a si\u0119 bardzo \u017ale w&hellip;\n","protected":false},"author":2,"featured_media":654059,"comment_status":"","ping_status":"","sticky":false,"template":"","format":"standard","meta":{"footnotes":"","_share_on_mastodon":"0"},"categories":[51607],"tags":[713,269,51401,1724,42,38,40,39,41,41587,697,4835,435,1853],"class_list":["post-654058","post","type-post","status-publish","format-standard","has-post-thumbnail","category-wroclaw","tag-legia-warszawa","tag-pilka-nozna","tag-piotr-samiec-talar","tag-pko-ekstraklasa","tag-pl","tag-poland","tag-polish","tag-polska","tag-polski","tag-rafal-adamski","tag-slask-wroclaw","tag-stadion-miejski-legii-warszawa-im-marszalka-j-pilsudskiego","tag-warszawa","tag-wroclaw"],"share_on_mastodon":{"url":"https:\/\/pubeurope.com\/@pl\/117179643592733659","error":""},"_links":{"self":[{"href":"https:\/\/www.europesays.com\/pl\/wp-json\/wp\/v2\/posts\/654058","targetHints":{"allow":["GET"]}}],"collection":[{"href":"https:\/\/www.europesays.com\/pl\/wp-json\/wp\/v2\/posts"}],"about":[{"href":"https:\/\/www.europesays.com\/pl\/wp-json\/wp\/v2\/types\/post"}],"author":[{"embeddable":true,"href":"https:\/\/www.europesays.com\/pl\/wp-json\/wp\/v2\/users\/2"}],"replies":[{"embeddable":true,"href":"https:\/\/www.europesays.com\/pl\/wp-json\/wp\/v2\/comments?post=654058"}],"version-history":[{"count":0,"href":"https:\/\/www.europesays.com\/pl\/wp-json\/wp\/v2\/posts\/654058\/revisions"}],"wp:featuredmedia":[{"embeddable":true,"href":"https:\/\/www.europesays.com\/pl\/wp-json\/wp\/v2\/media\/654059"}],"wp:attachment":[{"href":"https:\/\/www.europesays.com\/pl\/wp-json\/wp\/v2\/media?parent=654058"}],"wp:term":[{"taxonomy":"category","embeddable":true,"href":"https:\/\/www.europesays.com\/pl\/wp-json\/wp\/v2\/categories?post=654058"},{"taxonomy":"post_tag","embeddable":true,"href":"https:\/\/www.europesays.com\/pl\/wp-json\/wp\/v2\/tags?post=654058"}],"curies":[{"name":"wp","href":"https:\/\/api.w.org\/{rel}","templated":true}]}}