{"id":654070,"date":"2026-08-29T16:08:15","date_gmt":"2026-08-29T16:08:15","guid":{"rendered":"https:\/\/www.europesays.com\/pl\/654070\/"},"modified":"2026-08-29T16:08:15","modified_gmt":"2026-08-29T16:08:15","slug":"przelamanie-w-pko-ekstraklasie-radomiak-stracil-gola-ale-odpowiedz-byla-mocna","status":"publish","type":"post","link":"https:\/\/www.europesays.com\/pl\/654070\/","title":{"rendered":"Prze\u0142amanie w PKO Ekstraklasie. Radomiak straci\u0142 gola, ale odpowied\u017a by\u0142a mocna"},"content":{"rendered":"\n<p class=\"contentpart contentpart--default contentpart--text\" data-position=\"0\">Zanim rozpocz\u0119\u0142o si\u0119 sobotnie granie w <a href=\"https:\/\/sportowefakty.wp.pl\/pilka-nozna\/pko-ekstraklasa\" rel=\"nofollow noopener\" target=\"_blank\">PKO Ekstraklasie<\/a>, s\u0119dzia <a href=\"https:\/\/sportowefakty.wp.pl\/pilka-nozna\/piotr-lasyk\" rel=\"nofollow noopener\" target=\"_blank\">Piotr Lasyk<\/a>\u00a0musia\u0142 zmierzy\u0107 si\u0119 z problemem technicznym. Zawiod\u0142o umocowanie jego nadajnika do \u0142\u0105czno\u015bci z VAR-em oraz asystentami. Tym samym pierwszy gwizdek by\u0142 z kilkuminutowym op\u00f3\u017anieniem. Drobnym utrudnieniem dla pi\u0142karzy by\u0142 tak\u017ce deszcz, ale na tym ko\u0144czy\u0142y si\u0119 ma\u0142e usprawiedliwienia.<\/p>\n<p class=\"contentpart contentpart--default contentpart--text\" data-position=\"1\">W 11. minucie by\u0142a pierwsza, stuprocentowa sytuacja podbramkowa. <a href=\"https:\/\/sportowefakty.wp.pl\/pilka-nozna\/martin-minczew\" rel=\"nofollow noopener\" target=\"_blank\">Martin Minczew<\/a>\u00a0znalaz\u0142 si\u0119 w sytuacji sam na sam z bramkarzem, ale rewelacyjnie interweniowa\u0142 <a href=\"https:\/\/sportowefakty.wp.pl\/pilka-nozna\/filip-majchrowicz\" rel=\"nofollow noopener\" target=\"_blank\">Filip Majchrowicz<\/a>. <a href=\"https:\/\/sportowefakty.wp.pl\/bulgaria\" rel=\"nofollow noopener\" target=\"_blank\">Bu\u0142gar<\/a>\u00a0nie wykorzysta\u0142 podania w kontrataku <a href=\"https:\/\/sportowefakty.wp.pl\/pilka-nozna\/mateusz-klich\" rel=\"nofollow noopener\" target=\"_blank\">Mateusza Klicha<\/a>. Radomiak szybko odpowiedzia\u0142 swoim strza\u0142em celnym i <a href=\"https:\/\/sportowefakty.wp.pl\/pilka-nozna\/sebastian-madejski\" rel=\"nofollow noopener\" target=\"_blank\">Sebastian Madejski<\/a>\u00a0poradzi\u0142 sobie z kopni\u0119ciem <a href=\"https:\/\/sportowefakty.wp.pl\/pilka-nozna\/ronaldo-lumungo\" rel=\"nofollow noopener\" target=\"_blank\">Ronaldo Lumungo<\/a>.<\/p>\n<p>  <img decoding=\"async\" src=\"https:\/\/v.wpimg.pl\/X3dwLnN2d1IFFTpdYUl6R0ZNbgcnEHQREVV2TGEGbUtRT2MdOlZ2RBQUKABgQjQcDRotCStBd1IAAWMeIlM7VgwYIAorQAdEFFk_GCkQJQ\" alt=\"\" width=\"45\" height=\"58\" loading=\"lazy\"\/>  <\/p>\n<p class=\"contentpart contentpart--default contentpart--text\" data-position=\"2\">ZOBACZ WIDEO: #dziejesiewsporcie. Co za bramka. Poezja na boisku!<\/p>\n<p class=\"contentpart contentpart--default contentpart--text\" data-position=\"4\">Na pocz\u0105tku ostatniego kwadransa w pierwszej po\u0142owie dosz\u0142o do pi\u0142karskiego trz\u0119sienia ziemi, ale pozosta\u0142o po nim 0:0. To dlatego, \u017ce dwa gole zosta\u0142y anulowane. Najpierw <a href=\"https:\/\/sportowefakty.wp.pl\/pilka-nozna\/ronaldo-lumungo\" rel=\"nofollow noopener\" target=\"_blank\">Ronaldo Lumungo<\/a> zosta\u0142 zasmucony przez s\u0119dziego asystenta z powodu spalonego w kontrataku, a nast\u0119pnie gol <a href=\"https:\/\/sportowefakty.wp.pl\/pilka-nozna\/ajdin-hasic\" rel=\"nofollow noopener\" target=\"_blank\">Ajdina Hasicia<\/a> zosta\u0142 anulowany z powodu zagrania r\u0119k\u0105. Po tych gor\u0105cych sytuacjach pi\u0142karze mieli do\u015b\u0107 emocjonalnej hu\u015btawki i pierwsza po\u0142owa zako\u0144czy\u0142a si\u0119 wynikiem 0:0.<\/p>\n<p class=\"contentpart contentpart--default contentpart--text\" data-position=\"5\">Po zmianie stron bramka ju\u017c pad\u0142a i od 47. minuty Cracovia by\u0142a na prowadzeniu 1:0. Ajdin Hasi\u0107 wykona\u0142 podanie do Martina Minczewa, a reszta nale\u017ca\u0142a ju\u017c do tego drugiego. Bu\u0142gar d\u0142ugo prowadzi\u0142 pi\u0142k\u0119 przed polem karnym, a\u017c zdecydowa\u0142 si\u0119 na oddanie strza\u0142u. Dosta\u0142 za to nagrod\u0119, a w zmyleniu Filipa Majchrowicza pom\u00f3g\u0142 rykoszet od nogi <a href=\"https:\/\/sportowefakty.wp.pl\/pilka-nozna\/luquinhas\" rel=\"nofollow noopener\" target=\"_blank\">Luquinhasa<\/a>.<\/p>\n<p class=\"contentpart contentpart--default contentpart--text\" data-position=\"6\">W tym meczu zar\u00f3wno anulowane, jak i uznane gole chodzi\u0142y parami. Na dodatek trafienie na 1:1 Rafa\u0142a Wolskiego by\u0142o podobne do tego Martina Minczewa. Tak\u017ce po strzale zza pola karnego i z pomoc\u0105 rykoszetu. Radomiak pozbawi\u0142 prowadzenia Cracovi\u0119 po zaledwie o\u015bmiu minutach, a to nie by\u0142 koniec jego szturmu.<\/p>\n<p>  <img decoding=\"async\" src=\"https:\/\/v.wpimg.pl\/X3dwLnN2d1IFFTpdYUl6R0ZNbgcnEHQREVV2TGEGbUtRT2MdOlZ2RBQUKABgQjQcDRotCStBd1IAAWMeIlM7VgwYIAorQAdEFFk_GCkQJQ\" alt=\"\" width=\"45\" height=\"58\" loading=\"lazy\"\/>  <\/p>\n<p class=\"contentpart contentpart--default contentpart--text\" data-position=\"7\">Druga po\u0142owa by\u0142a atrakcyjna, skoro szybko pad\u0142y trzy gole i dosz\u0142o do zwrotu akcji. Radomiak wyszed\u0142 na 2:1 dzi\u0119ki strza\u0142owi z rzutu karnego Rafa\u0142a Wolskiego w 64. minucie. Skompletowa\u0142 on dublet uderzeniem po ziemi po zmyleniu Filipa Majchrowicza. Jedenastka zosta\u0142a przyznana gospodarzom za blokowanie r\u0119k\u0105 strza\u0142u.<\/p>\n<p class=\"contentpart contentpart--default contentpart--text\" data-position=\"8\">By\u0142o ciekawie, a w ostatnim fragmencie spotkania musia\u0142a goni\u0107 Cracovia. W ostatnim kwadransie nie grali ju\u017c liderzy obu zespo\u0142\u00f3w Rafa\u0142 Wolski oraz Mateusz Klich. Do remisu pr\u00f3bowa\u0142 doprowadzi\u0107 mi\u0119dzy innymi <a href=\"https:\/\/sportowefakty.wp.pl\/pilka-nozna\/sayfallah-ltaief\" rel=\"nofollow noopener\" target=\"_blank\">Sayfallah Ltaief<\/a>\u00a0po podaniu <a href=\"https:\/\/sportowefakty.wp.pl\/pilka-nozna\/mohamed-berte\" rel=\"nofollow noopener\" target=\"_blank\">Mohameda Berte<\/a>, ale nie pokona\u0142 Filipa Majchrowicza. Ta interwencja by\u0142a ju\u017c ostatni\u0105 trudn\u0105 i radomianie odnie\u015bli prze\u0142omowe zwyci\u0119stwo.<\/p>\n<p class=\"contentpart contentpart--default contentpart--text\" data-position=\"9\">Nast\u0119pnym przeciwnikiem Radomiaka w <a href=\"https:\/\/sportowefakty.wp.pl\/pilka-nozna\/puchar-polski\" rel=\"nofollow noopener\" target=\"_blank\">STS Pucharze Polski<\/a>\u00a0b\u0119dzie <a href=\"https:\/\/sportowefakty.wp.pl\/pilka-nozna\/korona-ii-kielce\" rel=\"nofollow noopener\" target=\"_blank\">Korona II Kielce<\/a>. Cracovia zagra w tych rozgrywkach ze <a href=\"https:\/\/sportowefakty.wp.pl\/pilka-nozna\/znicz-pruszkow\" rel=\"nofollow noopener\" target=\"_blank\">Zniczem Pruszk\u00f3w<\/a>.<\/p>\n<p class=\"contentpart contentpart--default contentpart--text\" data-position=\"10\"><a href=\"https:\/\/sportowefakty.wp.pl\/pilka-nozna\/radomiak-radom\" rel=\"nofollow noopener\" target=\"_blank\">Radomiak<\/a>\u00a0&#8211;\u00a0<a href=\"https:\/\/sportowefakty.wp.pl\/pilka-nozna\/cracovia\" rel=\"nofollow noopener\" target=\"_blank\">Cracovia<\/a>\u00a02:1 (0:0)<br \/>0:1 &#8211; Martin Minczew 47&#8242;<br \/>1:1 &#8211;\u00a0Rafa\u0142 Wolski 55&#8242;<br \/>2:1 &#8211; Rafa\u0142 Wolski (k.) 64&#8242;<\/p>\n<p>  <img decoding=\"async\" src=\"https:\/\/v.wpimg.pl\/X3dwLnN2d1IFFTpdYUl6R0ZNbgcnEHQREVV2TGEGbUtRT2MdOlZ2RBQUKABgQjQcDRotCStBd1IAAWMeIlM7VgwYIAorQAdEFFk_GCkQJQ\" alt=\"\" width=\"45\" height=\"58\" loading=\"lazy\"\/>  <\/p>\n<p class=\"contentpart contentpart--default contentpart--text\" data-position=\"11\">Sk\u0142ady:<\/p>\n<p class=\"contentpart contentpart--default contentpart--text\" data-position=\"12\">Radomiak:\u00a0Filip Majchrowicz &#8211; Zie Ouattara, Kryspin Szcze\u015bniak, Filip Koperski, Jan Grzesik &#8211; Christos Donis &#8211; Che Nunnely (59&#8242; Abdoul Tapsoba), Rafa\u0142 Wolski (73&#8242; Ibrahima Camara), Luquinhas (87&#8242; Jeremy Blasco), Ronaldo Lumungo (59&#8242; Guilherme Luiz) &#8211; Fernand Goure (59&#8242; Conrado)<\/p>\n<p class=\"contentpart contentpart--default contentpart--text\" data-position=\"13\">Cracovia:\u00a0Sebastian Madejski &#8211; Dominik Pi\u0142a (66&#8242; Dominik Baumgartner), Gustav Henriksson (66&#8242; Kahveh Zahiroleslam), Brahim Traore, Mauro Perkovi\u0107 &#8211; Amir Al-Ammari, Otar Kakabadze, Mateusz Klich (73&#8242; Mateusz Praszelik) &#8211; Ajdin Hasi\u0107, Martin Minczew (66&#8242; Sayfallah Ltaief) &#8211; Mohamed Berte (83&#8242; Dijon Kameri)<\/p>\n<p class=\"contentpart contentpart--default contentpart--text\" data-position=\"14\">\u017b\u00f3\u0142te kartki:\u00a0Al-Ammari,\u00a0Baumgartner, Kakabadze (Cracovia)<\/p>\n<p class=\"contentpart contentpart--default contentpart--text\" data-position=\"15\">S\u0119dzia: Piotr Lasyk (Bytom)<\/p>\n<p class=\"contentpart contentpart--default contentpart--text\" data-position=\"16\">Tabela <a href=\"https:\/\/sportowefakty.wp.pl\/pilka-nozna\/pko-ekstraklasa\" rel=\"nofollow noopener\" target=\"_blank\">PKO Ekstraklasy<\/a>:<\/p>\n","protected":false},"excerpt":{"rendered":"Zanim rozpocz\u0119\u0142o si\u0119 sobotnie granie w PKO Ekstraklasie, s\u0119dzia Piotr Lasyk\u00a0musia\u0142 zmierzy\u0107 si\u0119 z problemem technicznym. Zawiod\u0142o umocowanie&hellip;\n","protected":false},"author":2,"featured_media":654071,"comment_status":"","ping_status":"","sticky":false,"template":"","format":"standard","meta":{"footnotes":"","_share_on_mastodon":"0"},"categories":[24],"tags":[2398,269,1724,42,38,40,39,41,2913,2167,127,126,21245],"class_list":["post-654070","post","type-post","status-publish","format-standard","has-post-thumbnail","category-sport","tag-cracovia","tag-pilka-nozna","tag-pko-ekstraklasa","tag-pl","tag-poland","tag-polish","tag-polska","tag-polski","tag-radom","tag-radomiak-radom","tag-sport","tag-sports","tag-stadion-im-braci-czachorow-w-radomiu"],"share_on_mastodon":{"url":"https:\/\/pubeurope.com\/@pl\/117179667222334436","error":""},"_links":{"self":[{"href":"https:\/\/www.europesays.com\/pl\/wp-json\/wp\/v2\/posts\/654070","targetHints":{"allow":["GET"]}}],"collection":[{"href":"https:\/\/www.europesays.com\/pl\/wp-json\/wp\/v2\/posts"}],"about":[{"href":"https:\/\/www.europesays.com\/pl\/wp-json\/wp\/v2\/types\/post"}],"author":[{"embeddable":true,"href":"https:\/\/www.europesays.com\/pl\/wp-json\/wp\/v2\/users\/2"}],"replies":[{"embeddable":true,"href":"https:\/\/www.europesays.com\/pl\/wp-json\/wp\/v2\/comments?post=654070"}],"version-history":[{"count":0,"href":"https:\/\/www.europesays.com\/pl\/wp-json\/wp\/v2\/posts\/654070\/revisions"}],"wp:featuredmedia":[{"embeddable":true,"href":"https:\/\/www.europesays.com\/pl\/wp-json\/wp\/v2\/media\/654071"}],"wp:attachment":[{"href":"https:\/\/www.europesays.com\/pl\/wp-json\/wp\/v2\/media?parent=654070"}],"wp:term":[{"taxonomy":"category","embeddable":true,"href":"https:\/\/www.europesays.com\/pl\/wp-json\/wp\/v2\/categories?post=654070"},{"taxonomy":"post_tag","embeddable":true,"href":"https:\/\/www.europesays.com\/pl\/wp-json\/wp\/v2\/tags?post=654070"}],"curies":[{"name":"wp","href":"https:\/\/api.w.org\/{rel}","templated":true}]}}