{"id":654100,"date":"2026-08-29T16:29:23","date_gmt":"2026-08-29T16:29:23","guid":{"rendered":"https:\/\/www.europesays.com\/pl\/654100\/"},"modified":"2026-08-29T16:29:23","modified_gmt":"2026-08-29T16:29:23","slug":"parada-motocyklowa-solidarnosci-przejechala-przez-poznan-zdjecia","status":"publish","type":"post","link":"https:\/\/www.europesays.com\/pl\/654100\/","title":{"rendered":"Parada Motocyklowa Solidarno\u015bci przejecha\u0142a przez Pozna\u0144 [ZDJ\u0118CIA]"},"content":{"rendered":"<p>W Poznaniu odby\u0142a si\u0119 XVIII Parada Motocyklowa Solidarno\u015bci. W sobotnie popo\u0142udnie motocykli\u015bci wyruszyli z Parku Jana Paw\u0142a II na \u0141\u0119gach D\u0119bi\u0144skich i przejechali ulicami miasta, by zako\u0144czy\u0107 tras\u0119 w Strzeszynku.<\/p>\n<p>Parada odby\u0142a si\u0119 w zwi\u0105zku z obchodami Dnia Solidarno\u015bci i Wolno\u015bci oraz upami\u0119tni\u0142a wa\u017cne wydarzenia najnowszej historii Polski, w tym Pozna\u0144ski Czerwiec 1956, powstanie NSZZ \u201eSolidarno\u015b\u0107\u201d w 1980 roku, okres stanu wojennego oraz cz\u0119\u015bciowo wolne wybory z 4 czerwca 1989 roku.<\/p>\n<p>Jak podkre\u015bli\u0142 Jaros\u0142aw Lange, przewodnicz\u0105cy Zarz\u0105du Regionu Wielkopolska NSZZ \u201eSolidarno\u015b\u0107\u201d, tegoroczna edycja ma szczeg\u00f3lny charakter. To ju\u017c osiemnasta parada, a jednocze\u015bnie odbywa si\u0119 ona w 46. rocznic\u0119 powstania \u201eSolidarno\u015bci\u201d.<\/p>\n<p>\u2013 Chcemy poprzez parad\u0119 motocyklow\u0105 uczci\u0107 ten szczeg\u00f3lny moment z roku 1980, a przede wszystkim w takiej formule cieszy\u0107 si\u0119 wolno\u015bci\u0105, kt\u00f3r\u0105 mamy dzisiaj. Wolno\u015bci\u0105, kt\u00f3r\u0105 wywalczyli ludzie wsp\u00f3\u0142tworz\u0105cy w\u00f3wczas \u201eSolidarno\u015b\u0107\u201d \u2013 m\u00f3wi\u0142 Jaros\u0142aw Lange.<\/p>\n<p><img fetchpriority=\"high\" decoding=\"async\" width=\"1170\" height=\"694\" data-id=\"285107\" src=\"https:\/\/www.europesays.com\/pl\/wp-content\/uploads\/2026\/08\/O44A1068-1170x694.jpg\" alt=\"\" class=\"wp-image-285107\"  \/><\/p>\n<p><img loading=\"lazy\" decoding=\"async\" width=\"1170\" height=\"694\" data-id=\"285108\" src=\"https:\/\/www.europesays.com\/pl\/wp-content\/uploads\/2026\/08\/O44A1069-1170x694.jpg\" alt=\"\" class=\"wp-image-285108\"  \/><\/p>\n<p><a href=\"https:\/\/wpoznaniu.pl\/wp-content\/uploads\/2026\/08\/O44A1072.jpg\" data-lbwps-gid=\"2\" data-lbwps-width=\"1620\" data-lbwps-height=\"1080\" data-lbwps-srcsmall=\"https:\/\/wpoznaniu.pl\/wp-content\/uploads\/2026\/08\/O44A1072-1536x1024.jpg\" rel=\"nofollow noopener\" target=\"_blank\"><img loading=\"lazy\" decoding=\"async\" width=\"1170\" height=\"694\" data-id=\"285114\" src=\"https:\/\/www.europesays.com\/pl\/wp-content\/uploads\/2026\/08\/O44A1072-1170x694.jpg\" alt=\"\" class=\"wp-image-285114\"  \/><\/a><\/p>\n<p><a href=\"https:\/\/wpoznaniu.pl\/wp-content\/uploads\/2026\/08\/O44A1073-1.jpg\" data-lbwps-gid=\"2\" data-lbwps-width=\"1620\" data-lbwps-height=\"1080\" data-lbwps-srcsmall=\"https:\/\/wpoznaniu.pl\/wp-content\/uploads\/2026\/08\/O44A1073-1-1536x1024.jpg\" rel=\"nofollow noopener\" target=\"_blank\"><img loading=\"lazy\" decoding=\"async\" width=\"1170\" height=\"694\" data-id=\"285113\" src=\"https:\/\/www.europesays.com\/pl\/wp-content\/uploads\/2026\/08\/O44A1073-1-1170x694.jpg\" alt=\"\" class=\"wp-image-285113\"  \/><\/a><\/p>\n<p><a href=\"https:\/\/wpoznaniu.pl\/wp-content\/uploads\/2026\/08\/O44A1074-1.jpg\" data-lbwps-gid=\"2\" data-lbwps-width=\"1620\" data-lbwps-height=\"1080\" data-lbwps-srcsmall=\"https:\/\/wpoznaniu.pl\/wp-content\/uploads\/2026\/08\/O44A1074-1-1536x1024.jpg\" rel=\"nofollow noopener\" target=\"_blank\"><img loading=\"lazy\" decoding=\"async\" width=\"1170\" height=\"694\" data-id=\"285115\" src=\"https:\/\/www.europesays.com\/pl\/wp-content\/uploads\/2026\/08\/O44A1074-1-1170x694.jpg\" alt=\"\" class=\"wp-image-285115\"  \/><\/a><\/p>\n<p><a href=\"https:\/\/wpoznaniu.pl\/wp-content\/uploads\/2026\/08\/O44A1076.jpg\" data-lbwps-gid=\"2\" data-lbwps-width=\"1620\" data-lbwps-height=\"1080\" data-lbwps-srcsmall=\"https:\/\/wpoznaniu.pl\/wp-content\/uploads\/2026\/08\/O44A1076-1536x1024.jpg\" rel=\"nofollow noopener\" target=\"_blank\"><img loading=\"lazy\" decoding=\"async\" width=\"1170\" height=\"694\" data-id=\"285116\" src=\"https:\/\/www.europesays.com\/pl\/wp-content\/uploads\/2026\/08\/O44A1076-1170x694.jpg\" alt=\"\" class=\"wp-image-285116\"  \/><\/a><\/p>\n<p><img loading=\"lazy\" decoding=\"async\" width=\"1170\" height=\"694\" data-id=\"285106\" src=\"https:\/\/www.europesays.com\/pl\/wp-content\/uploads\/2026\/08\/O44A1080-1170x694.jpg\" alt=\"\" class=\"wp-image-285106\"  \/><\/p>\n<p><a href=\"https:\/\/wpoznaniu.pl\/wp-content\/uploads\/2026\/08\/O44A1085.jpg\" data-lbwps-gid=\"2\" data-lbwps-width=\"1620\" data-lbwps-height=\"1080\" data-lbwps-srcsmall=\"https:\/\/wpoznaniu.pl\/wp-content\/uploads\/2026\/08\/O44A1085-1536x1024.jpg\" rel=\"nofollow noopener\" target=\"_blank\"><img loading=\"lazy\" decoding=\"async\" width=\"1170\" height=\"694\" data-id=\"285112\" src=\"https:\/\/www.europesays.com\/pl\/wp-content\/uploads\/2026\/08\/O44A1085-1170x694.jpg\" alt=\"\" class=\"wp-image-285112\"  \/><\/a><\/p>\n<p><a href=\"https:\/\/wpoznaniu.pl\/wp-content\/uploads\/2026\/08\/O44A1086-1.jpg\" data-lbwps-gid=\"2\" data-lbwps-width=\"1620\" data-lbwps-height=\"1080\" data-lbwps-srcsmall=\"https:\/\/wpoznaniu.pl\/wp-content\/uploads\/2026\/08\/O44A1086-1-1536x1024.jpg\" rel=\"nofollow noopener\" target=\"_blank\"><img loading=\"lazy\" decoding=\"async\" width=\"1170\" height=\"694\" data-id=\"285111\" src=\"https:\/\/www.europesays.com\/pl\/wp-content\/uploads\/2026\/08\/O44A1086-1-1170x694.jpg\" alt=\"\" class=\"wp-image-285111\"  \/><\/a><\/p>\n<p><img loading=\"lazy\" decoding=\"async\" width=\"1170\" height=\"694\" data-id=\"285105\" src=\"https:\/\/www.europesays.com\/pl\/wp-content\/uploads\/2026\/08\/O44A1089-1170x694.jpg\" alt=\"\" class=\"wp-image-285105\"  \/><\/p>\n<p><img loading=\"lazy\" decoding=\"async\" width=\"1170\" height=\"694\" data-id=\"285109\" src=\"https:\/\/www.europesays.com\/pl\/wp-content\/uploads\/2026\/08\/O44A1090-1170x694.jpg\" alt=\"\" class=\"wp-image-285109\"  \/><\/p>\n<p><img loading=\"lazy\" decoding=\"async\" width=\"1170\" height=\"694\" data-id=\"285110\" src=\"https:\/\/www.europesays.com\/pl\/wp-content\/uploads\/2026\/08\/O44A1091-1170x694.jpg\" alt=\"\" class=\"wp-image-285110\"  \/><br \/>\nfot. M. Melanowicz<\/p>\n<p>Motocykli\u015bci wyruszyli o godz. 15 z \u0141\u0119g\u00f3w D\u0119bi\u0144skich. Kolumna przejecha\u0142a przez Pozna\u0144, a jej meta znalaz\u0142a si\u0119 w Scout Camp Pozna\u0144 w Strzeszynku. Tam zaplanowano dalsz\u0105 cz\u0119\u015b\u0107 spotkania, w tym muzyk\u0119 na \u017cywo i stref\u0119 gastronomiczn\u0105.<\/p>\n<p>W paradzie wzi\u0119\u0142o udzia\u0142 prawie 1000 motocyklist\u00f3w.<\/p>\n<p>\t\t\t\t&#13;<br \/>\n\t\t\t\t\t<img loading=\"lazy\" decoding=\"async\" data-del=\"avatar\" src=\"https:\/\/www.europesays.com\/pl\/wp-content\/uploads\/2026\/08\/1788020963_956_dfbb29bb2647cbb5007a96209d4dfbdc7339ca83972747ba4c09e5936f895ca7.png\" class=\"avatar pp-user-avatar avatar-70 photo \" height=\"70\" width=\"70\"\/>&#13;<\/p>\n<p>&#13;<br \/>\n\t\t\t\t\tErwin Nowak&#13;\n\t\t\t\t<\/p>\n","protected":false},"excerpt":{"rendered":"W Poznaniu odby\u0142a si\u0119 XVIII Parada Motocyklowa Solidarno\u015bci. W sobotnie popo\u0142udnie motocykli\u015bci wyruszyli z Parku Jana Paw\u0142a II&hellip;\n","protected":false},"author":2,"featured_media":654101,"comment_status":"","ping_status":"","sticky":false,"template":"","format":"standard","meta":{"footnotes":"","_share_on_mastodon":"0"},"categories":[51609],"tags":[127682,127683,14815,3448,61607,127684,42,38,40,39,41,1817,7870,127685],"class_list":["post-654100","post","type-post","status-publish","format-standard","has-post-thumbnail","category-poznan","tag-debinskie","tag-jaroslaw-lange","tag-motocykle","tag-nszz-solidarnosc","tag-parada-motocyklowa","tag-parada-motocyklowa-solidarnosci","tag-pl","tag-poland","tag-polish","tag-polska","tag-polski","tag-poznan","tag-solidarnosc","tag-strzeszyn"],"share_on_mastodon":{"url":"https:\/\/pubeurope.com\/@pl\/117179750124366199","error":""},"_links":{"self":[{"href":"https:\/\/www.europesays.com\/pl\/wp-json\/wp\/v2\/posts\/654100","targetHints":{"allow":["GET"]}}],"collection":[{"href":"https:\/\/www.europesays.com\/pl\/wp-json\/wp\/v2\/posts"}],"about":[{"href":"https:\/\/www.europesays.com\/pl\/wp-json\/wp\/v2\/types\/post"}],"author":[{"embeddable":true,"href":"https:\/\/www.europesays.com\/pl\/wp-json\/wp\/v2\/users\/2"}],"replies":[{"embeddable":true,"href":"https:\/\/www.europesays.com\/pl\/wp-json\/wp\/v2\/comments?post=654100"}],"version-history":[{"count":0,"href":"https:\/\/www.europesays.com\/pl\/wp-json\/wp\/v2\/posts\/654100\/revisions"}],"wp:featuredmedia":[{"embeddable":true,"href":"https:\/\/www.europesays.com\/pl\/wp-json\/wp\/v2\/media\/654101"}],"wp:attachment":[{"href":"https:\/\/www.europesays.com\/pl\/wp-json\/wp\/v2\/media?parent=654100"}],"wp:term":[{"taxonomy":"category","embeddable":true,"href":"https:\/\/www.europesays.com\/pl\/wp-json\/wp\/v2\/categories?post=654100"},{"taxonomy":"post_tag","embeddable":true,"href":"https:\/\/www.europesays.com\/pl\/wp-json\/wp\/v2\/tags?post=654100"}],"curies":[{"name":"wp","href":"https:\/\/api.w.org\/{rel}","templated":true}]}}