{"id":654144,"date":"2026-08-29T16:58:13","date_gmt":"2026-08-29T16:58:13","guid":{"rendered":"https:\/\/www.europesays.com\/pl\/654144\/"},"modified":"2026-08-29T16:58:13","modified_gmt":"2026-08-29T16:58:13","slug":"szykuje-sie-rewolucja-w-polaczeniach-kolejowych-poznan","status":"publish","type":"post","link":"https:\/\/www.europesays.com\/pl\/654144\/","title":{"rendered":"Szykuje si\u0119 rewolucja w po\u0142\u0105czeniach kolejowych Pozna\u0144"},"content":{"rendered":"<p>    Ale szybciej dojedziemy te\u017c do Bydgoszczy.<\/p>\n<p>O sprawie pisze bran\u017cowy portal rynek-kolejowy.pl. Centralna Magistrala Kolejowa P\u00f3\u0142noc, kt\u00f3ra ma przebiega\u0107 od nowego krajowego lotniska w centrum Polski przez Toru\u0144 do Tr\u00f3jmiasta, ma skr\u00f3ci\u0107 czas przejazdu z Warszawy do Gda\u0144ska do 100 minut. Ale CMK ma te\u017c znacznie skr\u00f3ci\u0107 czas przejazdu na trasie Gda\u0144sk &#8211; Pozna\u0144 i Wroc\u0142aw. <\/p>\n<p>Plany zak\u0142adaj\u0105 wybudowanie m.in. nowego odcinka trasy mi\u0119dzy Gnieznem a Bydgoszcz\u0105 przez \u017bnin. Poci\u0105gi mia\u0142yby tu uzyskiwa\u0107 pr\u0119dko\u015b\u0107 do 250 km\/h. Po wybudowaniu trasy podr\u00f3\u017c poci\u0105giem z Poznania do Bydgoszczy mia\u0142aby trwa\u0107 zaledwie 50 minut. Dzi\u015b to o 30 minut d\u0142u\u017cej. Jeszcze bardziej skr\u00f3ci si\u0119 czas przejazdu z Poznania do Gda\u0144ska. Z dzisiejszych blisko trzech godzin maj\u0105 to by\u0107 niespe\u0142na dwie godziny. Inwestycja pozwoli te\u017c na podr\u00f3\u017ce z Poznania i Wroc\u0142awia do Grudzi\u0105dza w czasie oko\u0142o 70 minut. <\/p>\n","protected":false},"excerpt":{"rendered":"Ale szybciej dojedziemy te\u017c do Bydgoszczy. O sprawie pisze bran\u017cowy portal rynek-kolejowy.pl. Centralna Magistrala Kolejowa P\u00f3\u0142noc, kt\u00f3ra ma&hellip;\n","protected":false},"author":2,"featured_media":654145,"comment_status":"","ping_status":"","sticky":false,"template":"","format":"standard","meta":{"footnotes":"","_share_on_mastodon":"0"},"categories":[51609],"tags":[1048,3511,1205,1075,42,38,40,39,41,1817],"class_list":["post-654144","post","type-post","status-publish","format-standard","has-post-thumbnail","category-poznan","tag-gdansk","tag-inwestycje","tag-kolej","tag-komunikacja","tag-pl","tag-poland","tag-polish","tag-polska","tag-polski","tag-poznan"],"share_on_mastodon":{"url":"https:\/\/pubeurope.com\/@pl\/117179862597604066","error":""},"_links":{"self":[{"href":"https:\/\/www.europesays.com\/pl\/wp-json\/wp\/v2\/posts\/654144","targetHints":{"allow":["GET"]}}],"collection":[{"href":"https:\/\/www.europesays.com\/pl\/wp-json\/wp\/v2\/posts"}],"about":[{"href":"https:\/\/www.europesays.com\/pl\/wp-json\/wp\/v2\/types\/post"}],"author":[{"embeddable":true,"href":"https:\/\/www.europesays.com\/pl\/wp-json\/wp\/v2\/users\/2"}],"replies":[{"embeddable":true,"href":"https:\/\/www.europesays.com\/pl\/wp-json\/wp\/v2\/comments?post=654144"}],"version-history":[{"count":0,"href":"https:\/\/www.europesays.com\/pl\/wp-json\/wp\/v2\/posts\/654144\/revisions"}],"wp:featuredmedia":[{"embeddable":true,"href":"https:\/\/www.europesays.com\/pl\/wp-json\/wp\/v2\/media\/654145"}],"wp:attachment":[{"href":"https:\/\/www.europesays.com\/pl\/wp-json\/wp\/v2\/media?parent=654144"}],"wp:term":[{"taxonomy":"category","embeddable":true,"href":"https:\/\/www.europesays.com\/pl\/wp-json\/wp\/v2\/categories?post=654144"},{"taxonomy":"post_tag","embeddable":true,"href":"https:\/\/www.europesays.com\/pl\/wp-json\/wp\/v2\/tags?post=654144"}],"curies":[{"name":"wp","href":"https:\/\/api.w.org\/{rel}","templated":true}]}}